{"id":21565,"date":"2025-02-24T06:12:45","date_gmt":"2025-02-24T11:12:45","guid":{"rendered":"https:\/\/www.elamazonico.com\/portal\/?p=21565"},"modified":"2025-02-24T06:12:45","modified_gmt":"2025-02-24T11:12:45","slug":"elecciones-alemania-2025-conservadores-ganan-comicios-y-ultraderecha-casi-duplica-su-voto","status":"publish","type":"post","link":"https:\/\/www.elamazonico.com\/portal\/elecciones-alemania-2025-conservadores-ganan-comicios-y-ultraderecha-casi-duplica-su-voto\/","title":{"rendered":"Elecciones Alemania 2025: conservadores ganan comicios y ultraderecha casi duplica su voto"},"content":{"rendered":"<p class=\"p_0\">El bloque conservador formado por la\u00a0<b>Uni\u00f3n Cristianodem\u00f3crata y la Uni\u00f3n Socialcristiana (CDU\/CSU)<\/b>\u00a0fue la\u00a0<u><b>fuerza m\u00e1s votada<\/b><\/u>\u00a0en las elecciones generales de este domingo en Alemania, con entre un 28,7 % y un 29 %, seguida por la ultraderecha con entre un 19,6 % y 19,8 %, con lo que\u00a0<u>casi duplic\u00f3 su voto en las urnas<\/u>\u00a0en comparaci\u00f3n con los comicios legislativos de 2021.<\/p>\n<p class=\"p_2\">Seg\u00fan las primeras proyecciones a partir de los sondeos a pie de urna publicados por las televisiones p\u00fablicas ZDF y ARD, -que apenas cambia el dato proporcionado inmediatamente tras el cierre de los colegios-, en\u00a0<b>tercer lugar llega el Partido Socialdem\u00f3crata (SPD)<\/b>\u00a0con entre un 16 % y un 16,4 %, en cuarto Los Verdes con un 12,3 % o 13,3 %, y en quinto La Izquierda con entre un 8,6 % y un 8,9 %.<\/p>\n<p class=\"p_3\">La inc\u00f3gnita se mantiene sin embargo con respecto al partido liberal FDP, que habr\u00eda obtenido entre el 4,9 % y un 5 %, y la fuerza populista de izquierdas Alianza Sahra Wagenknecht (BSW), que habr\u00eda logrado ente un 4,7 % y 5 %.<\/p>\n<div>\n<div>\n<div class=\"trv-player-container\">\n<div class=\"trv-wrapper\">\n<div id=\"br_video_player_240e481dff818f66c3d1f8f821d3965a7a4d6079\" class=\"trvd_video_player\">\n<div class=\"media-player\">\n<div class=\"trv-video\">\n<div id=\"truvid_ima_container51330\" class=\"truvid_ima_container trv-ima-container-hidden\">\n<div>Para entrar en la C\u00e1mara Baja <u><b>se requiere un 5 %<\/b><\/u>.<\/div>\n<\/div>\n<\/div>\n<\/div>\n<\/div>\n<\/div>\n<\/div>\n<\/div>\n<\/div>\n<p class=\"p_5\">Ante sus partidarios,\u00a0<b>Sahra Wagenknecht<\/b>, admiti\u00f3 ante sus simpatizantes que el partido a\u00fan debe crecer pero el hecho de que est\u00e9 donde est\u00e1 ahora ha sido gracias a \u00abuna gran campa\u00f1a electoral\u00bb.<\/p>\n<p class=\"p_6\">La ultraderechista\u00a0<u><b>Alternativa para Alemania (AFD)\u00a0<\/b><\/u>ser\u00eda por tanto la segunda fuerza pol\u00edtica en el pa\u00eds centroeuropeo y logra un resultado hist\u00f3rico en comparaci\u00f3n con el 10,4 % de los votos que obtuvo en las elecciones legislativas de 2021.<\/p>\n<p class=\"p_7\">En concreto, mejorar\u00eda su resultado entre 9,2 y 9,4 puntos.<\/p>\n<p class=\"p_8\">El<b>\u00a0SPD<\/b>\u00a0del hasa ahora canciller\u00a0<b>Olaf Scholz\u00a0<\/b>registr\u00f3 un resultado hist\u00f3ricamente malo, con una ca\u00edda de entre 9,3 y 9,7 puntos con respecto a los comicios anteriores.<\/p>\n<p class=\"p_9\">Los sondeos a pie de urna ofrecen as\u00ed pocas sorpresas, pero todo depender\u00e1 ahora si FDP y BSW entran en el &#8216;Bundestag&#8217; o C\u00e1mara Baja, pues de ello depende qu\u00e9 tipo de coalici\u00f3n podr\u00e1 formar el l\u00edder de los conservadores,\u00a0<b>Friedrich Merz<\/b>, quien ser\u00eda el pr\u00f3ximo canciller.<\/p>\n<p class=\"p_10\">Seg\u00fan el sondeo de ARD, que deja fuera a los liberales y al BSW, ser\u00eda posible una gran\u00a0<b>coalici\u00f3n entre conservadores y socialdem\u00f3cratas<\/b>, al sumar entre los dos 327 esca\u00f1os de 630 que compondr\u00e1 la C\u00e1mara Baja.<\/p>\n<h2 class=\"h2vistazo\">TRUMP REACCIONA<\/h2>\n<div class=\"paragraph texto\">\n<p class=\"p_12\">El presidente estadounidense\u00a0<b>Donald Trump<\/b>\u00a0llam\u00f3 a la victoria de los conservadores en las elecciones legislativas como\u00a0<u><b>\u00abun gran d\u00eda para Alemania y para Estados Unidos\u00bb<\/b><\/u>, comicios que estuvieron marcados por un avance importante de la extrema derecha.<\/p>\n<p class=\"p_13\"><u>\u00abAl igual que en Estados Unidos, la gente en Alemania se cans\u00f3 de la agenda sin sentido com\u00fan, especialmente en energ\u00eda e inmigraci\u00f3n, que ha permanecido por tantos a\u00f1os<\/u>\u00ab, dijo Trump en una publicaci\u00f3n escrita en may\u00fasculas en su plataforma Truth Social.\u00a0<b>\u00abEs un gran d\u00eda para Alemania\u00bb<\/b>, agreg\u00f3. <strong>Fuente: Vistazo<\/strong><\/p>\n<\/div>\n","protected":false},"excerpt":{"rendered":"<p>El bloque conservador formado por la\u00a0Uni\u00f3n Cristianodem\u00f3crata y la Uni\u00f3n Socialcristiana (CDU\/CSU)\u00a0fue la\u00a0fuerza m\u00e1s votada\u00a0en las elecciones generales de este domingo en Alemania, con entre un 28,7 % y un 29 %, seguida por la ultraderecha con entre un 19,6 % y 19,8 %, con lo que\u00a0casi duplic\u00f3 su voto en las urnas\u00a0en comparaci\u00f3n con los comicios legislativos de 2021. Seg\u00fan las primeras proyecciones a partir de los sondeos a pie de urna publicados por las televisiones p\u00fablicas ZDF y ARD, -que apenas cambia el dato proporcionado inmediatamente tras el cierre de los colegios-, en\u00a0tercer lugar llega el Partido Socialdem\u00f3crata (SPD)\u00a0con entre un 16 % y un 16,4 %, en cuarto Los Verdes con un 12,3 % o 13,3 %, y en quinto La Izquierda con entre un 8,6 % y un 8,9 %. La inc\u00f3gnita se mantiene sin embargo con respecto al partido liberal FDP, que habr\u00eda obtenido entre el 4,9 % y un 5 %, y la fuerza populista de izquierdas Alianza Sahra Wagenknecht (BSW), que habr\u00eda logrado ente un 4,7 % y 5 %. Para entrar en la C\u00e1mara Baja se requiere un 5 %. Ante sus partidarios,\u00a0Sahra Wagenknecht, admiti\u00f3 ante sus simpatizantes que el partido a\u00fan debe crecer pero el hecho de que est\u00e9 donde est\u00e1 ahora ha sido gracias a \u00abuna gran campa\u00f1a electoral\u00bb. La ultraderechista\u00a0Alternativa para Alemania (AFD)\u00a0ser\u00eda por tanto la segunda fuerza pol\u00edtica en el pa\u00eds centroeuropeo y logra un resultado hist\u00f3rico en comparaci\u00f3n con el 10,4 % de los votos que obtuvo en las elecciones legislativas de 2021. En concreto, mejorar\u00eda su resultado entre 9,2 y 9,4 puntos. El\u00a0SPD\u00a0del hasa ahora canciller\u00a0Olaf Scholz\u00a0registr\u00f3 un resultado hist\u00f3ricamente malo, con una ca\u00edda de entre 9,3 y 9,7 puntos con respecto a los comicios anteriores. Los sondeos a pie de urna ofrecen as\u00ed pocas sorpresas, pero todo depender\u00e1 ahora si FDP y BSW entran en el &#8216;Bundestag&#8217; o C\u00e1mara Baja, pues de ello depende qu\u00e9 tipo de coalici\u00f3n podr\u00e1 formar el l\u00edder de los conservadores,\u00a0Friedrich Merz, quien ser\u00eda el pr\u00f3ximo canciller. Seg\u00fan el sondeo de ARD, que deja fuera a los liberales y al BSW, ser\u00eda posible una gran\u00a0coalici\u00f3n entre conservadores y socialdem\u00f3cratas, al sumar entre los dos 327 esca\u00f1os de 630 que compondr\u00e1 la C\u00e1mara Baja. TRUMP REACCIONA El presidente estadounidense\u00a0Donald Trump\u00a0llam\u00f3 a la victoria de los conservadores en las elecciones legislativas como\u00a0\u00abun gran d\u00eda para Alemania y para Estados Unidos\u00bb, comicios que estuvieron marcados por un avance importante de la extrema derecha. \u00abAl igual que en Estados Unidos, la gente en Alemania se cans\u00f3 de la agenda sin sentido com\u00fan, especialmente en energ\u00eda e inmigraci\u00f3n, que ha permanecido por tantos a\u00f1os\u00ab, dijo Trump en una publicaci\u00f3n escrita en may\u00fasculas en su plataforma Truth Social.\u00a0\u00abEs un gran d\u00eda para Alemania\u00bb, agreg\u00f3. Fuente: Vistazo<\/p>\n","protected":false},"author":1,"featured_media":21566,"comment_status":"open","ping_status":"open","sticky":false,"template":"","format":"standard","meta":{"footnotes":""},"categories":[5],"tags":[],"class_list":["post-21565","post","type-post","status-publish","format-standard","has-post-thumbnail","hentry","category-internacionales"],"_links":{"self":[{"href":"https:\/\/www.elamazonico.com\/portal\/wp-json\/wp\/v2\/posts\/21565","targetHints":{"allow":["GET"]}}],"collection":[{"href":"https:\/\/www.elamazonico.com\/portal\/wp-json\/wp\/v2\/posts"}],"about":[{"href":"https:\/\/www.elamazonico.com\/portal\/wp-json\/wp\/v2\/types\/post"}],"author":[{"embeddable":true,"href":"https:\/\/www.elamazonico.com\/portal\/wp-json\/wp\/v2\/users\/1"}],"replies":[{"embeddable":true,"href":"https:\/\/www.elamazonico.com\/portal\/wp-json\/wp\/v2\/comments?post=21565"}],"version-history":[{"count":1,"href":"https:\/\/www.elamazonico.com\/portal\/wp-json\/wp\/v2\/posts\/21565\/revisions"}],"predecessor-version":[{"id":21567,"href":"https:\/\/www.elamazonico.com\/portal\/wp-json\/wp\/v2\/posts\/21565\/revisions\/21567"}],"wp:featuredmedia":[{"embeddable":true,"href":"https:\/\/www.elamazonico.com\/portal\/wp-json\/wp\/v2\/media\/21566"}],"wp:attachment":[{"href":"https:\/\/www.elamazonico.com\/portal\/wp-json\/wp\/v2\/media?parent=21565"}],"wp:term":[{"taxonomy":"category","embeddable":true,"href":"https:\/\/www.elamazonico.com\/portal\/wp-json\/wp\/v2\/categories?post=21565"},{"taxonomy":"post_tag","embeddable":true,"href":"https:\/\/www.elamazonico.com\/portal\/wp-json\/wp\/v2\/tags?post=21565"}],"curies":[{"name":"wp","href":"https:\/\/api.w.org\/{rel}","templated":true}]}}