{"id":21427,"date":"2025-02-10T14:03:25","date_gmt":"2025-02-10T19:03:25","guid":{"rendered":"https:\/\/www.elamazonico.com\/portal\/?p=21427"},"modified":"2025-02-10T14:03:25","modified_gmt":"2025-02-10T19:03:25","slug":"fallecimiento-del-arquero-edison-davila-en-tragico-siniestro-de-transito","status":"publish","type":"post","link":"https:\/\/www.elamazonico.com\/portal\/fallecimiento-del-arquero-edison-davila-en-tragico-siniestro-de-transito\/","title":{"rendered":"Fallecimiento del arquero Edison D\u00e1vila en tr\u00e1gico siniestro de tr\u00e1nsito"},"content":{"rendered":"<p>Con profundo pesar, se informa el fallecimiento del arquero ecuatoriano Edison D\u00e1vila, quien militaba en el Club Primero de Mayo de Yantzaza, equipo perteneciente a la Segunda Categor\u00eda del f\u00fatbol nacional. D\u00e1vila perdi\u00f3 la vida en un siniestro de tr\u00e1nsito ocurrido este domingo 9 de febrero en la v\u00eda Zamora-Yantzaza, provincia de Zamora Chinchipe.<\/p>\n<p>El deportista, adem\u00e1s de desempe\u00f1arse en el \u00e1mbito futbol\u00edstico, ejerc\u00eda la profesi\u00f3n de conductor de bus. Al momento del accidente, se encontraba al volante de un automotor perteneciente a la Cooperativa Uni\u00f3n Yantzaza, el cual colision\u00f3 frontalmente con un cami\u00f3n tipo tr\u00e1iler. Equipos de emergencia acudieron inmediatamente al lugar para brindar asistencia, sin embargo, al llegar, confirmaron el lamentable fallecimiento de D\u00e1vila. Adem\u00e1s, se reportaron tres personas heridas, quienes fueron trasladadas de urgencia al hospital m\u00e1s cercano.<\/p>\n<p>El Club Primero de Mayo de Yantzaza expres\u00f3 su pesar por la irreparable p\u00e9rdida de su arquero, destacando no solo su talento en el campo de juego, sino tambi\u00e9n su calidad humana.<\/p>\n<p>\u00abHoy nos despedimos de un amigo incre\u00edble, una persona llena de bondad, alegr\u00eda y generosidad. Su partida nos entristece profundamente, pero tambi\u00e9n nos inspira a ser mejores personas, a valorar cada momento y a amar con intensidad\u00bb, expres\u00f3 la instituci\u00f3n deportiva en un emotivo mensaje.<\/p>\n<p>Asimismo, el club extendi\u00f3 sus condolencias a los familiares del jugador, resaltando el legado de esfuerzo y compromiso que deja en la comunidad deportiva.<\/p>\n<p>\u00abEdison D\u00e1vila, tu partida deja un vac\u00edo en nuestros corazones, pero tambi\u00e9n nos llena de gratitud por haberte tenido en nuestras vidas. El Club Primero de Mayo de Yantzaza expresa su m\u00e1s sentido p\u00e9same a la familia D\u00e1vila por tan irreparable p\u00e9rdida. Descansa en paz, querido amigo, compa\u00f1ero y confidente, tu recuerdo vivir\u00e1 por siempre en nosotros\u00bb, manifest\u00f3 la instituci\u00f3n en su p\u00e1gina oficial de Facebook.<\/p>\n<p>La comunidad futbol\u00edstica y la poblaci\u00f3n en general lamentan profundamente este tr\u00e1gico suceso y se solidarizan con los seres queridos de Edison D\u00e1vila en estos momentos de dolor.<\/p>\n","protected":false},"excerpt":{"rendered":"<p>Con profundo pesar, se informa el fallecimiento del arquero ecuatoriano Edison D\u00e1vila, quien militaba en el Club Primero de Mayo de Yantzaza, equipo perteneciente a la Segunda Categor\u00eda del f\u00fatbol nacional. D\u00e1vila perdi\u00f3 la vida en un siniestro de tr\u00e1nsito ocurrido este domingo 9 de febrero en la v\u00eda Zamora-Yantzaza, provincia de Zamora Chinchipe. El deportista, adem\u00e1s de desempe\u00f1arse en el \u00e1mbito futbol\u00edstico, ejerc\u00eda la profesi\u00f3n de conductor de bus. Al momento del accidente, se encontraba al volante de un automotor perteneciente a la Cooperativa Uni\u00f3n Yantzaza, el cual colision\u00f3 frontalmente con un cami\u00f3n tipo tr\u00e1iler. Equipos de emergencia acudieron inmediatamente al lugar para brindar asistencia, sin embargo, al llegar, confirmaron el lamentable fallecimiento de D\u00e1vila. Adem\u00e1s, se reportaron tres personas heridas, quienes fueron trasladadas de urgencia al hospital m\u00e1s cercano. El Club Primero de Mayo de Yantzaza expres\u00f3 su pesar por la irreparable p\u00e9rdida de su arquero, destacando no solo su talento en el campo de juego, sino tambi\u00e9n su calidad humana. \u00abHoy nos despedimos de un amigo incre\u00edble, una persona llena de bondad, alegr\u00eda y generosidad. Su partida nos entristece profundamente, pero tambi\u00e9n nos inspira a ser mejores personas, a valorar cada momento y a amar con intensidad\u00bb, expres\u00f3 la instituci\u00f3n deportiva en un emotivo mensaje. Asimismo, el club extendi\u00f3 sus condolencias a los familiares del jugador, resaltando el legado de esfuerzo y compromiso que deja en la comunidad deportiva. \u00abEdison D\u00e1vila, tu partida deja un vac\u00edo en nuestros corazones, pero tambi\u00e9n nos llena de gratitud por haberte tenido en nuestras vidas. El Club Primero de Mayo de Yantzaza expresa su m\u00e1s sentido p\u00e9same a la familia D\u00e1vila por tan irreparable p\u00e9rdida. Descansa en paz, querido amigo, compa\u00f1ero y confidente, tu recuerdo vivir\u00e1 por siempre en nosotros\u00bb, manifest\u00f3 la instituci\u00f3n en su p\u00e1gina oficial de Facebook. La comunidad futbol\u00edstica y la poblaci\u00f3n en general lamentan profundamente este tr\u00e1gico suceso y se solidarizan con los seres queridos de Edison D\u00e1vila en estos momentos de dolor.<\/p>\n","protected":false},"author":1,"featured_media":21428,"comment_status":"open","ping_status":"open","sticky":false,"template":"","format":"standard","meta":{"footnotes":""},"categories":[243],"tags":[],"class_list":["post-21427","post","type-post","status-publish","format-standard","has-post-thumbnail","hentry","category-noticias-zamora"],"_links":{"self":[{"href":"https:\/\/www.elamazonico.com\/portal\/wp-json\/wp\/v2\/posts\/21427","targetHints":{"allow":["GET"]}}],"collection":[{"href":"https:\/\/www.elamazonico.com\/portal\/wp-json\/wp\/v2\/posts"}],"about":[{"href":"https:\/\/www.elamazonico.com\/portal\/wp-json\/wp\/v2\/types\/post"}],"author":[{"embeddable":true,"href":"https:\/\/www.elamazonico.com\/portal\/wp-json\/wp\/v2\/users\/1"}],"replies":[{"embeddable":true,"href":"https:\/\/www.elamazonico.com\/portal\/wp-json\/wp\/v2\/comments?post=21427"}],"version-history":[{"count":1,"href":"https:\/\/www.elamazonico.com\/portal\/wp-json\/wp\/v2\/posts\/21427\/revisions"}],"predecessor-version":[{"id":21429,"href":"https:\/\/www.elamazonico.com\/portal\/wp-json\/wp\/v2\/posts\/21427\/revisions\/21429"}],"wp:featuredmedia":[{"embeddable":true,"href":"https:\/\/www.elamazonico.com\/portal\/wp-json\/wp\/v2\/media\/21428"}],"wp:attachment":[{"href":"https:\/\/www.elamazonico.com\/portal\/wp-json\/wp\/v2\/media?parent=21427"}],"wp:term":[{"taxonomy":"category","embeddable":true,"href":"https:\/\/www.elamazonico.com\/portal\/wp-json\/wp\/v2\/categories?post=21427"},{"taxonomy":"post_tag","embeddable":true,"href":"https:\/\/www.elamazonico.com\/portal\/wp-json\/wp\/v2\/tags?post=21427"}],"curies":[{"name":"wp","href":"https:\/\/api.w.org\/{rel}","templated":true}]}}