{"id":21424,"date":"2025-02-10T13:51:42","date_gmt":"2025-02-10T18:51:42","guid":{"rendered":"https:\/\/www.elamazonico.com\/portal\/?p=21424"},"modified":"2025-02-10T13:51:42","modified_gmt":"2025-02-10T18:51:42","slug":"esperanza-rogel-y-hector-valladarez-son-los-asambleistas-en-zamora-chinchipe-para-la-asamblea-nacional","status":"publish","type":"post","link":"https:\/\/www.elamazonico.com\/portal\/esperanza-rogel-y-hector-valladarez-son-los-asambleistas-en-zamora-chinchipe-para-la-asamblea-nacional\/","title":{"rendered":"Esperanza Rogel y H\u00e9ctor Valladarez son los Asamble\u00edstas en Zamora Chinchipe para la Asamblea Nacional"},"content":{"rendered":"<p>Los resultados preliminares de las elecciones generales del 9 de febrero de 2025 indican que Zamora Chinchipe ha depositado su confianza en dos principales fuerzas pol\u00edticas para la representaci\u00f3n legislativa. Seg\u00fan los primeros datos del escrutinio, Esperanza Rogel, del Movimiento Acci\u00f3n Democr\u00e1tica Nacional (ADN), lista 7, y H\u00e9ctor Valladarez, del Movimiento Revoluci\u00f3n Ciudadana (RC), lista 5, so los virtuales ganadores de las curules provinciales en la Asamblea Nacional.<\/p>\n<p>Rogel ha consolidado su candidatura respald\u00e1ndose en la gesti\u00f3n del gobierno nacional y en la imagen del presidente Daniel Noboa, alineando su discurso con las directrices del actual aparato gubernamental. Su propuesta ha enfatizado la necesidad de fortalecer la inversi\u00f3n en la provincia, con un enfoque en infraestructura de educaci\u00f3n, desarrollo productivo y mejora de los servicios p\u00fablicos.<\/p>\n<p>Por su parte, Valladarez, quien postul\u00f3 por la reelecci\u00f3n con el Movimiento Revoluci\u00f3n Ciudadana, ha centrado su campa\u00f1a en la continuidad de su gesti\u00f3n legislativa, con propuestas orientadas a garantizar el desarrollo sostenible de la provincia. Su discurso ha estado marcado por la defensa de pol\u00edticas inclusivas y el impulso de programas que beneficien a los sectores m\u00e1s vulnerables de la sociedad.<\/p>\n<p>Una vez que el CNE oficialice los resultados, Rogel y Valladarez asumir\u00e1n la responsabilidad de representar a Zamora Chinchipe en el Legislativo. Entre los principales retos que enfrentar\u00e1n destacan la gesti\u00f3n de recursos para la provincia, la defensa de los derechos de los pueblos ind\u00edgenas y la promoci\u00f3n de iniciativas que fomenten el desarrollo econ\u00f3mico y social del territorio.<\/p>\n","protected":false},"excerpt":{"rendered":"<p>Los resultados preliminares de las elecciones generales del 9 de febrero de 2025 indican que Zamora Chinchipe ha depositado su confianza en dos principales fuerzas pol\u00edticas para la representaci\u00f3n legislativa. Seg\u00fan los primeros datos del escrutinio, Esperanza Rogel, del Movimiento Acci\u00f3n Democr\u00e1tica Nacional (ADN), lista 7, y H\u00e9ctor Valladarez, del Movimiento Revoluci\u00f3n Ciudadana (RC), lista 5, so los virtuales ganadores de las curules provinciales en la Asamblea Nacional. Rogel ha consolidado su candidatura respald\u00e1ndose en la gesti\u00f3n del gobierno nacional y en la imagen del presidente Daniel Noboa, alineando su discurso con las directrices del actual aparato gubernamental. Su propuesta ha enfatizado la necesidad de fortalecer la inversi\u00f3n en la provincia, con un enfoque en infraestructura de educaci\u00f3n, desarrollo productivo y mejora de los servicios p\u00fablicos. Por su parte, Valladarez, quien postul\u00f3 por la reelecci\u00f3n con el Movimiento Revoluci\u00f3n Ciudadana, ha centrado su campa\u00f1a en la continuidad de su gesti\u00f3n legislativa, con propuestas orientadas a garantizar el desarrollo sostenible de la provincia. Su discurso ha estado marcado por la defensa de pol\u00edticas inclusivas y el impulso de programas que beneficien a los sectores m\u00e1s vulnerables de la sociedad. Una vez que el CNE oficialice los resultados, Rogel y Valladarez asumir\u00e1n la responsabilidad de representar a Zamora Chinchipe en el Legislativo. Entre los principales retos que enfrentar\u00e1n destacan la gesti\u00f3n de recursos para la provincia, la defensa de los derechos de los pueblos ind\u00edgenas y la promoci\u00f3n de iniciativas que fomenten el desarrollo econ\u00f3mico y social del territorio.<\/p>\n","protected":false},"author":1,"featured_media":21425,"comment_status":"open","ping_status":"open","sticky":false,"template":"","format":"standard","meta":{"footnotes":""},"categories":[243],"tags":[],"class_list":["post-21424","post","type-post","status-publish","format-standard","has-post-thumbnail","hentry","category-noticias-zamora"],"_links":{"self":[{"href":"https:\/\/www.elamazonico.com\/portal\/wp-json\/wp\/v2\/posts\/21424","targetHints":{"allow":["GET"]}}],"collection":[{"href":"https:\/\/www.elamazonico.com\/portal\/wp-json\/wp\/v2\/posts"}],"about":[{"href":"https:\/\/www.elamazonico.com\/portal\/wp-json\/wp\/v2\/types\/post"}],"author":[{"embeddable":true,"href":"https:\/\/www.elamazonico.com\/portal\/wp-json\/wp\/v2\/users\/1"}],"replies":[{"embeddable":true,"href":"https:\/\/www.elamazonico.com\/portal\/wp-json\/wp\/v2\/comments?post=21424"}],"version-history":[{"count":1,"href":"https:\/\/www.elamazonico.com\/portal\/wp-json\/wp\/v2\/posts\/21424\/revisions"}],"predecessor-version":[{"id":21426,"href":"https:\/\/www.elamazonico.com\/portal\/wp-json\/wp\/v2\/posts\/21424\/revisions\/21426"}],"wp:featuredmedia":[{"embeddable":true,"href":"https:\/\/www.elamazonico.com\/portal\/wp-json\/wp\/v2\/media\/21425"}],"wp:attachment":[{"href":"https:\/\/www.elamazonico.com\/portal\/wp-json\/wp\/v2\/media?parent=21424"}],"wp:term":[{"taxonomy":"category","embeddable":true,"href":"https:\/\/www.elamazonico.com\/portal\/wp-json\/wp\/v2\/categories?post=21424"},{"taxonomy":"post_tag","embeddable":true,"href":"https:\/\/www.elamazonico.com\/portal\/wp-json\/wp\/v2\/tags?post=21424"}],"curies":[{"name":"wp","href":"https:\/\/api.w.org\/{rel}","templated":true}]}}