{"id":21403,"date":"2025-02-05T09:27:43","date_gmt":"2025-02-05T14:27:43","guid":{"rendered":"https:\/\/www.elamazonico.com\/portal\/?p=21403"},"modified":"2025-02-05T09:27:43","modified_gmt":"2025-02-05T14:27:43","slug":"inicio-de-construccion-de-cancha-de-uso-multiple-en-la-comunidad-chichis","status":"publish","type":"post","link":"https:\/\/www.elamazonico.com\/portal\/inicio-de-construccion-de-cancha-de-uso-multiple-en-la-comunidad-chichis\/","title":{"rendered":"Inicio de construcci\u00f3n de cancha de uso m\u00faltiple en la comunidad Chichis"},"content":{"rendered":"<p>Como parte del compromiso de fortalecer la infraestructura comunitaria en Zamora Chinchipe, inici\u00f3 la construcci\u00f3n de una <strong>cancha de uso m\u00faltiple con cubierta<\/strong> en la comunidad Chichis, perteneciente a la parroquia Bellavista del cant\u00f3n Paquisha. Este proyecto es resultado de un <strong>convenio tripartito<\/strong> entre la <strong>Prefectura de Zamora Chinchipe, la Alcald\u00eda de Paquisha y el GAD Parroquial de Bellavista<\/strong>, con una inversi\u00f3n de <strong>USD 103.731,25<\/strong> por parte del Gobierno Provincial.<\/p>\n<p>La cancha contar\u00e1 con dimensiones de <strong>30,40 m de largo por 18,20 m de ancho<\/strong>, mientras que la cubierta tendr\u00e1 una extensi\u00f3n de <strong>32,40 m de largo por 20,50 m de ancho<\/strong>, con una altura de <strong>9,54 m<\/strong>. Adem\u00e1s, el espacio incluir\u00e1 <strong>grader\u00edos laterales e iluminaci\u00f3n adecuada<\/strong> para garantizar su \u00f3ptimo uso.<\/p>\n<p>El proyecto se ejecutar\u00e1 mediante contrataci\u00f3n p\u00fablica y tendr\u00e1 un <strong>plazo de 120 d\u00edas<\/strong>. Esta nueva infraestructura <strong>beneficiar\u00e1 a la comunidad<\/strong> al brindar un espacio adecuado para el <strong>desarrollo intercultural, deportivo y productivo<\/strong> de sus habitantes.<\/p>\n<p>Durante el acto de inicio de obra, <strong>Marta Ujukam, presidenta de la comunidad Chichis<\/strong>, destac\u00f3 la importancia de esta gesti\u00f3n y la unidad entre las autoridades:<br \/>\n<em>\u00abGracias a la Prefecta por su constante apoyo a esta comunidad. Este proyecto es el reflejo de nuestro compromiso con Chichis y nuestras futuras generaciones, un lugar de encuentro para nuestra cultura, deporte y trabajo.\u00bb<\/em><\/p>\n<p>Por su parte, <strong>Pa\u00fal Rodr\u00edguez, alcalde de Paquisha<\/strong>, reiter\u00f3 su compromiso de seguir impulsando proyectos en beneficio de la comunidad:<br \/>\n<em>\u00abLas necesidades son bastantes, pero sigamos trabajando juntos y con \u00f1eque.\u00bb<\/em><\/p>\n<p>Finalmente, la <strong>Prefecta de Zamora Chinchipe<\/strong> resalt\u00f3 que, adem\u00e1s de estas obras de infraestructura, <strong>los programas productivos y sociales contin\u00faan llegando a cada comunidad<\/strong>, promoviendo el desarrollo integral de la provincia.<\/p>\n","protected":false},"excerpt":{"rendered":"<p>Como parte del compromiso de fortalecer la infraestructura comunitaria en Zamora Chinchipe, inici\u00f3 la construcci\u00f3n de una cancha de uso m\u00faltiple con cubierta en la comunidad Chichis, perteneciente a la parroquia Bellavista del cant\u00f3n Paquisha. Este proyecto es resultado de un convenio tripartito entre la Prefectura de Zamora Chinchipe, la Alcald\u00eda de Paquisha y el GAD Parroquial de Bellavista, con una inversi\u00f3n de USD 103.731,25 por parte del Gobierno Provincial. La cancha contar\u00e1 con dimensiones de 30,40 m de largo por 18,20 m de ancho, mientras que la cubierta tendr\u00e1 una extensi\u00f3n de 32,40 m de largo por 20,50 m de ancho, con una altura de 9,54 m. Adem\u00e1s, el espacio incluir\u00e1 grader\u00edos laterales e iluminaci\u00f3n adecuada para garantizar su \u00f3ptimo uso. El proyecto se ejecutar\u00e1 mediante contrataci\u00f3n p\u00fablica y tendr\u00e1 un plazo de 120 d\u00edas. Esta nueva infraestructura beneficiar\u00e1 a la comunidad al brindar un espacio adecuado para el desarrollo intercultural, deportivo y productivo de sus habitantes. Durante el acto de inicio de obra, Marta Ujukam, presidenta de la comunidad Chichis, destac\u00f3 la importancia de esta gesti\u00f3n y la unidad entre las autoridades: \u00abGracias a la Prefecta por su constante apoyo a esta comunidad. Este proyecto es el reflejo de nuestro compromiso con Chichis y nuestras futuras generaciones, un lugar de encuentro para nuestra cultura, deporte y trabajo.\u00bb Por su parte, Pa\u00fal Rodr\u00edguez, alcalde de Paquisha, reiter\u00f3 su compromiso de seguir impulsando proyectos en beneficio de la comunidad: \u00abLas necesidades son bastantes, pero sigamos trabajando juntos y con \u00f1eque.\u00bb Finalmente, la Prefecta de Zamora Chinchipe resalt\u00f3 que, adem\u00e1s de estas obras de infraestructura, los programas productivos y sociales contin\u00faan llegando a cada comunidad, promoviendo el desarrollo integral de la provincia.<\/p>\n","protected":false},"author":1,"featured_media":21404,"comment_status":"open","ping_status":"open","sticky":false,"template":"","format":"standard","meta":{"footnotes":""},"categories":[243],"tags":[],"class_list":["post-21403","post","type-post","status-publish","format-standard","has-post-thumbnail","hentry","category-noticias-zamora"],"_links":{"self":[{"href":"https:\/\/www.elamazonico.com\/portal\/wp-json\/wp\/v2\/posts\/21403","targetHints":{"allow":["GET"]}}],"collection":[{"href":"https:\/\/www.elamazonico.com\/portal\/wp-json\/wp\/v2\/posts"}],"about":[{"href":"https:\/\/www.elamazonico.com\/portal\/wp-json\/wp\/v2\/types\/post"}],"author":[{"embeddable":true,"href":"https:\/\/www.elamazonico.com\/portal\/wp-json\/wp\/v2\/users\/1"}],"replies":[{"embeddable":true,"href":"https:\/\/www.elamazonico.com\/portal\/wp-json\/wp\/v2\/comments?post=21403"}],"version-history":[{"count":1,"href":"https:\/\/www.elamazonico.com\/portal\/wp-json\/wp\/v2\/posts\/21403\/revisions"}],"predecessor-version":[{"id":21405,"href":"https:\/\/www.elamazonico.com\/portal\/wp-json\/wp\/v2\/posts\/21403\/revisions\/21405"}],"wp:featuredmedia":[{"embeddable":true,"href":"https:\/\/www.elamazonico.com\/portal\/wp-json\/wp\/v2\/media\/21404"}],"wp:attachment":[{"href":"https:\/\/www.elamazonico.com\/portal\/wp-json\/wp\/v2\/media?parent=21403"}],"wp:term":[{"taxonomy":"category","embeddable":true,"href":"https:\/\/www.elamazonico.com\/portal\/wp-json\/wp\/v2\/categories?post=21403"},{"taxonomy":"post_tag","embeddable":true,"href":"https:\/\/www.elamazonico.com\/portal\/wp-json\/wp\/v2\/tags?post=21403"}],"curies":[{"name":"wp","href":"https:\/\/api.w.org\/{rel}","templated":true}]}}