{"id":21350,"date":"2025-01-30T15:45:20","date_gmt":"2025-01-30T20:45:20","guid":{"rendered":"https:\/\/www.elamazonico.com\/portal\/?p=21350"},"modified":"2025-01-30T15:45:20","modified_gmt":"2025-01-30T20:45:20","slug":"adn-insiste-en-reconocer-a-edmundo-gonzalez-como-presidente-de-venezuela","status":"publish","type":"post","link":"https:\/\/www.elamazonico.com\/portal\/adn-insiste-en-reconocer-a-edmundo-gonzalez-como-presidente-de-venezuela\/","title":{"rendered":"ADN insiste en reconocer a Edmundo Gonz\u00e1lez como presidente de Venezuela"},"content":{"rendered":"<p>Este mi\u00e9rcoles 29 de enero, la presidenta encargada de la Asamblea Nacional, Esther Cuesta decidi\u00f3 suspender las sesiones del pleno previstas para hoy, por motivos de salud.<\/p>\n<p>La bancada legislativa,\u00a0<strong>Acci\u00f3n Democr\u00e1tica (ADN),\u00a0<\/strong>solicit\u00f3 un cambio en el orden del d\u00eda para aprobar una resoluci\u00f3n que permitir\u00eda reconocer a Edmundo Gonz\u00e1lez como leg\u00edtimo presidente de Venezuela.<\/p>\n<p>Mediante un comunicado emitido por la secretar\u00eda general de la Asamblea se inform\u00f3 que de forma oportuna, se informar\u00e1 acerca de la nueva fecha de convocatoria de ambas sesiones.<\/p>\n<p>Sin embargo, la bancada oficialista cuestion\u00f3 la decisi\u00f3n de la legisladora Cuesta y dijo que \u201cnuevamente, dejan en evidencia quienes est\u00e1n del lado de la dictadura de Maduro, que ha provocado una grave crisis humanitaria, miles de muertes y tanto dolor\u201d.<\/p>\n<p>Adem\u00e1s informaron que insistir\u00e1n en todas las sesiones del Pleno para que se abra la votaci\u00f3n de su pedido y que se pueda reconocer a Edmundo Gonz\u00e1lez como leg\u00edtimo presidente de Venezuela.<\/p>\n<p>\u201cHacemos un llamado a los dem\u00e1s partidos pol\u00edticos, para no permitir este tipo de atropellos. La Asamblea Nacional debe defender la democracia y la justicia; y no ser indiferente ante la opresi\u00f3n y la violencia que vive Venezuela,\u201d cit\u00f3 el comunicado.<\/p>\n<p>Fuente: Ecuador Envivo<\/p>\n","protected":false},"excerpt":{"rendered":"<p>Este mi\u00e9rcoles 29 de enero, la presidenta encargada de la Asamblea Nacional, Esther Cuesta decidi\u00f3 suspender las sesiones del pleno previstas para hoy, por motivos de salud. La bancada legislativa,\u00a0Acci\u00f3n Democr\u00e1tica (ADN),\u00a0solicit\u00f3 un cambio en el orden del d\u00eda para aprobar una resoluci\u00f3n que permitir\u00eda reconocer a Edmundo Gonz\u00e1lez como leg\u00edtimo presidente de Venezuela. Mediante un comunicado emitido por la secretar\u00eda general de la Asamblea se inform\u00f3 que de forma oportuna, se informar\u00e1 acerca de la nueva fecha de convocatoria de ambas sesiones. Sin embargo, la bancada oficialista cuestion\u00f3 la decisi\u00f3n de la legisladora Cuesta y dijo que \u201cnuevamente, dejan en evidencia quienes est\u00e1n del lado de la dictadura de Maduro, que ha provocado una grave crisis humanitaria, miles de muertes y tanto dolor\u201d. Adem\u00e1s informaron que insistir\u00e1n en todas las sesiones del Pleno para que se abra la votaci\u00f3n de su pedido y que se pueda reconocer a Edmundo Gonz\u00e1lez como leg\u00edtimo presidente de Venezuela. \u201cHacemos un llamado a los dem\u00e1s partidos pol\u00edticos, para no permitir este tipo de atropellos. La Asamblea Nacional debe defender la democracia y la justicia; y no ser indiferente ante la opresi\u00f3n y la violencia que vive Venezuela,\u201d cit\u00f3 el comunicado. Fuente: Ecuador Envivo<\/p>\n","protected":false},"author":1,"featured_media":21351,"comment_status":"open","ping_status":"open","sticky":false,"template":"","format":"standard","meta":{"footnotes":""},"categories":[5],"tags":[],"class_list":["post-21350","post","type-post","status-publish","format-standard","has-post-thumbnail","hentry","category-internacionales"],"_links":{"self":[{"href":"https:\/\/www.elamazonico.com\/portal\/wp-json\/wp\/v2\/posts\/21350","targetHints":{"allow":["GET"]}}],"collection":[{"href":"https:\/\/www.elamazonico.com\/portal\/wp-json\/wp\/v2\/posts"}],"about":[{"href":"https:\/\/www.elamazonico.com\/portal\/wp-json\/wp\/v2\/types\/post"}],"author":[{"embeddable":true,"href":"https:\/\/www.elamazonico.com\/portal\/wp-json\/wp\/v2\/users\/1"}],"replies":[{"embeddable":true,"href":"https:\/\/www.elamazonico.com\/portal\/wp-json\/wp\/v2\/comments?post=21350"}],"version-history":[{"count":1,"href":"https:\/\/www.elamazonico.com\/portal\/wp-json\/wp\/v2\/posts\/21350\/revisions"}],"predecessor-version":[{"id":21352,"href":"https:\/\/www.elamazonico.com\/portal\/wp-json\/wp\/v2\/posts\/21350\/revisions\/21352"}],"wp:featuredmedia":[{"embeddable":true,"href":"https:\/\/www.elamazonico.com\/portal\/wp-json\/wp\/v2\/media\/21351"}],"wp:attachment":[{"href":"https:\/\/www.elamazonico.com\/portal\/wp-json\/wp\/v2\/media?parent=21350"}],"wp:term":[{"taxonomy":"category","embeddable":true,"href":"https:\/\/www.elamazonico.com\/portal\/wp-json\/wp\/v2\/categories?post=21350"},{"taxonomy":"post_tag","embeddable":true,"href":"https:\/\/www.elamazonico.com\/portal\/wp-json\/wp\/v2\/tags?post=21350"}],"curies":[{"name":"wp","href":"https:\/\/api.w.org\/{rel}","templated":true}]}}