{"id":2135,"date":"2021-12-28T06:18:37","date_gmt":"2021-12-28T11:18:37","guid":{"rendered":"https:\/\/www.elamazonico.com\/portal\/?p=2135"},"modified":"2021-12-28T06:18:45","modified_gmt":"2021-12-28T11:18:45","slug":"anuncian-juicio-politico-contra-vocales-de-la-judicatura","status":"publish","type":"post","link":"https:\/\/www.elamazonico.com\/portal\/anuncian-juicio-politico-contra-vocales-de-la-judicatura\/","title":{"rendered":"Anuncian juicio pol\u00edtico contra vocales de la Judicatura"},"content":{"rendered":"\n<p>l asamble\u00edsta Ricardo Vanegas anunci\u00f3 que presentar\u00e1 la solicitud de juicio pol\u00edtico en contra de los vocales del Consejo de la Judicatura, luego de que la Corte Constitucional declar\u00f3 la inconstitucionalidad de la evaluaci\u00f3n realizada a los jueces de la Corte Nacional de Justicia, en 2019.<\/p>\n\n\n\n<p>En 2019, 23 de 36 jueces fueran removidos de la Corte Nacional, tras una evaluaci\u00f3n que realiz\u00f3 la Judicatura durante nueve meses. En su momento, el organismo judicial asegur\u00f3 que la evaluaci\u00f3n era t\u00e9cnica y que no se trat\u00f3 de un tema pol\u00edtico.<\/p>\n\n\n\n<p>Ahora, a Corte declar\u00f3 la inconstitucionalidad por el fondo de la resoluci\u00f3n que dio paso a esta evaluaci\u00f3n, la 10-2019, as\u00ed como el tercer inciso del art\u00edculo 10 de la resoluci\u00f3n No. 35-2019 por ser contraria al principio de legalidad.<\/p>\n\n\n\n<p>El legislador de Pachakutik, Ricardo Vanegas, anunci\u00f3 que impulsar\u00e1 un proceso de fiscalizaci\u00f3n a este caso en contra de los vocales de la Judicatura. En la sentencia de la Corte, se establece que no pueden retornar a sus cargos los jueces cesados, pero s\u00ed deber\u00e1n recibir una reparaci\u00f3n econ\u00f3mica.<\/p>\n\n\n\n<p>El asamble\u00edsta tambi\u00e9n inform\u00f3 que presentar\u00e1 otro juicio pol\u00edtico en contra del contralor subrogante, Carlos Riofr\u00edo, por haber dictado antes de tiempo que no hab\u00eda ninguna irregularidad en el caso Pandora Papers. Pese a que a\u00fan falta otro examen especial sobre el patrimonio del Presidente Guillermo Lasso, la Contralor\u00eda dijo que el Mandatario no incurri\u00f3 en la prohibici\u00f3n de tener bienes o capitales en para\u00edsos fiscales al momento de presentar su candidatura.<\/p>\n\n\n\n<p>El resultado de esta investigaci\u00f3n fue anunciado el mismo d\u00eda que la Asamblea Nacional debatir\u00eda el informe sobre este caso, elaborado por la Comisi\u00f3n de Garant\u00edas Constitucionales.<\/p>\n","protected":false},"excerpt":{"rendered":"<p>l asamble\u00edsta Ricardo Vanegas anunci\u00f3 que presentar\u00e1 la solicitud de juicio pol\u00edtico en contra de los vocales del Consejo de la Judicatura, luego de que la Corte Constitucional declar\u00f3 la inconstitucionalidad de la evaluaci\u00f3n realizada a los jueces de la Corte Nacional de Justicia, en 2019. En 2019, 23 de 36 jueces fueran removidos de la Corte Nacional, tras una evaluaci\u00f3n que realiz\u00f3 la Judicatura durante nueve meses. En su momento, el organismo judicial asegur\u00f3 que la evaluaci\u00f3n era t\u00e9cnica y que no se trat\u00f3 de un tema pol\u00edtico. Ahora, a Corte declar\u00f3 la inconstitucionalidad por el fondo de la resoluci\u00f3n que dio paso a esta evaluaci\u00f3n, la 10-2019, as\u00ed como el tercer inciso del art\u00edculo 10 de la resoluci\u00f3n No. 35-2019 por ser contraria al principio de legalidad. El legislador de Pachakutik, Ricardo Vanegas, anunci\u00f3 que impulsar\u00e1 un proceso de fiscalizaci\u00f3n a este caso en contra de los vocales de la Judicatura. En la sentencia de la Corte, se establece que no pueden retornar a sus cargos los jueces cesados, pero s\u00ed deber\u00e1n recibir una reparaci\u00f3n econ\u00f3mica. El asamble\u00edsta tambi\u00e9n inform\u00f3 que presentar\u00e1 otro juicio pol\u00edtico en contra del contralor subrogante, Carlos Riofr\u00edo, por haber dictado antes de tiempo que no hab\u00eda ninguna irregularidad en el caso Pandora Papers. Pese a que a\u00fan falta otro examen especial sobre el patrimonio del Presidente Guillermo Lasso, la Contralor\u00eda dijo que el Mandatario no incurri\u00f3 en la prohibici\u00f3n de tener bienes o capitales en para\u00edsos fiscales al momento de presentar su candidatura. El resultado de esta investigaci\u00f3n fue anunciado el mismo d\u00eda que la Asamblea Nacional debatir\u00eda el informe sobre este caso, elaborado por la Comisi\u00f3n de Garant\u00edas Constitucionales.<\/p>\n","protected":false},"author":1,"featured_media":2136,"comment_status":"open","ping_status":"open","sticky":false,"template":"","format":"standard","meta":{"footnotes":""},"categories":[268],"tags":[],"class_list":["post-2135","post","type-post","status-publish","format-standard","has-post-thumbnail","hentry","category-nacionales"],"_links":{"self":[{"href":"https:\/\/www.elamazonico.com\/portal\/wp-json\/wp\/v2\/posts\/2135","targetHints":{"allow":["GET"]}}],"collection":[{"href":"https:\/\/www.elamazonico.com\/portal\/wp-json\/wp\/v2\/posts"}],"about":[{"href":"https:\/\/www.elamazonico.com\/portal\/wp-json\/wp\/v2\/types\/post"}],"author":[{"embeddable":true,"href":"https:\/\/www.elamazonico.com\/portal\/wp-json\/wp\/v2\/users\/1"}],"replies":[{"embeddable":true,"href":"https:\/\/www.elamazonico.com\/portal\/wp-json\/wp\/v2\/comments?post=2135"}],"version-history":[{"count":1,"href":"https:\/\/www.elamazonico.com\/portal\/wp-json\/wp\/v2\/posts\/2135\/revisions"}],"predecessor-version":[{"id":2137,"href":"https:\/\/www.elamazonico.com\/portal\/wp-json\/wp\/v2\/posts\/2135\/revisions\/2137"}],"wp:featuredmedia":[{"embeddable":true,"href":"https:\/\/www.elamazonico.com\/portal\/wp-json\/wp\/v2\/media\/2136"}],"wp:attachment":[{"href":"https:\/\/www.elamazonico.com\/portal\/wp-json\/wp\/v2\/media?parent=2135"}],"wp:term":[{"taxonomy":"category","embeddable":true,"href":"https:\/\/www.elamazonico.com\/portal\/wp-json\/wp\/v2\/categories?post=2135"},{"taxonomy":"post_tag","embeddable":true,"href":"https:\/\/www.elamazonico.com\/portal\/wp-json\/wp\/v2\/tags?post=2135"}],"curies":[{"name":"wp","href":"https:\/\/api.w.org\/{rel}","templated":true}]}}