{"id":2132,"date":"2021-12-28T06:15:25","date_gmt":"2021-12-28T11:15:25","guid":{"rendered":"https:\/\/www.elamazonico.com\/portal\/?p=2132"},"modified":"2021-12-28T06:15:30","modified_gmt":"2021-12-28T11:15:30","slug":"gobierno-se-plantea-a-enero-del-2022-como-la-nueva-fecha-para-inmunidad-colectiva-anti-covid-19","status":"publish","type":"post","link":"https:\/\/www.elamazonico.com\/portal\/gobierno-se-plantea-a-enero-del-2022-como-la-nueva-fecha-para-inmunidad-colectiva-anti-covid-19\/","title":{"rendered":"Gobierno se plantea a enero del 2022 como la nueva fecha para inmunidad colectiva anti-COVID-19"},"content":{"rendered":"\n<p><strong>No ser\u00eda posible<\/strong>&nbsp;alcanzar la denominada&nbsp;<strong>inmunidad<\/strong>&nbsp;colectiva&nbsp;<strong>hasta que finalice el 2021<\/strong>&nbsp;por lo que el Gobierno se plantea una&nbsp;<strong>nueva fecha.<\/strong><\/p>\n\n\n\n<p>Seg\u00fan el r\u00e9gimen, para llegar a esa meta, hay que vacunar\u00a0<strong>contra el COVID-19 a 13\u00b4682.046 personas o un 85%\u00a0<\/strong>de la poblaci\u00f3n vacunable, es decir, aquella mayor a 5 a\u00f1os.<\/p>\n\n\n\n<p>La&nbsp;<strong>poblaci\u00f3n objetivo<\/strong>&nbsp;de 5 a\u00f1os en adelante es de 16\u00b4096.525.<\/p>\n\n\n\n<p>De acuerdo al vacun\u00f3metro, una herramienta del\u00a0<strong>Ministerio de Salud P\u00fablica (MSP)<\/strong>\u00a0para dar a conocer sobre el avance del plan de inmunizaci\u00f3n, un<strong>\u00a085.01%<\/strong>\u00a0de la poblaci\u00f3n ha recibido una dosis (13\u00b4683.382 personas) y un 77.83% (12\u00b4528.430) las\u00a0<strong>dos dosis.<\/strong><\/p>\n\n\n\n<p>\u201cTeniendo una visi\u00f3n un poco m\u00e1s realista ahora en estas \u00faltimas semanas, no por falta de vacunas, no por falta de centros de vacunaci\u00f3n, no por falta de comunicaci\u00f3n sino un poco&nbsp;<strong>por falta de voluntad de las personas<\/strong>, (&#8230;) ha sido un reto en todos los pa\u00edses poder llegar a estos sectores m\u00e1s j\u00f3venes\u201d, dijo en una entrevista con este Diario,&nbsp;<strong>la ministra de Salud, Ximena Garz\u00f3n.<\/strong><\/p>\n\n\n\n<p>Coment\u00f3 que tras un an\u00e1lisis de los&nbsp;<strong>estratos de edad<\/strong>&nbsp;que&nbsp;<strong>menos cobertura<\/strong>&nbsp;tienen son los ni\u00f1os entre 5 y 17 a\u00f1os. Adem\u00e1s ha mejorado la cobertura entre las personas entre 18 y 24 a\u00f1os.<\/p>\n\n\n\n<p>Estim\u00f3 que hasta finales de esta semana se alcanzar\u00e1 entre un<strong>&nbsp;82 a 83% con dos dosis<\/strong>&nbsp;y no al 85%.<\/p>\n\n\n\n<p>Para Garz\u00f3n,\u00a0<strong>hasta mediados de enero del 2022<\/strong>, se llegar\u00eda al<strong>\u00a085%<\/strong>\u00a0pero agreg\u00f3 que depender\u00e1 de la colaboraci\u00f3n ciudadana.<\/p>\n\n\n\n<p>Indic\u00f3 adem\u00e1s que se analiza,&nbsp;<strong>a inicios de febrero del pr\u00f3ximo a\u00f1o,<\/strong>&nbsp;empezar a vacunar a&nbsp;<strong>ni\u00f1os desde los tres a\u00f1os<\/strong>. En Ecuador desde octubre pasado ya se inmuniza a ni\u00f1os desde los 5 a\u00f1os.<\/p>\n\n\n\n<p>Para ello se usar\u00edan&nbsp;<strong>varias estrategias<\/strong>&nbsp;como centros de vacunaci\u00f3n en centros de salud, mingas de vacunaci\u00f3n, apoyo empresarial, brigadas m\u00f3viles que ir\u00edan a guarder\u00edas grandes o centros cercanos.<\/p>\n","protected":false},"excerpt":{"rendered":"<p>No ser\u00eda posible&nbsp;alcanzar la denominada&nbsp;inmunidad&nbsp;colectiva&nbsp;hasta que finalice el 2021&nbsp;por lo que el Gobierno se plantea una&nbsp;nueva fecha. Seg\u00fan el r\u00e9gimen, para llegar a esa meta, hay que vacunar\u00a0contra el COVID-19 a 13\u00b4682.046 personas o un 85%\u00a0de la poblaci\u00f3n vacunable, es decir, aquella mayor a 5 a\u00f1os. La&nbsp;poblaci\u00f3n objetivo&nbsp;de 5 a\u00f1os en adelante es de 16\u00b4096.525. De acuerdo al vacun\u00f3metro, una herramienta del\u00a0Ministerio de Salud P\u00fablica (MSP)\u00a0para dar a conocer sobre el avance del plan de inmunizaci\u00f3n, un\u00a085.01%\u00a0de la poblaci\u00f3n ha recibido una dosis (13\u00b4683.382 personas) y un 77.83% (12\u00b4528.430) las\u00a0dos dosis. \u201cTeniendo una visi\u00f3n un poco m\u00e1s realista ahora en estas \u00faltimas semanas, no por falta de vacunas, no por falta de centros de vacunaci\u00f3n, no por falta de comunicaci\u00f3n sino un poco&nbsp;por falta de voluntad de las personas, (&#8230;) ha sido un reto en todos los pa\u00edses poder llegar a estos sectores m\u00e1s j\u00f3venes\u201d, dijo en una entrevista con este Diario,&nbsp;la ministra de Salud, Ximena Garz\u00f3n. Coment\u00f3 que tras un an\u00e1lisis de los&nbsp;estratos de edad&nbsp;que&nbsp;menos cobertura&nbsp;tienen son los ni\u00f1os entre 5 y 17 a\u00f1os. Adem\u00e1s ha mejorado la cobertura entre las personas entre 18 y 24 a\u00f1os. Estim\u00f3 que hasta finales de esta semana se alcanzar\u00e1 entre un&nbsp;82 a 83% con dos dosis&nbsp;y no al 85%. Para Garz\u00f3n,\u00a0hasta mediados de enero del 2022, se llegar\u00eda al\u00a085%\u00a0pero agreg\u00f3 que depender\u00e1 de la colaboraci\u00f3n ciudadana. Indic\u00f3 adem\u00e1s que se analiza,&nbsp;a inicios de febrero del pr\u00f3ximo a\u00f1o,&nbsp;empezar a vacunar a&nbsp;ni\u00f1os desde los tres a\u00f1os. En Ecuador desde octubre pasado ya se inmuniza a ni\u00f1os desde los 5 a\u00f1os. Para ello se usar\u00edan&nbsp;varias estrategias&nbsp;como centros de vacunaci\u00f3n en centros de salud, mingas de vacunaci\u00f3n, apoyo empresarial, brigadas m\u00f3viles que ir\u00edan a guarder\u00edas grandes o centros cercanos.<\/p>\n","protected":false},"author":1,"featured_media":2133,"comment_status":"open","ping_status":"open","sticky":false,"template":"","format":"standard","meta":{"footnotes":""},"categories":[268],"tags":[],"class_list":["post-2132","post","type-post","status-publish","format-standard","has-post-thumbnail","hentry","category-nacionales"],"_links":{"self":[{"href":"https:\/\/www.elamazonico.com\/portal\/wp-json\/wp\/v2\/posts\/2132","targetHints":{"allow":["GET"]}}],"collection":[{"href":"https:\/\/www.elamazonico.com\/portal\/wp-json\/wp\/v2\/posts"}],"about":[{"href":"https:\/\/www.elamazonico.com\/portal\/wp-json\/wp\/v2\/types\/post"}],"author":[{"embeddable":true,"href":"https:\/\/www.elamazonico.com\/portal\/wp-json\/wp\/v2\/users\/1"}],"replies":[{"embeddable":true,"href":"https:\/\/www.elamazonico.com\/portal\/wp-json\/wp\/v2\/comments?post=2132"}],"version-history":[{"count":1,"href":"https:\/\/www.elamazonico.com\/portal\/wp-json\/wp\/v2\/posts\/2132\/revisions"}],"predecessor-version":[{"id":2134,"href":"https:\/\/www.elamazonico.com\/portal\/wp-json\/wp\/v2\/posts\/2132\/revisions\/2134"}],"wp:featuredmedia":[{"embeddable":true,"href":"https:\/\/www.elamazonico.com\/portal\/wp-json\/wp\/v2\/media\/2133"}],"wp:attachment":[{"href":"https:\/\/www.elamazonico.com\/portal\/wp-json\/wp\/v2\/media?parent=2132"}],"wp:term":[{"taxonomy":"category","embeddable":true,"href":"https:\/\/www.elamazonico.com\/portal\/wp-json\/wp\/v2\/categories?post=2132"},{"taxonomy":"post_tag","embeddable":true,"href":"https:\/\/www.elamazonico.com\/portal\/wp-json\/wp\/v2\/tags?post=2132"}],"curies":[{"name":"wp","href":"https:\/\/api.w.org\/{rel}","templated":true}]}}