{"id":21314,"date":"2025-01-29T14:56:35","date_gmt":"2025-01-29T19:56:35","guid":{"rendered":"https:\/\/www.elamazonico.com\/portal\/?p=21314"},"modified":"2025-01-29T14:56:35","modified_gmt":"2025-01-29T19:56:35","slug":"prefectura-de-zamora-chinchipe-y-mies-firman-convenios-para-fortalecer-proyectos-sociales","status":"publish","type":"post","link":"https:\/\/www.elamazonico.com\/portal\/prefectura-de-zamora-chinchipe-y-mies-firman-convenios-para-fortalecer-proyectos-sociales\/","title":{"rendered":"Prefectura de Zamora Chinchipe y MIES firman convenios para fortalecer proyectos sociales"},"content":{"rendered":"<p>En un esfuerzo conjunto por fortalecer el desarrollo social en la provincia, la Prefectura de Zamora Chinchipe, representada por la prefecta Karla Re\u00e1tegui, y el Ministerio de Inclusi\u00f3n Econ\u00f3mica y Social (MIES), suscribieron cuatro Convenios de Cooperaci\u00f3n T\u00e9cnico Econ\u00f3mico. La inversi\u00f3n provincial asciende a un total de USD 256.130,34, recursos destinados a potenciar programas de atenci\u00f3n para poblaciones en situaci\u00f3n de vulnerabilidad.<\/p>\n<p>Estos convenios permitir\u00e1n la ejecuci\u00f3n y fortalecimiento de cuatro proyectos sociales de gran impacto:<\/p>\n<ul>\n<li><strong>Centros Gerontol\u00f3gicos Residenciales<\/strong>, destinados al cuidado integral de adultos mayores.<\/li>\n<li><strong>Atenci\u00f3n en el Hogar y la Comunidad bajo el proyecto \u201cCoraz\u00f3n de Jes\u00fas\u201d<\/strong>, orientado a personas con discapacidad.<\/li>\n<li><strong>Apoyo y Custodia Familiar para ni\u00f1os, ni\u00f1as y adolescentes<\/strong>, a trav\u00e9s de las Juntas Cantonales de Protecci\u00f3n de Derechos.<\/li>\n<li><strong>Centro de referencia para personas con discapacidad en extrema pobreza, \u201cBEL\u00c9N\u201d<\/strong>.<\/li>\n<\/ul>\n<p>A trav\u00e9s de estos proyectos, un total de 160 usuarios recibir\u00e1n atenci\u00f3n integral mediante servicios especializados como: cuidado permanente, estimulaci\u00f3n temprana, terapia f\u00edsica, terapia de lenguaje, terapia ocupacional, trabajo social, apoyo psicol\u00f3gico, entre otros.<\/p>\n<p>Durante la firma de los convenios, la prefecta Karla Re\u00e1tegui resalt\u00f3 la importancia de esta articulaci\u00f3n interinstitucional y felicit\u00f3 al MIES por su labor en conjunto con los Gobiernos Aut\u00f3nomos Descentralizados locales. Asimismo, anunci\u00f3 que, por primera vez, los cantones de Palanda y Chinchipe contar\u00e1n con un Centro Gerontol\u00f3gico. \u201cEste servicio lo vamos a tener a partir de 2025 en la Casa Hogar del Centro Gerontol\u00f3gico del Municipio de Palanda\u201d, manifest\u00f3 la autoridad provincial.<\/p>\n<p>Con estas acciones, la Prefectura de Zamora Chinchipe reafirma su compromiso con el bienestar de los sectores m\u00e1s vulnerables de la provincia, impulsando pol\u00edticas p\u00fablicas inclusivas y de desarrollo social sostenible.<\/p>\n","protected":false},"excerpt":{"rendered":"<p>En un esfuerzo conjunto por fortalecer el desarrollo social en la provincia, la Prefectura de Zamora Chinchipe, representada por la prefecta Karla Re\u00e1tegui, y el Ministerio de Inclusi\u00f3n Econ\u00f3mica y Social (MIES), suscribieron cuatro Convenios de Cooperaci\u00f3n T\u00e9cnico Econ\u00f3mico. La inversi\u00f3n provincial asciende a un total de USD 256.130,34, recursos destinados a potenciar programas de atenci\u00f3n para poblaciones en situaci\u00f3n de vulnerabilidad. Estos convenios permitir\u00e1n la ejecuci\u00f3n y fortalecimiento de cuatro proyectos sociales de gran impacto: Centros Gerontol\u00f3gicos Residenciales, destinados al cuidado integral de adultos mayores. Atenci\u00f3n en el Hogar y la Comunidad bajo el proyecto \u201cCoraz\u00f3n de Jes\u00fas\u201d, orientado a personas con discapacidad. Apoyo y Custodia Familiar para ni\u00f1os, ni\u00f1as y adolescentes, a trav\u00e9s de las Juntas Cantonales de Protecci\u00f3n de Derechos. Centro de referencia para personas con discapacidad en extrema pobreza, \u201cBEL\u00c9N\u201d. A trav\u00e9s de estos proyectos, un total de 160 usuarios recibir\u00e1n atenci\u00f3n integral mediante servicios especializados como: cuidado permanente, estimulaci\u00f3n temprana, terapia f\u00edsica, terapia de lenguaje, terapia ocupacional, trabajo social, apoyo psicol\u00f3gico, entre otros. Durante la firma de los convenios, la prefecta Karla Re\u00e1tegui resalt\u00f3 la importancia de esta articulaci\u00f3n interinstitucional y felicit\u00f3 al MIES por su labor en conjunto con los Gobiernos Aut\u00f3nomos Descentralizados locales. Asimismo, anunci\u00f3 que, por primera vez, los cantones de Palanda y Chinchipe contar\u00e1n con un Centro Gerontol\u00f3gico. \u201cEste servicio lo vamos a tener a partir de 2025 en la Casa Hogar del Centro Gerontol\u00f3gico del Municipio de Palanda\u201d, manifest\u00f3 la autoridad provincial. Con estas acciones, la Prefectura de Zamora Chinchipe reafirma su compromiso con el bienestar de los sectores m\u00e1s vulnerables de la provincia, impulsando pol\u00edticas p\u00fablicas inclusivas y de desarrollo social sostenible.<\/p>\n","protected":false},"author":1,"featured_media":21315,"comment_status":"open","ping_status":"open","sticky":false,"template":"","format":"standard","meta":{"footnotes":""},"categories":[243],"tags":[],"class_list":["post-21314","post","type-post","status-publish","format-standard","has-post-thumbnail","hentry","category-noticias-zamora"],"_links":{"self":[{"href":"https:\/\/www.elamazonico.com\/portal\/wp-json\/wp\/v2\/posts\/21314","targetHints":{"allow":["GET"]}}],"collection":[{"href":"https:\/\/www.elamazonico.com\/portal\/wp-json\/wp\/v2\/posts"}],"about":[{"href":"https:\/\/www.elamazonico.com\/portal\/wp-json\/wp\/v2\/types\/post"}],"author":[{"embeddable":true,"href":"https:\/\/www.elamazonico.com\/portal\/wp-json\/wp\/v2\/users\/1"}],"replies":[{"embeddable":true,"href":"https:\/\/www.elamazonico.com\/portal\/wp-json\/wp\/v2\/comments?post=21314"}],"version-history":[{"count":1,"href":"https:\/\/www.elamazonico.com\/portal\/wp-json\/wp\/v2\/posts\/21314\/revisions"}],"predecessor-version":[{"id":21316,"href":"https:\/\/www.elamazonico.com\/portal\/wp-json\/wp\/v2\/posts\/21314\/revisions\/21316"}],"wp:featuredmedia":[{"embeddable":true,"href":"https:\/\/www.elamazonico.com\/portal\/wp-json\/wp\/v2\/media\/21315"}],"wp:attachment":[{"href":"https:\/\/www.elamazonico.com\/portal\/wp-json\/wp\/v2\/media?parent=21314"}],"wp:term":[{"taxonomy":"category","embeddable":true,"href":"https:\/\/www.elamazonico.com\/portal\/wp-json\/wp\/v2\/categories?post=21314"},{"taxonomy":"post_tag","embeddable":true,"href":"https:\/\/www.elamazonico.com\/portal\/wp-json\/wp\/v2\/tags?post=21314"}],"curies":[{"name":"wp","href":"https:\/\/api.w.org\/{rel}","templated":true}]}}