{"id":21307,"date":"2025-01-29T11:17:51","date_gmt":"2025-01-29T16:17:51","guid":{"rendered":"https:\/\/www.elamazonico.com\/portal\/?p=21307"},"modified":"2025-01-29T11:24:01","modified_gmt":"2025-01-29T16:24:01","slug":"moradores-alertan-sobre-deterioro-de-la-via-zamora-romerillos-y-solicitan-mantenimiento-urgente","status":"publish","type":"post","link":"https:\/\/www.elamazonico.com\/portal\/moradores-alertan-sobre-deterioro-de-la-via-zamora-romerillos-y-solicitan-mantenimiento-urgente\/","title":{"rendered":"Moradores alertan sobre deterioro de la v\u00eda Zamora-Romerillos y solicitan mantenimiento urgente"},"content":{"rendered":"<p>Los habitantes y usuarios de la v\u00eda Zamora-Romerillos, en el tramo desde Mart\u00edn Ujukam, han manifestado su preocupaci\u00f3n ante el creciente deterioro de la carretera, el cual pone en riesgo la seguridad vial y la integridad de los veh\u00edculos que transitan por esta zona.<\/p>\n<p>Seg\u00fan los reportes ciudadanos, la presencia de baches en varios sectores de la v\u00eda dificulta la movilidad y aumenta el riesgo de accidentes. Adem\u00e1s, se ha identificado que ciertos tramos son demasiado estrechos, lo que, sumado a la erosi\u00f3n causada por la creciente del r\u00edo, podr\u00eda comprometer la conectividad de esta importante arteria vial.<\/p>\n<p>Los afectados atribuyen esta problem\u00e1tica a la temporada invernal y hacen un llamado urgente a las autoridades del Gobierno Provincial para que ejecuten labores de mantenimiento y reparaci\u00f3n. La intervenci\u00f3n oportuna en la v\u00eda Zamora-Romerillos es esencial para garantizar condiciones \u00f3ptimas de circulaci\u00f3n y prevenir da\u00f1os mayores en la infraestructura vial y en los veh\u00edculos de los usuarios.<\/p>\n<p>Las comunidades esperan una pronta respuesta que permita mitigar los riesgos y asegurar la transitabilidad de esta v\u00eda estrat\u00e9gica para la movilidad y el desarrollo del comercio del cant\u00f3n Zamora.<\/p>\n","protected":false},"excerpt":{"rendered":"<p>Los habitantes y usuarios de la v\u00eda Zamora-Romerillos, en el tramo desde Mart\u00edn Ujukam, han manifestado su preocupaci\u00f3n ante el creciente deterioro de la carretera, el cual pone en riesgo la seguridad vial y la integridad de los veh\u00edculos que transitan por esta zona. Seg\u00fan los reportes ciudadanos, la presencia de baches en varios sectores de la v\u00eda dificulta la movilidad y aumenta el riesgo de accidentes. Adem\u00e1s, se ha identificado que ciertos tramos son demasiado estrechos, lo que, sumado a la erosi\u00f3n causada por la creciente del r\u00edo, podr\u00eda comprometer la conectividad de esta importante arteria vial. Los afectados atribuyen esta problem\u00e1tica a la temporada invernal y hacen un llamado urgente a las autoridades del Gobierno Provincial para que ejecuten labores de mantenimiento y reparaci\u00f3n. La intervenci\u00f3n oportuna en la v\u00eda Zamora-Romerillos es esencial para garantizar condiciones \u00f3ptimas de circulaci\u00f3n y prevenir da\u00f1os mayores en la infraestructura vial y en los veh\u00edculos de los usuarios. Las comunidades esperan una pronta respuesta que permita mitigar los riesgos y asegurar la transitabilidad de esta v\u00eda estrat\u00e9gica para la movilidad y el desarrollo del comercio del cant\u00f3n Zamora.<\/p>\n","protected":false},"author":1,"featured_media":21310,"comment_status":"open","ping_status":"open","sticky":false,"template":"","format":"standard","meta":{"footnotes":""},"categories":[243],"tags":[],"class_list":["post-21307","post","type-post","status-publish","format-standard","has-post-thumbnail","hentry","category-noticias-zamora"],"_links":{"self":[{"href":"https:\/\/www.elamazonico.com\/portal\/wp-json\/wp\/v2\/posts\/21307","targetHints":{"allow":["GET"]}}],"collection":[{"href":"https:\/\/www.elamazonico.com\/portal\/wp-json\/wp\/v2\/posts"}],"about":[{"href":"https:\/\/www.elamazonico.com\/portal\/wp-json\/wp\/v2\/types\/post"}],"author":[{"embeddable":true,"href":"https:\/\/www.elamazonico.com\/portal\/wp-json\/wp\/v2\/users\/1"}],"replies":[{"embeddable":true,"href":"https:\/\/www.elamazonico.com\/portal\/wp-json\/wp\/v2\/comments?post=21307"}],"version-history":[{"count":1,"href":"https:\/\/www.elamazonico.com\/portal\/wp-json\/wp\/v2\/posts\/21307\/revisions"}],"predecessor-version":[{"id":21309,"href":"https:\/\/www.elamazonico.com\/portal\/wp-json\/wp\/v2\/posts\/21307\/revisions\/21309"}],"wp:featuredmedia":[{"embeddable":true,"href":"https:\/\/www.elamazonico.com\/portal\/wp-json\/wp\/v2\/media\/21310"}],"wp:attachment":[{"href":"https:\/\/www.elamazonico.com\/portal\/wp-json\/wp\/v2\/media?parent=21307"}],"wp:term":[{"taxonomy":"category","embeddable":true,"href":"https:\/\/www.elamazonico.com\/portal\/wp-json\/wp\/v2\/categories?post=21307"},{"taxonomy":"post_tag","embeddable":true,"href":"https:\/\/www.elamazonico.com\/portal\/wp-json\/wp\/v2\/tags?post=21307"}],"curies":[{"name":"wp","href":"https:\/\/api.w.org\/{rel}","templated":true}]}}