{"id":21298,"date":"2025-01-28T15:05:22","date_gmt":"2025-01-28T20:05:22","guid":{"rendered":"https:\/\/www.elamazonico.com\/portal\/?p=21298"},"modified":"2025-01-28T15:16:42","modified_gmt":"2025-01-28T20:16:42","slug":"174-nuevos-conductores-profesionales-se-incorporan-al-transporte-provincial-y-nacional","status":"publish","type":"post","link":"https:\/\/www.elamazonico.com\/portal\/174-nuevos-conductores-profesionales-se-incorporan-al-transporte-provincial-y-nacional\/","title":{"rendered":"174 Nuevos Conductores Profesionales se Incorporan al Transporte Provincial y Nacional"},"content":{"rendered":"<p>La Escuela de Conductores Profesionales de Yantzaza, ubicada en el ic\u00f3nico \u00abValle de las Luci\u00e9rnagas\u00bb, celebr\u00f3 el pasado fin de semana la graduaci\u00f3n de 174 nuevos conductores profesionales, quienes obtuvieron su licencia Tipo C.<\/p>\n<p>El acto solemne se llev\u00f3 a cabo en las instalaciones de la Unidad Educativa Primero de Mayo, en un ambiente de alegr\u00eda y orgullo compartido por los graduados, sus familiares y allegados.<\/p>\n<p>Este evento destac\u00f3 el esfuerzo y dedicaci\u00f3n de los nuevos profesionales del volante, quienes ahora forman parte del sector de transporte ecuatoriano, contribuyendo a la seguridad vial y el desarrollo de la movilidad en el pa\u00eds.<\/p>\n<p>La Escuela de Conductores Profesionales de Yantzaza contin\u00faa consolid\u00e1ndose como un pilar fundamental en la formaci\u00f3n de conductores comprometidos con los m\u00e1s altos est\u00e1ndares de \u00e9tica, responsabilidad y profesionalismo, respondiendo a las necesidades del transporte en los diversos destinos del los cantones, provinciales y nacionales.<\/p>\n","protected":false},"excerpt":{"rendered":"<p>La Escuela de Conductores Profesionales de Yantzaza, ubicada en el ic\u00f3nico \u00abValle de las Luci\u00e9rnagas\u00bb, celebr\u00f3 el pasado fin de semana la graduaci\u00f3n de 174 nuevos conductores profesionales, quienes obtuvieron su licencia Tipo C. El acto solemne se llev\u00f3 a cabo en las instalaciones de la Unidad Educativa Primero de Mayo, en un ambiente de alegr\u00eda y orgullo compartido por los graduados, sus familiares y allegados. Este evento destac\u00f3 el esfuerzo y dedicaci\u00f3n de los nuevos profesionales del volante, quienes ahora forman parte del sector de transporte ecuatoriano, contribuyendo a la seguridad vial y el desarrollo de la movilidad en el pa\u00eds. La Escuela de Conductores Profesionales de Yantzaza contin\u00faa consolid\u00e1ndose como un pilar fundamental en la formaci\u00f3n de conductores comprometidos con los m\u00e1s altos est\u00e1ndares de \u00e9tica, responsabilidad y profesionalismo, respondiendo a las necesidades del transporte en los diversos destinos del los cantones, provinciales y nacionales.<\/p>\n","protected":false},"author":1,"featured_media":21300,"comment_status":"open","ping_status":"open","sticky":false,"template":"","format":"standard","meta":{"footnotes":""},"categories":[243],"tags":[],"class_list":["post-21298","post","type-post","status-publish","format-standard","has-post-thumbnail","hentry","category-noticias-zamora"],"_links":{"self":[{"href":"https:\/\/www.elamazonico.com\/portal\/wp-json\/wp\/v2\/posts\/21298","targetHints":{"allow":["GET"]}}],"collection":[{"href":"https:\/\/www.elamazonico.com\/portal\/wp-json\/wp\/v2\/posts"}],"about":[{"href":"https:\/\/www.elamazonico.com\/portal\/wp-json\/wp\/v2\/types\/post"}],"author":[{"embeddable":true,"href":"https:\/\/www.elamazonico.com\/portal\/wp-json\/wp\/v2\/users\/1"}],"replies":[{"embeddable":true,"href":"https:\/\/www.elamazonico.com\/portal\/wp-json\/wp\/v2\/comments?post=21298"}],"version-history":[{"count":2,"href":"https:\/\/www.elamazonico.com\/portal\/wp-json\/wp\/v2\/posts\/21298\/revisions"}],"predecessor-version":[{"id":21302,"href":"https:\/\/www.elamazonico.com\/portal\/wp-json\/wp\/v2\/posts\/21298\/revisions\/21302"}],"wp:featuredmedia":[{"embeddable":true,"href":"https:\/\/www.elamazonico.com\/portal\/wp-json\/wp\/v2\/media\/21300"}],"wp:attachment":[{"href":"https:\/\/www.elamazonico.com\/portal\/wp-json\/wp\/v2\/media?parent=21298"}],"wp:term":[{"taxonomy":"category","embeddable":true,"href":"https:\/\/www.elamazonico.com\/portal\/wp-json\/wp\/v2\/categories?post=21298"},{"taxonomy":"post_tag","embeddable":true,"href":"https:\/\/www.elamazonico.com\/portal\/wp-json\/wp\/v2\/tags?post=21298"}],"curies":[{"name":"wp","href":"https:\/\/api.w.org\/{rel}","templated":true}]}}