{"id":2129,"date":"2021-12-28T06:12:44","date_gmt":"2021-12-28T11:12:44","guid":{"rendered":"https:\/\/www.elamazonico.com\/portal\/?p=2129"},"modified":"2021-12-28T06:12:48","modified_gmt":"2021-12-28T11:12:48","slug":"contagio-con-variante-omicron-es-comunitario-en-ecuador","status":"publish","type":"post","link":"https:\/\/www.elamazonico.com\/portal\/contagio-con-variante-omicron-es-comunitario-en-ecuador\/","title":{"rendered":"Contagio con variante \u00f3micron es comunitario en Ecuador"},"content":{"rendered":"\n<p><em>Se conoc\u00eda de 24 casos confirmados con esa&nbsp;<\/em><a href=\"https:\/\/www.eluniverso.com\/temas\/coronavirus-wuhan\/\"><em><strong>variante de coronavirus<\/strong><\/em><\/a><em>&nbsp;en el pa\u00eds, mientras que, seg\u00fan el Ministerio de Salud, existen otros 27 casos sospechosos. Guayaquil pas\u00f3 a alerta epidemiol\u00f3gica 2, lo que implica ajuste en las restricciones.<\/em><\/p>\n\n\n\n<p><em>En otro tema, el&nbsp;<\/em><a href=\"https:\/\/www.eluniverso.com\/temas\/estado-excepcion\/\"><em><strong>estado de excepci\u00f3n&nbsp;<\/strong><\/em><\/a><em>para las c\u00e1rceles del pa\u00eds, que decret\u00f3 el Ejecutivo, concluye este martes y decidi\u00f3 que no lo renovar\u00e1. Seg\u00fan normativa, los \u00fanicos agentes que pueden estar en el interior de prisiones son gu\u00edas penitenciarios.<\/em><a href=\"https:\/\/www.eluniverso.com\/entretenimiento\/gente\/que-ver-que-hacer-en-guayaquil-este-martes-28-de-diciembre-nota\/\"><\/a><\/p>\n\n\n\n<h2 class=\"wp-block-heading\">El contagio con la variante \u00f3micron del coronavirus<a href=\"https:\/\/www.eluniverso.com\/noticias\/ecuador\/los-casos-de-la-variante-omicron-del-covid-19-aumentan-en-ecuador-mas-contagios-estarian-por-confirmarse-nota\/\">\u00a0ya es comunitario<\/a>, seg\u00fan confirm\u00f3 el Ministerio de Salud P\u00fablica. En Guayaquil hay un incremento sostenido de pacientes con covid. La situaci\u00f3n preocupa al Comit\u00e9 de Operaciones de Emergencia (COE) cantonal, que pas\u00f3 el nivel de\u00a0<a href=\"https:\/\/www.eluniverso.com\/guayaquil\/comunidad\/guayaquil-pasa-a-nivel-de-alerta-2-y-prepara-medidas-ante-aumento-de-casos-de-covid-19-nota\/\">alerta epidemiol\u00f3gica de 1 a 2<\/a>, lo que implica un ajuste en las restricciones por la pandemia.<\/h2>\n","protected":false},"excerpt":{"rendered":"<p>Se conoc\u00eda de 24 casos confirmados con esa&nbsp;variante de coronavirus&nbsp;en el pa\u00eds, mientras que, seg\u00fan el Ministerio de Salud, existen otros 27 casos sospechosos. Guayaquil pas\u00f3 a alerta epidemiol\u00f3gica 2, lo que implica ajuste en las restricciones. En otro tema, el&nbsp;estado de excepci\u00f3n&nbsp;para las c\u00e1rceles del pa\u00eds, que decret\u00f3 el Ejecutivo, concluye este martes y decidi\u00f3 que no lo renovar\u00e1. Seg\u00fan normativa, los \u00fanicos agentes que pueden estar en el interior de prisiones son gu\u00edas penitenciarios. El contagio con la variante \u00f3micron del coronavirus\u00a0ya es comunitario, seg\u00fan confirm\u00f3 el Ministerio de Salud P\u00fablica. En Guayaquil hay un incremento sostenido de pacientes con covid. La situaci\u00f3n preocupa al Comit\u00e9 de Operaciones de Emergencia (COE) cantonal, que pas\u00f3 el nivel de\u00a0alerta epidemiol\u00f3gica de 1 a 2, lo que implica un ajuste en las restricciones por la pandemia.<\/p>\n","protected":false},"author":1,"featured_media":2130,"comment_status":"open","ping_status":"open","sticky":false,"template":"","format":"standard","meta":{"footnotes":""},"categories":[268],"tags":[],"class_list":["post-2129","post","type-post","status-publish","format-standard","has-post-thumbnail","hentry","category-nacionales"],"_links":{"self":[{"href":"https:\/\/www.elamazonico.com\/portal\/wp-json\/wp\/v2\/posts\/2129","targetHints":{"allow":["GET"]}}],"collection":[{"href":"https:\/\/www.elamazonico.com\/portal\/wp-json\/wp\/v2\/posts"}],"about":[{"href":"https:\/\/www.elamazonico.com\/portal\/wp-json\/wp\/v2\/types\/post"}],"author":[{"embeddable":true,"href":"https:\/\/www.elamazonico.com\/portal\/wp-json\/wp\/v2\/users\/1"}],"replies":[{"embeddable":true,"href":"https:\/\/www.elamazonico.com\/portal\/wp-json\/wp\/v2\/comments?post=2129"}],"version-history":[{"count":1,"href":"https:\/\/www.elamazonico.com\/portal\/wp-json\/wp\/v2\/posts\/2129\/revisions"}],"predecessor-version":[{"id":2131,"href":"https:\/\/www.elamazonico.com\/portal\/wp-json\/wp\/v2\/posts\/2129\/revisions\/2131"}],"wp:featuredmedia":[{"embeddable":true,"href":"https:\/\/www.elamazonico.com\/portal\/wp-json\/wp\/v2\/media\/2130"}],"wp:attachment":[{"href":"https:\/\/www.elamazonico.com\/portal\/wp-json\/wp\/v2\/media?parent=2129"}],"wp:term":[{"taxonomy":"category","embeddable":true,"href":"https:\/\/www.elamazonico.com\/portal\/wp-json\/wp\/v2\/categories?post=2129"},{"taxonomy":"post_tag","embeddable":true,"href":"https:\/\/www.elamazonico.com\/portal\/wp-json\/wp\/v2\/tags?post=2129"}],"curies":[{"name":"wp","href":"https:\/\/api.w.org\/{rel}","templated":true}]}}