{"id":21289,"date":"2025-01-28T10:51:45","date_gmt":"2025-01-28T15:51:45","guid":{"rendered":"https:\/\/www.elamazonico.com\/portal\/?p=21289"},"modified":"2025-01-28T10:52:56","modified_gmt":"2025-01-28T15:52:56","slug":"el-salvador-impone-penas-de-hasta-120-anos-a-pandilleros","status":"publish","type":"post","link":"https:\/\/www.elamazonico.com\/portal\/el-salvador-impone-penas-de-hasta-120-anos-a-pandilleros\/","title":{"rendered":"El Salvador impone penas de hasta 120 a\u00f1os a pandilleros"},"content":{"rendered":"<p>Una corte contra el Crimen Organizado de El Salvador sentenci\u00f3 a\u00a0<strong>siete miembros de la pandilla Barrio 18<\/strong>\u00a0a penas de\u00a0<strong>40, 60, 100 y 120 a\u00f1os de prisi\u00f3n<\/strong>\u00a0por m\u00faltiples cr\u00edmenes, incluyendo un\u00a0<strong>doble asesinato cometido en una cancha de f\u00fatbol<\/strong> en San Miguel entre 2013 y 2016.<\/p>\n<p>Entre los condenados, Carlos Hern\u00e1ndez recibi\u00f3 la pena m\u00e1s alta, mientras que otros seis pandilleros tambi\u00e9n fueron sentenciados con largas condenas.<\/p>\n<p>El fallo se enmarca en el r\u00e9gimen de excepci\u00f3n implementado desde\u00a0<strong>marzo de 2022<\/strong>, una pol\u00edtica del gobierno de Nayib Bukele para combatir las pandillas, que permitieron\u00a0la detenci\u00f3n de m\u00e1s de\u00a0<strong>84.000 personas<\/strong>.<\/p>\n<p>Sin embargo, la Fiscal\u00eda no especific\u00f3 si estos individuos fueron capturados bajo dicho r\u00e9gimen ni si ya estaban en prisi\u00f3n por otros delitos antes del juicio.<\/p>\n<p>A pesar del respaldo popular a esta medida, organizaciones humanitarias denuncian\u00a0m\u00e1s de\u00a0<strong>6.400 casos de violaciones a los derechos humanos<\/strong>, incluyendo\u00a0<strong>detenciones arbitrarias, torturas y muertes de prisioneros<\/strong>\u00a0con signos de violencia.<\/p>\n<p>Mientras la Asamblea Legislativa renueva el estado de excepci\u00f3n, la comunidad internacional observa con preocupaci\u00f3n el impacto de esta pol\u00edtica en el sistema judicial salvadore\u00f1o.<\/p>\n","protected":false},"excerpt":{"rendered":"<p>Una corte contra el Crimen Organizado de El Salvador sentenci\u00f3 a\u00a0siete miembros de la pandilla Barrio 18\u00a0a penas de\u00a040, 60, 100 y 120 a\u00f1os de prisi\u00f3n\u00a0por m\u00faltiples cr\u00edmenes, incluyendo un\u00a0doble asesinato cometido en una cancha de f\u00fatbol en San Miguel entre 2013 y 2016. Entre los condenados, Carlos Hern\u00e1ndez recibi\u00f3 la pena m\u00e1s alta, mientras que otros seis pandilleros tambi\u00e9n fueron sentenciados con largas condenas. El fallo se enmarca en el r\u00e9gimen de excepci\u00f3n implementado desde\u00a0marzo de 2022, una pol\u00edtica del gobierno de Nayib Bukele para combatir las pandillas, que permitieron\u00a0la detenci\u00f3n de m\u00e1s de\u00a084.000 personas. Sin embargo, la Fiscal\u00eda no especific\u00f3 si estos individuos fueron capturados bajo dicho r\u00e9gimen ni si ya estaban en prisi\u00f3n por otros delitos antes del juicio. A pesar del respaldo popular a esta medida, organizaciones humanitarias denuncian\u00a0m\u00e1s de\u00a06.400 casos de violaciones a los derechos humanos, incluyendo\u00a0detenciones arbitrarias, torturas y muertes de prisioneros\u00a0con signos de violencia. Mientras la Asamblea Legislativa renueva el estado de excepci\u00f3n, la comunidad internacional observa con preocupaci\u00f3n el impacto de esta pol\u00edtica en el sistema judicial salvadore\u00f1o.<\/p>\n","protected":false},"author":1,"featured_media":21290,"comment_status":"open","ping_status":"open","sticky":false,"template":"","format":"standard","meta":{"footnotes":""},"categories":[5],"tags":[],"class_list":["post-21289","post","type-post","status-publish","format-standard","has-post-thumbnail","hentry","category-internacionales"],"_links":{"self":[{"href":"https:\/\/www.elamazonico.com\/portal\/wp-json\/wp\/v2\/posts\/21289","targetHints":{"allow":["GET"]}}],"collection":[{"href":"https:\/\/www.elamazonico.com\/portal\/wp-json\/wp\/v2\/posts"}],"about":[{"href":"https:\/\/www.elamazonico.com\/portal\/wp-json\/wp\/v2\/types\/post"}],"author":[{"embeddable":true,"href":"https:\/\/www.elamazonico.com\/portal\/wp-json\/wp\/v2\/users\/1"}],"replies":[{"embeddable":true,"href":"https:\/\/www.elamazonico.com\/portal\/wp-json\/wp\/v2\/comments?post=21289"}],"version-history":[{"count":1,"href":"https:\/\/www.elamazonico.com\/portal\/wp-json\/wp\/v2\/posts\/21289\/revisions"}],"predecessor-version":[{"id":21291,"href":"https:\/\/www.elamazonico.com\/portal\/wp-json\/wp\/v2\/posts\/21289\/revisions\/21291"}],"wp:featuredmedia":[{"embeddable":true,"href":"https:\/\/www.elamazonico.com\/portal\/wp-json\/wp\/v2\/media\/21290"}],"wp:attachment":[{"href":"https:\/\/www.elamazonico.com\/portal\/wp-json\/wp\/v2\/media?parent=21289"}],"wp:term":[{"taxonomy":"category","embeddable":true,"href":"https:\/\/www.elamazonico.com\/portal\/wp-json\/wp\/v2\/categories?post=21289"},{"taxonomy":"post_tag","embeddable":true,"href":"https:\/\/www.elamazonico.com\/portal\/wp-json\/wp\/v2\/tags?post=21289"}],"curies":[{"name":"wp","href":"https:\/\/api.w.org\/{rel}","templated":true}]}}