{"id":2125,"date":"2021-12-26T10:36:06","date_gmt":"2021-12-26T15:36:06","guid":{"rendered":"https:\/\/www.elamazonico.com\/portal\/?p=2125"},"modified":"2021-12-26T10:36:13","modified_gmt":"2021-12-26T15:36:13","slug":"94-ninos-y-adolescentes-fueron-asesinados-en-10-meses-en-ecuador","status":"publish","type":"post","link":"https:\/\/www.elamazonico.com\/portal\/94-ninos-y-adolescentes-fueron-asesinados-en-10-meses-en-ecuador\/","title":{"rendered":"94 ni\u00f1os y adolescentes fueron asesinados en 10 meses en Ecuador"},"content":{"rendered":"\n<p>Fernando Medina\u2002(I)<\/p>\n\n\n\n<p>Apenas ten\u00eda 5 a\u00f1os cuando el peque\u00f1o Dorian recibi\u00f3 un&nbsp;<strong>disparo&nbsp;<\/strong>en la cabeza. Sucedi\u00f3 hace 10 d\u00edas, en la Cooperativa Voluntad de Dios de&nbsp;<strong>Guayaquil<\/strong>. Su familia hasta ahora no entiende c\u00f3mo los dos&nbsp;<strong>sicarios&nbsp;<\/strong>dispararon sin contemplaci\u00f3n al&nbsp;<strong>ni\u00f1o<\/strong>, que estaba en compa\u00f1\u00eda de su t\u00eda y de una prima de 7 a\u00f1os. Ellas tambi\u00e9n recibieron disparos pero se recuperan de las heridas del atentado.<\/p>\n\n\n\n<p>La&nbsp;<strong>Polic\u00eda&nbsp;<\/strong>a\u00fan rastrea a los&nbsp;<strong>sospechosos&nbsp;<\/strong>que huyeron en una motocicleta. Lo \u00fanico que se ha confirmado es que el&nbsp;<strong>ataque&nbsp;<\/strong>estaba direccionado a la t\u00eda del menor y que el m\u00f3vil ser\u00eda la venta de&nbsp;<a href=\"https:\/\/www.elcomercio.com\/actualidad\/seguridad\/bandas-pelea-contro-trafico-drogas-ecuador.html\">estupefacientes<\/a>.<\/p>\n\n\n\n<p>La&nbsp;<strong>disputa&nbsp;<\/strong>de&nbsp;<strong>bandas delictivas<\/strong>&nbsp;por los&nbsp;<strong>territorios&nbsp;<\/strong>este a\u00f1o se ha cobrado la vida de m\u00e1s de 600 personas en Guayas. A escala nacional ya suman m\u00e1s de 1 300 muertes violentas.<\/p>\n\n\n\n<p>La&nbsp;<strong>violencia&nbsp;<\/strong>de las&nbsp;<strong>calles&nbsp;<\/strong>no solo involucra a personas ligadas a organizaciones criminales. Los reportes oficiales indican que, entre enero y octubre de este 2021, han perdido la vida<strong>&nbsp;94 ni\u00f1os<\/strong>,&nbsp;<strong>adolescentes&nbsp;<\/strong>y&nbsp;<strong>j\u00f3venes&nbsp;<\/strong>en el pa\u00eds.<\/p>\n\n\n\n<p>La cifra parcial est\u00e1 pr\u00f3xima a superar los 98 que se registraron en todo el a\u00f1o 2020 y en 2019 hubo otros 100. Esto sin tener en cuenta a los ni\u00f1os que han resultado&nbsp;<strong>v\u00edctimas colaterales&nbsp;<\/strong>de violencia en noviembre, cuando se produjo un repunte de casos en ciudades como Guayaquil.<\/p>\n\n\n\n<p>A inicios de noviembre pasado, una&nbsp;<strong>adolescente&nbsp;<\/strong>de 15 a\u00f1os falleci\u00f3 tras recibir un disparo en el cuello. Su familia manifest\u00f3 que la bala la alcanz\u00f3 cuando caminaba por el bloque 10 de&nbsp;<strong>Basti\u00f3n Popular<\/strong>, norte del Puerto Principal. La joven fue v\u00edctima de una&nbsp;<strong>balacera&nbsp;<\/strong>entre&nbsp;<strong>bandas delictivas<\/strong>.<\/p>\n\n\n\n<p>En las estad\u00edsticas est\u00e1 tambi\u00e9n el caso de un peque\u00f1o de 2 a\u00f1os. \u00c9l falleci\u00f3 tras recibir un disparo en la cabeza. Dos sicarios, que iban en una moto, dispararon al padre del menor el pasado 7 de noviembre. Los informes policiales se\u00f1alaron que los&nbsp;<strong>desconocidos&nbsp;<\/strong>descargaron&nbsp;<strong>cuatro disparos&nbsp;<\/strong>sobre el padre del peque\u00f1o, quien iba manejando un veh\u00edculo por Mucho Lote, en el norte de Guayaquil.<\/p>\n\n\n\n<p>La noche del jueves 23 de diciembre, antes de la celebraci\u00f3n de la&nbsp;<strong>Nochebuena<\/strong>, un ataque de sicarios en moto a un grupo de personas que se encontraban en un inmueble dej\u00f3 como saldo a un ni\u00f1o asesinado y a tres menores heridas.<br><br>El hecho se produjo tambi\u00e9n en&nbsp;<strong>Basti\u00f3n Popular<\/strong>, la v\u00edctima ten\u00eda<strong>&nbsp;13 a\u00f1os<\/strong>. En la vivienda a la que iba dirigida el ataque los agentes decomisaron droga y la madre de las menores heridas registra antecedentes por tenencia de sustancias, inform\u00f3 la Polic\u00eda.<\/p>\n\n\n\n<p>Una de las&nbsp;<strong>muertes<\/strong>&nbsp;de&nbsp;<strong>menores&nbsp;<\/strong>que m\u00e1s conmocion\u00f3 al pa\u00eds fue la ocurrida en octubre pasado. Sebasti\u00e1n Obando ten\u00eda 11 a\u00f1os cuando&nbsp;<a href=\"https:\/\/www.elcomercio.com\/actualidad\/seguridad\/policia-detiene-implicado-muerte-nino.html\">falleci\u00f3 dentro de una helader\u00eda<\/a>&nbsp;del sur de Guayaquil. \u00c9l fue impactado por una bala cuando se produc\u00eda un robo al local en el que estaba junto a su padre.<\/p>\n\n\n\n<p>El crimen del peque\u00f1o provoc\u00f3 que el presidente&nbsp;<strong>Guillermo Lasso&nbsp;<\/strong>emitiera un&nbsp;<strong>estado excepci\u00f3n&nbsp;<\/strong>para reforzar los controles en las calles. Militares y polic\u00edas se adentraron a zonas populares como Basti\u00f3n Popular, Isla Trinitaria, Pascuales o Dur\u00e1n.<\/p>\n\n\n\n<p>Los padres de familia han comenzado a&nbsp;<strong>prohibir&nbsp;<\/strong>la&nbsp;<strong>salida&nbsp;<\/strong>de sus&nbsp;<strong>hijos&nbsp;<\/strong>a parques o canchas, porque en lo que va del a\u00f1o se han registrado al menos 17&nbsp;<strong>balaceras&nbsp;<\/strong>en estas zonas.<\/p>\n\n\n\n<p>De hecho, la mayor\u00eda de&nbsp;<strong>v\u00edctimas inocentes&nbsp;<\/strong>tienen entre 10 y 19 a\u00f1os. Los datos de la Polic\u00eda tambi\u00e9n confirman que el 61% de todos los ni\u00f1os, adolescentes y j\u00f3venes fallecieron por&nbsp;<strong>heridas&nbsp;<\/strong>de<strong>&nbsp;armas de fuego<\/strong>. El 39% muri\u00f3 por armas blancas u otras.<\/p>\n\n\n\n<p><strong>Guayas&nbsp;<\/strong>es la provincia m\u00e1s afectada, con 33 casos; le siguen Esmeraldas y Los R\u00edos con nueve, Pichincha con ocho y El Oro con siete.<\/p>\n\n\n\n<p>Los&nbsp;<strong>cr\u00edmenes&nbsp;<\/strong>de&nbsp;<strong>menores&nbsp;<\/strong>y&nbsp;<strong>ni\u00f1os<\/strong>&nbsp;han sido rechazados por organismos de derechos humanos. El Comit\u00e9 Permanente de Guayaquil ha hecho un llamado al Gobierno que frene las muertes violentas. Han advertido que cada vez los cr\u00edmenes son m\u00e1s atroces y con alto grado de violencia.<\/p>\n\n\n\n<p>Uno de estos casos fue el asesinato de una menor de 2 a\u00f1os golpeada y degollada junto a su familia, en marzo pasado, en el\u00a0<strong>Guasmo Sur.<\/strong>\u00a0La Polic\u00eda detall\u00f3 que el crimen fue ordenado por una\u00a0<strong>banda criminal\u00a0<\/strong>que se dedica a la venta de estupefacientes. (I<strong>) Fuente: El Comercio<\/strong><\/p>\n","protected":false},"excerpt":{"rendered":"<p>Fernando Medina\u2002(I) Apenas ten\u00eda 5 a\u00f1os cuando el peque\u00f1o Dorian recibi\u00f3 un&nbsp;disparo&nbsp;en la cabeza. Sucedi\u00f3 hace 10 d\u00edas, en la Cooperativa Voluntad de Dios de&nbsp;Guayaquil. Su familia hasta ahora no entiende c\u00f3mo los dos&nbsp;sicarios&nbsp;dispararon sin contemplaci\u00f3n al&nbsp;ni\u00f1o, que estaba en compa\u00f1\u00eda de su t\u00eda y de una prima de 7 a\u00f1os. Ellas tambi\u00e9n recibieron disparos pero se recuperan de las heridas del atentado. La&nbsp;Polic\u00eda&nbsp;a\u00fan rastrea a los&nbsp;sospechosos&nbsp;que huyeron en una motocicleta. Lo \u00fanico que se ha confirmado es que el&nbsp;ataque&nbsp;estaba direccionado a la t\u00eda del menor y que el m\u00f3vil ser\u00eda la venta de&nbsp;estupefacientes. La&nbsp;disputa&nbsp;de&nbsp;bandas delictivas&nbsp;por los&nbsp;territorios&nbsp;este a\u00f1o se ha cobrado la vida de m\u00e1s de 600 personas en Guayas. A escala nacional ya suman m\u00e1s de 1 300 muertes violentas. La&nbsp;violencia&nbsp;de las&nbsp;calles&nbsp;no solo involucra a personas ligadas a organizaciones criminales. Los reportes oficiales indican que, entre enero y octubre de este 2021, han perdido la vida&nbsp;94 ni\u00f1os,&nbsp;adolescentes&nbsp;y&nbsp;j\u00f3venes&nbsp;en el pa\u00eds. La cifra parcial est\u00e1 pr\u00f3xima a superar los 98 que se registraron en todo el a\u00f1o 2020 y en 2019 hubo otros 100. Esto sin tener en cuenta a los ni\u00f1os que han resultado&nbsp;v\u00edctimas colaterales&nbsp;de violencia en noviembre, cuando se produjo un repunte de casos en ciudades como Guayaquil. A inicios de noviembre pasado, una&nbsp;adolescente&nbsp;de 15 a\u00f1os falleci\u00f3 tras recibir un disparo en el cuello. Su familia manifest\u00f3 que la bala la alcanz\u00f3 cuando caminaba por el bloque 10 de&nbsp;Basti\u00f3n Popular, norte del Puerto Principal. La joven fue v\u00edctima de una&nbsp;balacera&nbsp;entre&nbsp;bandas delictivas. En las estad\u00edsticas est\u00e1 tambi\u00e9n el caso de un peque\u00f1o de 2 a\u00f1os. \u00c9l falleci\u00f3 tras recibir un disparo en la cabeza. Dos sicarios, que iban en una moto, dispararon al padre del menor el pasado 7 de noviembre. Los informes policiales se\u00f1alaron que los&nbsp;desconocidos&nbsp;descargaron&nbsp;cuatro disparos&nbsp;sobre el padre del peque\u00f1o, quien iba manejando un veh\u00edculo por Mucho Lote, en el norte de Guayaquil. La noche del jueves 23 de diciembre, antes de la celebraci\u00f3n de la&nbsp;Nochebuena, un ataque de sicarios en moto a un grupo de personas que se encontraban en un inmueble dej\u00f3 como saldo a un ni\u00f1o asesinado y a tres menores heridas. El hecho se produjo tambi\u00e9n en&nbsp;Basti\u00f3n Popular, la v\u00edctima ten\u00eda&nbsp;13 a\u00f1os. En la vivienda a la que iba dirigida el ataque los agentes decomisaron droga y la madre de las menores heridas registra antecedentes por tenencia de sustancias, inform\u00f3 la Polic\u00eda. Una de las&nbsp;muertes&nbsp;de&nbsp;menores&nbsp;que m\u00e1s conmocion\u00f3 al pa\u00eds fue la ocurrida en octubre pasado. Sebasti\u00e1n Obando ten\u00eda 11 a\u00f1os cuando&nbsp;falleci\u00f3 dentro de una helader\u00eda&nbsp;del sur de Guayaquil. \u00c9l fue impactado por una bala cuando se produc\u00eda un robo al local en el que estaba junto a su padre. El crimen del peque\u00f1o provoc\u00f3 que el presidente&nbsp;Guillermo Lasso&nbsp;emitiera un&nbsp;estado excepci\u00f3n&nbsp;para reforzar los controles en las calles. Militares y polic\u00edas se adentraron a zonas populares como Basti\u00f3n Popular, Isla Trinitaria, Pascuales o Dur\u00e1n. Los padres de familia han comenzado a&nbsp;prohibir&nbsp;la&nbsp;salida&nbsp;de sus&nbsp;hijos&nbsp;a parques o canchas, porque en lo que va del a\u00f1o se han registrado al menos 17&nbsp;balaceras&nbsp;en estas zonas. De hecho, la mayor\u00eda de&nbsp;v\u00edctimas inocentes&nbsp;tienen entre 10 y 19 a\u00f1os. Los datos de la Polic\u00eda tambi\u00e9n confirman que el 61% de todos los ni\u00f1os, adolescentes y j\u00f3venes fallecieron por&nbsp;heridas&nbsp;de&nbsp;armas de fuego. El 39% muri\u00f3 por armas blancas u otras. Guayas&nbsp;es la provincia m\u00e1s afectada, con 33 casos; le siguen Esmeraldas y Los R\u00edos con nueve, Pichincha con ocho y El Oro con siete. Los&nbsp;cr\u00edmenes&nbsp;de&nbsp;menores&nbsp;y&nbsp;ni\u00f1os&nbsp;han sido rechazados por organismos de derechos humanos. El Comit\u00e9 Permanente de Guayaquil ha hecho un llamado al Gobierno que frene las muertes violentas. Han advertido que cada vez los cr\u00edmenes son m\u00e1s atroces y con alto grado de violencia. Uno de estos casos fue el asesinato de una menor de 2 a\u00f1os golpeada y degollada junto a su familia, en marzo pasado, en el\u00a0Guasmo Sur.\u00a0La Polic\u00eda detall\u00f3 que el crimen fue ordenado por una\u00a0banda criminal\u00a0que se dedica a la venta de estupefacientes. (I) Fuente: El Comercio<\/p>\n","protected":false},"author":1,"featured_media":2126,"comment_status":"open","ping_status":"open","sticky":false,"template":"","format":"standard","meta":{"footnotes":""},"categories":[268],"tags":[],"class_list":["post-2125","post","type-post","status-publish","format-standard","has-post-thumbnail","hentry","category-nacionales"],"_links":{"self":[{"href":"https:\/\/www.elamazonico.com\/portal\/wp-json\/wp\/v2\/posts\/2125","targetHints":{"allow":["GET"]}}],"collection":[{"href":"https:\/\/www.elamazonico.com\/portal\/wp-json\/wp\/v2\/posts"}],"about":[{"href":"https:\/\/www.elamazonico.com\/portal\/wp-json\/wp\/v2\/types\/post"}],"author":[{"embeddable":true,"href":"https:\/\/www.elamazonico.com\/portal\/wp-json\/wp\/v2\/users\/1"}],"replies":[{"embeddable":true,"href":"https:\/\/www.elamazonico.com\/portal\/wp-json\/wp\/v2\/comments?post=2125"}],"version-history":[{"count":1,"href":"https:\/\/www.elamazonico.com\/portal\/wp-json\/wp\/v2\/posts\/2125\/revisions"}],"predecessor-version":[{"id":2127,"href":"https:\/\/www.elamazonico.com\/portal\/wp-json\/wp\/v2\/posts\/2125\/revisions\/2127"}],"wp:featuredmedia":[{"embeddable":true,"href":"https:\/\/www.elamazonico.com\/portal\/wp-json\/wp\/v2\/media\/2126"}],"wp:attachment":[{"href":"https:\/\/www.elamazonico.com\/portal\/wp-json\/wp\/v2\/media?parent=2125"}],"wp:term":[{"taxonomy":"category","embeddable":true,"href":"https:\/\/www.elamazonico.com\/portal\/wp-json\/wp\/v2\/categories?post=2125"},{"taxonomy":"post_tag","embeddable":true,"href":"https:\/\/www.elamazonico.com\/portal\/wp-json\/wp\/v2\/tags?post=2125"}],"curies":[{"name":"wp","href":"https:\/\/api.w.org\/{rel}","templated":true}]}}