{"id":21185,"date":"2025-01-17T12:04:25","date_gmt":"2025-01-17T17:04:25","guid":{"rendered":"https:\/\/www.elamazonico.com\/portal\/?p=21185"},"modified":"2025-01-17T12:15:12","modified_gmt":"2025-01-17T17:15:12","slug":"este-sabado-18-de-enero-gran-inauguracion-de-la-estacion-de-servicio-virgen-de-guadalupe","status":"publish","type":"post","link":"https:\/\/www.elamazonico.com\/portal\/este-sabado-18-de-enero-gran-inauguracion-de-la-estacion-de-servicio-virgen-de-guadalupe\/","title":{"rendered":"Este s\u00e1bado 18 de enero, gran inauguraci\u00f3n de la Estaci\u00f3n de Servicio \u00abVirgen de Guadalupe\u00bb"},"content":{"rendered":"<p>Este s\u00e1bado 18 de enero, la provincia vivir\u00e1 un evento sin precedentes con la gran inauguraci\u00f3n de la Estaci\u00f3n de Servicio Virgen de Guadalupe, un proyecto dise\u00f1ado para ofrecer servicios de calidad y seguridad a la ciudadan\u00eda.<\/p>\n<p>La jornada iniciar\u00e1 en horas de la ma\u00f1ana con una feria de emprendedores y artistas locales, que expondr\u00e1n sus productos y talentos, destacando el potencial cultural y econ\u00f3mico de la provincia. Durante el d\u00eda, el evento contar\u00e1 con la participaci\u00f3n de artistas invitados, quienes animar\u00e1n a los asistentes con sus presentaciones.<\/p>\n<p>Como cierre especial, se presentar\u00e1n Gerardo Mor\u00e1n, reconocido como \u201cEl m\u00e1s querido del Ecuador,\u201d y el Tr\u00edo Dicordi, quienes deleitar\u00e1n al p\u00fablico con su m\u00fasica, consolidando esta inauguraci\u00f3n como un acontecimiento memorable.<\/p>\n<p>Los principales gestores de este proyecto extienden una cordial invitaci\u00f3n a propios y extra\u00f1os a ser parte de esta celebraci\u00f3n, que no solo marca la apertura de un nuevo espacio de servicios, sino tambi\u00e9n un impulso significativo para la econom\u00eda local. Con esta iniciativa, la empresa privada reafirma su compromiso con el desarrollo de Zamora Chinchipe, aportando a la generaci\u00f3n de empleo y a la dinamizaci\u00f3n de la econom\u00eda en el sur del pa\u00eds.<\/p>\n<p>\u00a1Los esperamos este s\u00e1bado en Chamico para vivir juntos este gran evento!<\/p>\n","protected":false},"excerpt":{"rendered":"<p>Este s\u00e1bado 18 de enero, la provincia vivir\u00e1 un evento sin precedentes con la gran inauguraci\u00f3n de la Estaci\u00f3n de Servicio Virgen de Guadalupe, un proyecto dise\u00f1ado para ofrecer servicios de calidad y seguridad a la ciudadan\u00eda. La jornada iniciar\u00e1 en horas de la ma\u00f1ana con una feria de emprendedores y artistas locales, que expondr\u00e1n sus productos y talentos, destacando el potencial cultural y econ\u00f3mico de la provincia. Durante el d\u00eda, el evento contar\u00e1 con la participaci\u00f3n de artistas invitados, quienes animar\u00e1n a los asistentes con sus presentaciones. Como cierre especial, se presentar\u00e1n Gerardo Mor\u00e1n, reconocido como \u201cEl m\u00e1s querido del Ecuador,\u201d y el Tr\u00edo Dicordi, quienes deleitar\u00e1n al p\u00fablico con su m\u00fasica, consolidando esta inauguraci\u00f3n como un acontecimiento memorable. Los principales gestores de este proyecto extienden una cordial invitaci\u00f3n a propios y extra\u00f1os a ser parte de esta celebraci\u00f3n, que no solo marca la apertura de un nuevo espacio de servicios, sino tambi\u00e9n un impulso significativo para la econom\u00eda local. Con esta iniciativa, la empresa privada reafirma su compromiso con el desarrollo de Zamora Chinchipe, aportando a la generaci\u00f3n de empleo y a la dinamizaci\u00f3n de la econom\u00eda en el sur del pa\u00eds. \u00a1Los esperamos este s\u00e1bado en Chamico para vivir juntos este gran evento!<\/p>\n","protected":false},"author":1,"featured_media":21186,"comment_status":"open","ping_status":"open","sticky":false,"template":"","format":"standard","meta":{"footnotes":""},"categories":[243],"tags":[],"class_list":["post-21185","post","type-post","status-publish","format-standard","has-post-thumbnail","hentry","category-noticias-zamora"],"_links":{"self":[{"href":"https:\/\/www.elamazonico.com\/portal\/wp-json\/wp\/v2\/posts\/21185","targetHints":{"allow":["GET"]}}],"collection":[{"href":"https:\/\/www.elamazonico.com\/portal\/wp-json\/wp\/v2\/posts"}],"about":[{"href":"https:\/\/www.elamazonico.com\/portal\/wp-json\/wp\/v2\/types\/post"}],"author":[{"embeddable":true,"href":"https:\/\/www.elamazonico.com\/portal\/wp-json\/wp\/v2\/users\/1"}],"replies":[{"embeddable":true,"href":"https:\/\/www.elamazonico.com\/portal\/wp-json\/wp\/v2\/comments?post=21185"}],"version-history":[{"count":3,"href":"https:\/\/www.elamazonico.com\/portal\/wp-json\/wp\/v2\/posts\/21185\/revisions"}],"predecessor-version":[{"id":21189,"href":"https:\/\/www.elamazonico.com\/portal\/wp-json\/wp\/v2\/posts\/21185\/revisions\/21189"}],"wp:featuredmedia":[{"embeddable":true,"href":"https:\/\/www.elamazonico.com\/portal\/wp-json\/wp\/v2\/media\/21186"}],"wp:attachment":[{"href":"https:\/\/www.elamazonico.com\/portal\/wp-json\/wp\/v2\/media?parent=21185"}],"wp:term":[{"taxonomy":"category","embeddable":true,"href":"https:\/\/www.elamazonico.com\/portal\/wp-json\/wp\/v2\/categories?post=21185"},{"taxonomy":"post_tag","embeddable":true,"href":"https:\/\/www.elamazonico.com\/portal\/wp-json\/wp\/v2\/tags?post=21185"}],"curies":[{"name":"wp","href":"https:\/\/api.w.org\/{rel}","templated":true}]}}