{"id":21182,"date":"2025-01-17T11:40:20","date_gmt":"2025-01-17T16:40:20","guid":{"rendered":"https:\/\/www.elamazonico.com\/portal\/?p=21182"},"modified":"2025-01-17T12:02:32","modified_gmt":"2025-01-17T17:02:32","slug":"unidad-educativa-rio-zamora-celebra-47-anos-de-vida-institucional","status":"publish","type":"post","link":"https:\/\/www.elamazonico.com\/portal\/unidad-educativa-rio-zamora-celebra-47-anos-de-vida-institucional\/","title":{"rendered":"Unidad Educativa R\u00edo Zamora Celebra 47 A\u00f1os de Vida Institucional"},"content":{"rendered":"<p>La Unidad Educativa R\u00edo Zamora, ubicada en la parroquia Cumbaratza, celebra con orgullo sus 47 a\u00f1os de vida institucional, consolid\u00e1ndose como un referente educativo en su parroquia. En el marco de este aniversario, la comunidad educativa ha preparado una programaci\u00f3n especial para destacar los logros y valores que han caracterizado a esta instituci\u00f3n desde su fundaci\u00f3n.<\/p>\n<p>El 15 de enero, las festividades iniciaron con un preg\u00f3n de fiestas a las 18:00 horas, seguido por la elecci\u00f3n de la reina del colegio, evento organizado por el Comit\u00e9 Central de Padres de Familia.<\/p>\n<p>El 16 de enero, las celebraciones continuaron con:<\/p>\n<ul>\n<li>Festival de la Poes\u00eda, resaltando el talento literario de los estudiantes.<\/li>\n<li>Concurso de amorfinos, promoviendo la creatividad y la tradici\u00f3n oral.<\/li>\n<li>Concurso de dibujo, enfocado en la expresi\u00f3n art\u00edstica.<\/li>\n<li>Casa Abierta, presentada por los estudiantes del Bachillerato de Educaci\u00f3n B\u00e1sica de la Secci\u00f3n Nocturna del Intensivo, evidenciando los avances educativos y proyectos realizados en la instituci\u00f3n.<\/li>\n<\/ul>\n<p>La Unidad Educativa cuenta con 254 estudiantes, distribuidos en las secciones ordinaria y extraordinaria, y con un equipo de 22 docentes especializados, comprometidos con la formaci\u00f3n integral de los j\u00f3venes.<\/p>\n<p>La rectora de la instituci\u00f3n, Alba Gonz\u00e1lez, destac\u00f3 el valioso apoyo recibido por entidades p\u00fablicas como:<\/p>\n<ul>\n<li>Municipio de Zamora, que ha colaborado activamente para solventar necesidades de infraestructura y servicios b\u00e1sicos.<\/li>\n<li>GAD Parroquial de Cumbaratza, que contribuye al desarrollo de proyectos educativos.<\/li>\n<li>Distrito de Educaci\u00f3n, que respalda el fortalecimiento de la calidad educativa.<\/li>\n<\/ul>\n<p>\u201cSiempre ser\u00e1n bienvenidos a nuestra querida Unidad Educativa R\u00edo Zamora, donde estamos prestos a colaborar en todo lo que est\u00e9 a nuestro alcance,\u201d expres\u00f3 Alba Gonz\u00e1lez, enfatizando el compromiso de la instituci\u00f3n con la comunidad.<\/p>\n<p>A lo largo de sus 47 a\u00f1os, la Unidad Educativa R\u00edo Zamora ha mantenido su misi\u00f3n de formar ciudadanos competentes, responsables y comprometidos con el desarrollo de su entorno. Este aniversario no solo celebra su historia, sino tambi\u00e9n su visi\u00f3n hacia un futuro lleno de nuevas oportunidades para sus estudiantes.<\/p>\n","protected":false},"excerpt":{"rendered":"<p>La Unidad Educativa R\u00edo Zamora, ubicada en la parroquia Cumbaratza, celebra con orgullo sus 47 a\u00f1os de vida institucional, consolid\u00e1ndose como un referente educativo en su parroquia. En el marco de este aniversario, la comunidad educativa ha preparado una programaci\u00f3n especial para destacar los logros y valores que han caracterizado a esta instituci\u00f3n desde su fundaci\u00f3n. El 15 de enero, las festividades iniciaron con un preg\u00f3n de fiestas a las 18:00 horas, seguido por la elecci\u00f3n de la reina del colegio, evento organizado por el Comit\u00e9 Central de Padres de Familia. El 16 de enero, las celebraciones continuaron con: Festival de la Poes\u00eda, resaltando el talento literario de los estudiantes. Concurso de amorfinos, promoviendo la creatividad y la tradici\u00f3n oral. Concurso de dibujo, enfocado en la expresi\u00f3n art\u00edstica. Casa Abierta, presentada por los estudiantes del Bachillerato de Educaci\u00f3n B\u00e1sica de la Secci\u00f3n Nocturna del Intensivo, evidenciando los avances educativos y proyectos realizados en la instituci\u00f3n. La Unidad Educativa cuenta con 254 estudiantes, distribuidos en las secciones ordinaria y extraordinaria, y con un equipo de 22 docentes especializados, comprometidos con la formaci\u00f3n integral de los j\u00f3venes. La rectora de la instituci\u00f3n, Alba Gonz\u00e1lez, destac\u00f3 el valioso apoyo recibido por entidades p\u00fablicas como: Municipio de Zamora, que ha colaborado activamente para solventar necesidades de infraestructura y servicios b\u00e1sicos. GAD Parroquial de Cumbaratza, que contribuye al desarrollo de proyectos educativos. Distrito de Educaci\u00f3n, que respalda el fortalecimiento de la calidad educativa. \u201cSiempre ser\u00e1n bienvenidos a nuestra querida Unidad Educativa R\u00edo Zamora, donde estamos prestos a colaborar en todo lo que est\u00e9 a nuestro alcance,\u201d expres\u00f3 Alba Gonz\u00e1lez, enfatizando el compromiso de la instituci\u00f3n con la comunidad. A lo largo de sus 47 a\u00f1os, la Unidad Educativa R\u00edo Zamora ha mantenido su misi\u00f3n de formar ciudadanos competentes, responsables y comprometidos con el desarrollo de su entorno. Este aniversario no solo celebra su historia, sino tambi\u00e9n su visi\u00f3n hacia un futuro lleno de nuevas oportunidades para sus estudiantes.<\/p>\n","protected":false},"author":1,"featured_media":21183,"comment_status":"open","ping_status":"open","sticky":false,"template":"","format":"standard","meta":{"footnotes":""},"categories":[243],"tags":[],"class_list":["post-21182","post","type-post","status-publish","format-standard","has-post-thumbnail","hentry","category-noticias-zamora"],"_links":{"self":[{"href":"https:\/\/www.elamazonico.com\/portal\/wp-json\/wp\/v2\/posts\/21182","targetHints":{"allow":["GET"]}}],"collection":[{"href":"https:\/\/www.elamazonico.com\/portal\/wp-json\/wp\/v2\/posts"}],"about":[{"href":"https:\/\/www.elamazonico.com\/portal\/wp-json\/wp\/v2\/types\/post"}],"author":[{"embeddable":true,"href":"https:\/\/www.elamazonico.com\/portal\/wp-json\/wp\/v2\/users\/1"}],"replies":[{"embeddable":true,"href":"https:\/\/www.elamazonico.com\/portal\/wp-json\/wp\/v2\/comments?post=21182"}],"version-history":[{"count":1,"href":"https:\/\/www.elamazonico.com\/portal\/wp-json\/wp\/v2\/posts\/21182\/revisions"}],"predecessor-version":[{"id":21184,"href":"https:\/\/www.elamazonico.com\/portal\/wp-json\/wp\/v2\/posts\/21182\/revisions\/21184"}],"wp:featuredmedia":[{"embeddable":true,"href":"https:\/\/www.elamazonico.com\/portal\/wp-json\/wp\/v2\/media\/21183"}],"wp:attachment":[{"href":"https:\/\/www.elamazonico.com\/portal\/wp-json\/wp\/v2\/media?parent=21182"}],"wp:term":[{"taxonomy":"category","embeddable":true,"href":"https:\/\/www.elamazonico.com\/portal\/wp-json\/wp\/v2\/categories?post=21182"},{"taxonomy":"post_tag","embeddable":true,"href":"https:\/\/www.elamazonico.com\/portal\/wp-json\/wp\/v2\/tags?post=21182"}],"curies":[{"name":"wp","href":"https:\/\/api.w.org\/{rel}","templated":true}]}}