{"id":21166,"date":"2025-01-16T11:12:38","date_gmt":"2025-01-16T16:12:38","guid":{"rendered":"https:\/\/www.elamazonico.com\/portal\/?p=21166"},"modified":"2025-01-16T11:40:19","modified_gmt":"2025-01-16T16:40:19","slug":"intensifican-esfuerzos-para-localizar-al-sr-jose-teodoro-flores-calderon","status":"publish","type":"post","link":"https:\/\/www.elamazonico.com\/portal\/intensifican-esfuerzos-para-localizar-al-sr-jose-teodoro-flores-calderon\/","title":{"rendered":"Se cumple 9 d\u00edas de b\u00fasqueda del se\u00f1or Jos\u00e9 Flores Calder\u00f3n"},"content":{"rendered":"<p>En cumplimiento del compromiso de salvaguardar la seguridad y bienestar de la ciudadan\u00eda, se informa que el d\u00eda de hoy, 16 de enero de 2025, se est\u00e1 llevando a cabo un operativo de b\u00fasqueda conjunta para localizar al se\u00f1or Jos\u00e9 Teodoro Flores Calder\u00f3n, adulto mayor de 79 a\u00f1os, quien fue reportado como desaparecido el pasado 8 de enero en la parroquia Tundayme, cant\u00f3n El Pangui, provincia de Zamora Chinchipe.<\/p>\n<p>El esfuerzo coordinado re\u00fane a 21 efectivos de diversas instituciones y organismos especializados, tales como:<\/p>\n<ul>\n<li>Direcci\u00f3n Nacional de Delitos contra la Vida, Muertes Violentas, Desapariciones, Extorsi\u00f3n y Secuestros (DINASED).<\/li>\n<li>Cuerpo de Bomberos de Gualaquiza.<\/li>\n<li>Cuerpo de Bomberos de El Pangui.<\/li>\n<li>Cuerpo de Bomberos de Zamora.<\/li>\n<li>Familiares y allegados del desaparecido.<\/li>\n<\/ul>\n<p>Las operaciones se han enfocado en las siguientes zonas clave, tomando en cuenta su complejidad geogr\u00e1fica y posible relaci\u00f3n con la desaparici\u00f3n:<\/p>\n<ul>\n<li>R\u00edo Quimi y r\u00edo Zamora.<\/li>\n<li>\u00c1reas boscosas y senderos ubicados en el valle del Quimi, Churuwia y Manchinatza Alto.<\/li>\n<\/ul>\n<p>Los equipos desplegados est\u00e1n realizando labores de rastreo terrestre y acu\u00e1tico, utilizando herramientas especializadas para maximizar la eficacia del operativo.<\/p>\n<p>La colaboraci\u00f3n de la comunidad resulta esencial para lograr resultados positivos en esta b\u00fasqueda. Si dispone de informaci\u00f3n que pueda contribuir a la localizaci\u00f3n del se\u00f1or Jos\u00e9 Teodoro Flores Calder\u00f3n, se solicita comunicarse de manera inmediata a cualquiera de los siguientes n\u00fameros de contacto:<\/p>\n<ul>\n<li>072 310 102<\/li>\n<li>095 899 0349<\/li>\n<li>\u260e\ufe0f 1800 DELITO (335 486)<\/li>\n<\/ul>\n<p>Toda informaci\u00f3n proporcionada ser\u00e1 tratada con estricta confidencialidad.<\/p>\n<p>El apoyo solidario de la ciudadan\u00eda puede marcar la diferencia en este esfuerzo conjunto. Invitamos a todos a mantenerse atentos y contribuir en la medida de lo posible para localizar al se\u00f1or Flores Calder\u00f3n.<\/p>\n","protected":false},"excerpt":{"rendered":"<p>En cumplimiento del compromiso de salvaguardar la seguridad y bienestar de la ciudadan\u00eda, se informa que el d\u00eda de hoy, 16 de enero de 2025, se est\u00e1 llevando a cabo un operativo de b\u00fasqueda conjunta para localizar al se\u00f1or Jos\u00e9 Teodoro Flores Calder\u00f3n, adulto mayor de 79 a\u00f1os, quien fue reportado como desaparecido el pasado 8 de enero en la parroquia Tundayme, cant\u00f3n El Pangui, provincia de Zamora Chinchipe. El esfuerzo coordinado re\u00fane a 21 efectivos de diversas instituciones y organismos especializados, tales como: Direcci\u00f3n Nacional de Delitos contra la Vida, Muertes Violentas, Desapariciones, Extorsi\u00f3n y Secuestros (DINASED). Cuerpo de Bomberos de Gualaquiza. Cuerpo de Bomberos de El Pangui. Cuerpo de Bomberos de Zamora. Familiares y allegados del desaparecido. Las operaciones se han enfocado en las siguientes zonas clave, tomando en cuenta su complejidad geogr\u00e1fica y posible relaci\u00f3n con la desaparici\u00f3n: R\u00edo Quimi y r\u00edo Zamora. \u00c1reas boscosas y senderos ubicados en el valle del Quimi, Churuwia y Manchinatza Alto. Los equipos desplegados est\u00e1n realizando labores de rastreo terrestre y acu\u00e1tico, utilizando herramientas especializadas para maximizar la eficacia del operativo. La colaboraci\u00f3n de la comunidad resulta esencial para lograr resultados positivos en esta b\u00fasqueda. Si dispone de informaci\u00f3n que pueda contribuir a la localizaci\u00f3n del se\u00f1or Jos\u00e9 Teodoro Flores Calder\u00f3n, se solicita comunicarse de manera inmediata a cualquiera de los siguientes n\u00fameros de contacto: 072 310 102 095 899 0349 \u260e\ufe0f 1800 DELITO (335 486) Toda informaci\u00f3n proporcionada ser\u00e1 tratada con estricta confidencialidad. El apoyo solidario de la ciudadan\u00eda puede marcar la diferencia en este esfuerzo conjunto. Invitamos a todos a mantenerse atentos y contribuir en la medida de lo posible para localizar al se\u00f1or Flores Calder\u00f3n.<\/p>\n","protected":false},"author":1,"featured_media":21167,"comment_status":"open","ping_status":"open","sticky":false,"template":"","format":"standard","meta":{"footnotes":""},"categories":[243],"tags":[],"class_list":["post-21166","post","type-post","status-publish","format-standard","has-post-thumbnail","hentry","category-noticias-zamora"],"_links":{"self":[{"href":"https:\/\/www.elamazonico.com\/portal\/wp-json\/wp\/v2\/posts\/21166","targetHints":{"allow":["GET"]}}],"collection":[{"href":"https:\/\/www.elamazonico.com\/portal\/wp-json\/wp\/v2\/posts"}],"about":[{"href":"https:\/\/www.elamazonico.com\/portal\/wp-json\/wp\/v2\/types\/post"}],"author":[{"embeddable":true,"href":"https:\/\/www.elamazonico.com\/portal\/wp-json\/wp\/v2\/users\/1"}],"replies":[{"embeddable":true,"href":"https:\/\/www.elamazonico.com\/portal\/wp-json\/wp\/v2\/comments?post=21166"}],"version-history":[{"count":2,"href":"https:\/\/www.elamazonico.com\/portal\/wp-json\/wp\/v2\/posts\/21166\/revisions"}],"predecessor-version":[{"id":21170,"href":"https:\/\/www.elamazonico.com\/portal\/wp-json\/wp\/v2\/posts\/21166\/revisions\/21170"}],"wp:featuredmedia":[{"embeddable":true,"href":"https:\/\/www.elamazonico.com\/portal\/wp-json\/wp\/v2\/media\/21167"}],"wp:attachment":[{"href":"https:\/\/www.elamazonico.com\/portal\/wp-json\/wp\/v2\/media?parent=21166"}],"wp:term":[{"taxonomy":"category","embeddable":true,"href":"https:\/\/www.elamazonico.com\/portal\/wp-json\/wp\/v2\/categories?post=21166"},{"taxonomy":"post_tag","embeddable":true,"href":"https:\/\/www.elamazonico.com\/portal\/wp-json\/wp\/v2\/tags?post=21166"}],"curies":[{"name":"wp","href":"https:\/\/api.w.org\/{rel}","templated":true}]}}