{"id":21163,"date":"2025-01-16T10:26:59","date_gmt":"2025-01-16T15:26:59","guid":{"rendered":"https:\/\/www.elamazonico.com\/portal\/?p=21163"},"modified":"2025-01-16T10:26:59","modified_gmt":"2025-01-16T15:26:59","slug":"elecciones-en-el-colegio-de-abogados-de-zamora-chinchipe","status":"publish","type":"post","link":"https:\/\/www.elamazonico.com\/portal\/elecciones-en-el-colegio-de-abogados-de-zamora-chinchipe\/","title":{"rendered":"Elecciones en el Colegio de Abogados de Zamora Chinchipe"},"content":{"rendered":"<p>El doctor Nelson M\u00e1rquez, junto a la doctora Johana Rodr\u00edguez, abordaron aspectos relevantes sobre el proceso electoral en el Colegio de Abogados de Zamora Chinchipe. Durante su intervenci\u00f3n, el Dr. M\u00e1rquez destac\u00f3 la necesidad de revitalizar la actividad gremial, considerando que, durante m\u00e1s de una d\u00e9cada, la instituci\u00f3n ha experimentado cierto estancamiento. Este esfuerzo por recuperar la participaci\u00f3n activa de los abogados es impulsado por el directorio presidido por el Dr. Roy Poma, quien design\u00f3 como vocales del Tribunal Electoral al Dr. M\u00e1rquez, la Dra. Rodr\u00edguez y el Dr. \u00c1ngel Ortiz, en conformidad con los estatutos y reglamentos vigentes.<\/p>\n<p>El Tribunal Electoral ha estructurado un cronograma que detalla las fases del proceso electoral:<\/p>\n<ol>\n<li>Convocatoria p\u00fablica: Se realiz\u00f3 el 15 de enero de 2025, invitando a todos los abogados de la provincia a participar en la elecci\u00f3n, presentando listas y conformando agrupaciones con esta finalidad.<\/li>\n<li>Presentaci\u00f3n e inscripci\u00f3n de listas: Este acto est\u00e1 previsto para el 7 de febrero de 2025.<\/li>\n<li>Jornada de sufragio: Las elecciones se llevar\u00e1n a cabo el viernes 28 de febrero de 2025, en un espacio definido por el Tribunal Electoral como apropiado para la votaci\u00f3n.<\/li>\n<li>Proclamaci\u00f3n de resultados: Los resultados ser\u00e1n anunciados el mismo 28 de febrero de 2025.<\/li>\n<li>Posesi\u00f3n del nuevo directorio: Se llevar\u00e1 a cabo el 7 de marzo de 2025, marcando el inicio oficial de un per\u00edodo de gesti\u00f3n de dos a\u00f1os.<\/li>\n<\/ol>\n<p>De acuerdo con los estatutos del Colegio de Abogados y la Ley de Federaci\u00f3n de Abogados, el nuevo directorio estar\u00e1 compuesto por:<\/p>\n<ul>\n<li>Presidente<\/li>\n<li>Vicepresidente<\/li>\n<li>Tesorero<\/li>\n<li>Secretario<\/li>\n<li>Tres vocales principales<\/li>\n<li>Tres vocales suplentes<\/li>\n<li>Tribunal de Honor (cinco miembros, dada la existencia de m\u00e1s de 100 abogados en la provincia)<\/li>\n<li>Dos delegados a la Asamblea Nacional de Abogados<\/li>\n<\/ul>\n<p>El Tribunal de Honor tendr\u00e1 facultades espec\u00edficas, como la de sancionar o amonestar a abogados en ejercicio profesional que incurran en faltas a la Ley Org\u00e1nica. Para integrar este \u00f3rgano, se requiere un m\u00ednimo de diez a\u00f1os de ejercicio profesional y dedicaci\u00f3n exclusiva al libre ejercicio del derecho.<\/p>\n<p>Con el objetivo de fortalecer la participaci\u00f3n y asegurar la transparencia en el proceso electoral, el Tribunal Electoral ha convocado a una reafiliaci\u00f3n de los abogados radicados en la provincia. Seg\u00fan estimaciones preliminares, el padr\u00f3n electoral incluir\u00eda alrededor de 200 abogados en ejercicio, y se espera un incremento significativo, con la incorporaci\u00f3n de entre 60 y 80 nuevos miembros, incluidos profesionales que solicitar\u00e1n transferencia desde otros colegios provinciales.<\/p>\n<p>El Dr. M\u00e1rquez subray\u00f3 que el nuevo directorio coincidir\u00e1 estatutariamente con las festividades de fundaci\u00f3n de la provincia, iniciando su gesti\u00f3n el 7 de marzo de 2025 y culminando en noviembre de 2027. Adem\u00e1s, se han realizado visitas a los cantones Yantzaza, Centinela del C\u00f3ndor y El Pangui, promoviendo la afiliaci\u00f3n de colegas que actualmente desempe\u00f1an funciones en juzgados, fiscal\u00edas y otras dependencias judiciales.<\/p>\n<p>El Tribunal Electoral reafirma su compromiso con la transparencia, la participaci\u00f3n y el fortalecimiento del gremio, invitando a todos los profesionales del derecho a ser parte activa de este importante proceso.<\/p>\n","protected":false},"excerpt":{"rendered":"<p>El doctor Nelson M\u00e1rquez, junto a la doctora Johana Rodr\u00edguez, abordaron aspectos relevantes sobre el proceso electoral en el Colegio de Abogados de Zamora Chinchipe. Durante su intervenci\u00f3n, el Dr. M\u00e1rquez destac\u00f3 la necesidad de revitalizar la actividad gremial, considerando que, durante m\u00e1s de una d\u00e9cada, la instituci\u00f3n ha experimentado cierto estancamiento. Este esfuerzo por recuperar la participaci\u00f3n activa de los abogados es impulsado por el directorio presidido por el Dr. Roy Poma, quien design\u00f3 como vocales del Tribunal Electoral al Dr. M\u00e1rquez, la Dra. Rodr\u00edguez y el Dr. \u00c1ngel Ortiz, en conformidad con los estatutos y reglamentos vigentes. El Tribunal Electoral ha estructurado un cronograma que detalla las fases del proceso electoral: Convocatoria p\u00fablica: Se realiz\u00f3 el 15 de enero de 2025, invitando a todos los abogados de la provincia a participar en la elecci\u00f3n, presentando listas y conformando agrupaciones con esta finalidad. Presentaci\u00f3n e inscripci\u00f3n de listas: Este acto est\u00e1 previsto para el 7 de febrero de 2025. Jornada de sufragio: Las elecciones se llevar\u00e1n a cabo el viernes 28 de febrero de 2025, en un espacio definido por el Tribunal Electoral como apropiado para la votaci\u00f3n. Proclamaci\u00f3n de resultados: Los resultados ser\u00e1n anunciados el mismo 28 de febrero de 2025. Posesi\u00f3n del nuevo directorio: Se llevar\u00e1 a cabo el 7 de marzo de 2025, marcando el inicio oficial de un per\u00edodo de gesti\u00f3n de dos a\u00f1os. De acuerdo con los estatutos del Colegio de Abogados y la Ley de Federaci\u00f3n de Abogados, el nuevo directorio estar\u00e1 compuesto por: Presidente Vicepresidente Tesorero Secretario Tres vocales principales Tres vocales suplentes Tribunal de Honor (cinco miembros, dada la existencia de m\u00e1s de 100 abogados en la provincia) Dos delegados a la Asamblea Nacional de Abogados El Tribunal de Honor tendr\u00e1 facultades espec\u00edficas, como la de sancionar o amonestar a abogados en ejercicio profesional que incurran en faltas a la Ley Org\u00e1nica. Para integrar este \u00f3rgano, se requiere un m\u00ednimo de diez a\u00f1os de ejercicio profesional y dedicaci\u00f3n exclusiva al libre ejercicio del derecho. Con el objetivo de fortalecer la participaci\u00f3n y asegurar la transparencia en el proceso electoral, el Tribunal Electoral ha convocado a una reafiliaci\u00f3n de los abogados radicados en la provincia. Seg\u00fan estimaciones preliminares, el padr\u00f3n electoral incluir\u00eda alrededor de 200 abogados en ejercicio, y se espera un incremento significativo, con la incorporaci\u00f3n de entre 60 y 80 nuevos miembros, incluidos profesionales que solicitar\u00e1n transferencia desde otros colegios provinciales. El Dr. M\u00e1rquez subray\u00f3 que el nuevo directorio coincidir\u00e1 estatutariamente con las festividades de fundaci\u00f3n de la provincia, iniciando su gesti\u00f3n el 7 de marzo de 2025 y culminando en noviembre de 2027. Adem\u00e1s, se han realizado visitas a los cantones Yantzaza, Centinela del C\u00f3ndor y El Pangui, promoviendo la afiliaci\u00f3n de colegas que actualmente desempe\u00f1an funciones en juzgados, fiscal\u00edas y otras dependencias judiciales. El Tribunal Electoral reafirma su compromiso con la transparencia, la participaci\u00f3n y el fortalecimiento del gremio, invitando a todos los profesionales del derecho a ser parte activa de este importante proceso.<\/p>\n","protected":false},"author":1,"featured_media":21164,"comment_status":"open","ping_status":"open","sticky":false,"template":"","format":"standard","meta":{"footnotes":""},"categories":[243],"tags":[],"class_list":["post-21163","post","type-post","status-publish","format-standard","has-post-thumbnail","hentry","category-noticias-zamora"],"_links":{"self":[{"href":"https:\/\/www.elamazonico.com\/portal\/wp-json\/wp\/v2\/posts\/21163","targetHints":{"allow":["GET"]}}],"collection":[{"href":"https:\/\/www.elamazonico.com\/portal\/wp-json\/wp\/v2\/posts"}],"about":[{"href":"https:\/\/www.elamazonico.com\/portal\/wp-json\/wp\/v2\/types\/post"}],"author":[{"embeddable":true,"href":"https:\/\/www.elamazonico.com\/portal\/wp-json\/wp\/v2\/users\/1"}],"replies":[{"embeddable":true,"href":"https:\/\/www.elamazonico.com\/portal\/wp-json\/wp\/v2\/comments?post=21163"}],"version-history":[{"count":1,"href":"https:\/\/www.elamazonico.com\/portal\/wp-json\/wp\/v2\/posts\/21163\/revisions"}],"predecessor-version":[{"id":21165,"href":"https:\/\/www.elamazonico.com\/portal\/wp-json\/wp\/v2\/posts\/21163\/revisions\/21165"}],"wp:featuredmedia":[{"embeddable":true,"href":"https:\/\/www.elamazonico.com\/portal\/wp-json\/wp\/v2\/media\/21164"}],"wp:attachment":[{"href":"https:\/\/www.elamazonico.com\/portal\/wp-json\/wp\/v2\/media?parent=21163"}],"wp:term":[{"taxonomy":"category","embeddable":true,"href":"https:\/\/www.elamazonico.com\/portal\/wp-json\/wp\/v2\/categories?post=21163"},{"taxonomy":"post_tag","embeddable":true,"href":"https:\/\/www.elamazonico.com\/portal\/wp-json\/wp\/v2\/tags?post=21163"}],"curies":[{"name":"wp","href":"https:\/\/api.w.org\/{rel}","templated":true}]}}