{"id":21124,"date":"2025-01-13T21:43:09","date_gmt":"2025-01-14T02:43:09","guid":{"rendered":"https:\/\/www.elamazonico.com\/portal\/?p=21124"},"modified":"2025-01-13T21:43:09","modified_gmt":"2025-01-14T02:43:09","slug":"bukele-anuncia-captura-de-ocho-ecuatorianos-y-decomiso-de-4-3-toneladas-de-cocaina-en-aguas-internacionales","status":"publish","type":"post","link":"https:\/\/www.elamazonico.com\/portal\/bukele-anuncia-captura-de-ocho-ecuatorianos-y-decomiso-de-4-3-toneladas-de-cocaina-en-aguas-internacionales\/","title":{"rendered":"Bukele anuncia captura de ocho ecuatorianos y decomiso de 4.3 toneladas de coca\u00edna en aguas internacionales"},"content":{"rendered":"<div class=\"paragraph texto\">\n<p class=\"p_0\">El presidente de El Salvador, Nayib\u00a0<b><a href=\"https:\/\/www.vistazo.com\/cronologia\/-\/meta\/nayib-bukele\" target=\"_blank\" rel=\"noopener noreferrer\">Bukele<\/a><\/b>, anunci\u00f3 la captura de ocho\u00a0<b>ecuatorianos<\/b>\u00a0implicados en\u00a0<b>narcotr\u00e1fico<\/b>, mientras se desplazaban a bordo de lanchas con las sustancias sujetas a fiscalizaci\u00f3n.<\/p>\n<p class=\"p_1\">Este lunes 13 de enero, el mandatario inform\u00f3 sobre el decomiso de 4.3 toneladas de\u00a0<b>coca\u00edna<\/b>, valoradas en m\u00e1s de\u00a0<b>100 millones de d\u00f3lares<\/b>.<\/p>\n<p class=\"p_3\">\u00abNuestra Marina Nacional ha asestado un\u00a0<b>golpe<\/b>\u00a0hist\u00f3rico al narcotr\u00e1fico en los primeros d\u00edas de\u00a0<b>2025<\/b>, con cuatro incautaciones realizadas en una sola misi\u00f3n, todas en\u00a0<b>aguas<\/b>\u00a0<b>internacionales<\/b>, a casi 1,000 millas n\u00e1uticas\u00bb, apunt\u00f3 Bukele en su cuenta oficial de la red social X.<\/p>\n<p class=\"p_4\">En total, se interceptaron\u00a0<b>cuatro<\/b>\u00a0<b>embarcaciones<\/b>\u00a0y se logr\u00f3 la captura de nueve narcotraficantes de nacionalidades ecuatoriana y colombiana. \u00abEste es un fuerte golpe al crimen organizado y al narcotr\u00e1fico\u00bb, resalt\u00f3 el presidente.<\/p>\n<\/div>\n<ul>\n<li class=\"bulletvistazo\">Operaci\u00f3n 1<\/li>\n<\/ul>\n<div class=\"paragraph texto\">\n<p class=\"p_6\">En la primera operaci\u00f3n, la Marina Nacional de El Salvador intercept\u00f3 una embarcaci\u00f3n a 990 millas n\u00e1uticas al suroeste de la Bocana El Cordoncillo, Estero de Jaltepeque.<\/p>\n<div id=\"Center2\" class=\"centervist\" data-google-query-id=\"CNrah--X9IoDFcGnywEdHwky9Q\">\n<div id=\"google_ads_iframe_\/21839199781\/Vistazo\/Vistazo_Center2_0__container__\">A bordo de la lancha, dos narcotraficantes ecuatorianos transportaban 1,560 kilos de coca\u00edna, valorados en 38.9 millones de d\u00f3lares.<\/div>\n<\/div>\n<\/div>\n<ul>\n<li class=\"bulletvistazo\">Operaci\u00f3n 2<\/li>\n<\/ul>\n<div class=\"paragraph texto\">\n<p class=\"p_8\">En la misma zona se intercept\u00f3 otra embarcaci\u00f3n con dos narcotraficantes: uno ecuatoriano y otro colombiano.<\/p>\n<p class=\"p_9\">Esta embarcaci\u00f3n llevaba 1,560 kilos de coca\u00edna, tambi\u00e9n valorados en $38.9 millones de d\u00f3lares.<\/p>\n<\/div>\n<ul>\n<li class=\"bulletvistazo\">Operaci\u00f3n 3<\/li>\n<\/ul>\n<div class=\"paragraph texto\">\n<p class=\"p_10\">A 850 millas n\u00e1uticas, se intercept\u00f3 una tercera embarcaci\u00f3n. A bordo, dos narcotraficantes ecuatorianos transportaban 599 kilos de coca\u00edna, valorados en $14.9 millones de d\u00f3lares.<\/p>\n<\/div>\n<ul>\n<li class=\"bulletvistazo\">Operaci\u00f3n 4<\/li>\n<\/ul>\n<div class=\"paragraph texto\">\n<p class=\"p_11\">Finalmente, a 860 millas n\u00e1uticas, una cuarta embarcaci\u00f3n fue detenida con tres narcotraficantes ecuatorianos que transportaban 626 kilos de coca\u00edna, valorados en $15.6 millones de d\u00f3lares.<\/p>\n<p><strong>Fuente: Vistazo<\/strong><\/p>\n<\/div>\n","protected":false},"excerpt":{"rendered":"<p>El presidente de El Salvador, Nayib\u00a0Bukele, anunci\u00f3 la captura de ocho\u00a0ecuatorianos\u00a0implicados en\u00a0narcotr\u00e1fico, mientras se desplazaban a bordo de lanchas con las sustancias sujetas a fiscalizaci\u00f3n. Este lunes 13 de enero, el mandatario inform\u00f3 sobre el decomiso de 4.3 toneladas de\u00a0coca\u00edna, valoradas en m\u00e1s de\u00a0100 millones de d\u00f3lares. \u00abNuestra Marina Nacional ha asestado un\u00a0golpe\u00a0hist\u00f3rico al narcotr\u00e1fico en los primeros d\u00edas de\u00a02025, con cuatro incautaciones realizadas en una sola misi\u00f3n, todas en\u00a0aguas\u00a0internacionales, a casi 1,000 millas n\u00e1uticas\u00bb, apunt\u00f3 Bukele en su cuenta oficial de la red social X. En total, se interceptaron\u00a0cuatro\u00a0embarcaciones\u00a0y se logr\u00f3 la captura de nueve narcotraficantes de nacionalidades ecuatoriana y colombiana. \u00abEste es un fuerte golpe al crimen organizado y al narcotr\u00e1fico\u00bb, resalt\u00f3 el presidente. Operaci\u00f3n 1 En la primera operaci\u00f3n, la Marina Nacional de El Salvador intercept\u00f3 una embarcaci\u00f3n a 990 millas n\u00e1uticas al suroeste de la Bocana El Cordoncillo, Estero de Jaltepeque. A bordo de la lancha, dos narcotraficantes ecuatorianos transportaban 1,560 kilos de coca\u00edna, valorados en 38.9 millones de d\u00f3lares. Operaci\u00f3n 2 En la misma zona se intercept\u00f3 otra embarcaci\u00f3n con dos narcotraficantes: uno ecuatoriano y otro colombiano. Esta embarcaci\u00f3n llevaba 1,560 kilos de coca\u00edna, tambi\u00e9n valorados en $38.9 millones de d\u00f3lares. Operaci\u00f3n 3 A 850 millas n\u00e1uticas, se intercept\u00f3 una tercera embarcaci\u00f3n. A bordo, dos narcotraficantes ecuatorianos transportaban 599 kilos de coca\u00edna, valorados en $14.9 millones de d\u00f3lares. Operaci\u00f3n 4 Finalmente, a 860 millas n\u00e1uticas, una cuarta embarcaci\u00f3n fue detenida con tres narcotraficantes ecuatorianos que transportaban 626 kilos de coca\u00edna, valorados en $15.6 millones de d\u00f3lares. Fuente: Vistazo<\/p>\n","protected":false},"author":1,"featured_media":21125,"comment_status":"open","ping_status":"open","sticky":false,"template":"","format":"standard","meta":{"footnotes":""},"categories":[5],"tags":[],"class_list":["post-21124","post","type-post","status-publish","format-standard","has-post-thumbnail","hentry","category-internacionales"],"_links":{"self":[{"href":"https:\/\/www.elamazonico.com\/portal\/wp-json\/wp\/v2\/posts\/21124","targetHints":{"allow":["GET"]}}],"collection":[{"href":"https:\/\/www.elamazonico.com\/portal\/wp-json\/wp\/v2\/posts"}],"about":[{"href":"https:\/\/www.elamazonico.com\/portal\/wp-json\/wp\/v2\/types\/post"}],"author":[{"embeddable":true,"href":"https:\/\/www.elamazonico.com\/portal\/wp-json\/wp\/v2\/users\/1"}],"replies":[{"embeddable":true,"href":"https:\/\/www.elamazonico.com\/portal\/wp-json\/wp\/v2\/comments?post=21124"}],"version-history":[{"count":1,"href":"https:\/\/www.elamazonico.com\/portal\/wp-json\/wp\/v2\/posts\/21124\/revisions"}],"predecessor-version":[{"id":21126,"href":"https:\/\/www.elamazonico.com\/portal\/wp-json\/wp\/v2\/posts\/21124\/revisions\/21126"}],"wp:featuredmedia":[{"embeddable":true,"href":"https:\/\/www.elamazonico.com\/portal\/wp-json\/wp\/v2\/media\/21125"}],"wp:attachment":[{"href":"https:\/\/www.elamazonico.com\/portal\/wp-json\/wp\/v2\/media?parent=21124"}],"wp:term":[{"taxonomy":"category","embeddable":true,"href":"https:\/\/www.elamazonico.com\/portal\/wp-json\/wp\/v2\/categories?post=21124"},{"taxonomy":"post_tag","embeddable":true,"href":"https:\/\/www.elamazonico.com\/portal\/wp-json\/wp\/v2\/tags?post=21124"}],"curies":[{"name":"wp","href":"https:\/\/api.w.org\/{rel}","templated":true}]}}