{"id":21078,"date":"2025-01-08T10:32:26","date_gmt":"2025-01-08T15:32:26","guid":{"rendered":"https:\/\/www.elamazonico.com\/portal\/?p=21078"},"modified":"2025-01-08T10:33:43","modified_gmt":"2025-01-08T15:33:43","slug":"tension-en-venezuela-a-dos-dias-de-la-posesion-de-maduro","status":"publish","type":"post","link":"https:\/\/www.elamazonico.com\/portal\/tension-en-venezuela-a-dos-dias-de-la-posesion-de-maduro\/","title":{"rendered":"Tensi\u00f3n en Venezuela a dos d\u00edas de la posesi\u00f3n de Maduro"},"content":{"rendered":"<p>El mundo tiene sus ojos puestos sobr<strong>e Venezuela a dos d\u00edas de la posesi\u00f3n de Nicol\u00e1s Maduro<\/strong> como presidente de ese pa\u00eds.<\/p>\n<div class=\"google-auto-placed ap_container\">\n<div id=\"aswift_2_host\">La l\u00edder opositora de Venezuela, <strong>Mar\u00eda Corina Machado, confirm\u00f3 que acudir\u00e1 a la manifestaci\u00f3n del 9 de enero<\/strong>\u00a0para reivindicar la victoria de Gonz\u00e1lez Urrutia. Por su lado, Maduro ha anunciado la detenci\u00f3n de siete \u00abmercenarios\u00bb extranjeros que pretend\u00edan cometer actos terroristas, seg\u00fan su versi\u00f3n.<\/div>\n<\/div>\n<p>Machado calific\u00f3 la jornada como un \u00abd\u00eda hist\u00f3rico\u00bb y llam\u00f3 a todos los venezolanos, desde ni\u00f1os a j\u00f3venes, pasando por adultos y ancianos, a manifestarse a las 10:00 en sus ciudades y pueblos, vistiendo los colores de la ense\u00f1a nacional de Venezuela: amarillo, azul y rojo.<\/p>\n<p>Pero tanto Machado como Gonz\u00e1lez viven momentos de tensi\u00f3n en las \u00faltimas horas.<\/p>\n<div class=\"twitter-tweet twitter-tweet-rendered\"><iframe id=\"twitter-widget-1\" class=\"\" title=\"X Post\" src=\"https:\/\/platform.twitter.com\/embed\/Tweet.html?creatorScreenName=el_telegrafo&amp;dnt=false&amp;embedId=twitter-widget-1&amp;features=eyJ0ZndfdGltZWxpbmVfbGlzdCI6eyJidWNrZXQiOltdLCJ2ZXJzaW9uIjpudWxsfSwidGZ3X2ZvbGxvd2VyX2NvdW50X3N1bnNldCI6eyJidWNrZXQiOnRydWUsInZlcnNpb24iOm51bGx9LCJ0ZndfdHdlZXRfZWRpdF9iYWNrZW5kIjp7ImJ1Y2tldCI6Im9uIiwidmVyc2lvbiI6bnVsbH0sInRmd19yZWZzcmNfc2Vzc2lvbiI6eyJidWNrZXQiOiJvbiIsInZlcnNpb24iOm51bGx9LCJ0ZndfZm9zbnJfc29mdF9pbnRlcnZlbnRpb25zX2VuYWJsZWQiOnsiYnVja2V0Ijoib24iLCJ2ZXJzaW9uIjpudWxsfSwidGZ3X21peGVkX21lZGlhXzE1ODk3Ijp7ImJ1Y2tldCI6InRyZWF0bWVudCIsInZlcnNpb24iOm51bGx9LCJ0ZndfZXhwZXJpbWVudHNfY29va2llX2V4cGlyYXRpb24iOnsiYnVja2V0IjoxMjA5NjAwLCJ2ZXJzaW9uIjpudWxsfSwidGZ3X3Nob3dfYmlyZHdhdGNoX3Bpdm90c19lbmFibGVkIjp7ImJ1Y2tldCI6Im9uIiwidmVyc2lvbiI6bnVsbH0sInRmd19kdXBsaWNhdGVfc2NyaWJlc190b19zZXR0aW5ncyI6eyJidWNrZXQiOiJvbiIsInZlcnNpb24iOm51bGx9LCJ0ZndfdXNlX3Byb2ZpbGVfaW1hZ2Vfc2hhcGVfZW5hYmxlZCI6eyJidWNrZXQiOiJvbiIsInZlcnNpb24iOm51bGx9LCJ0ZndfdmlkZW9faGxzX2R5bmFtaWNfbWFuaWZlc3RzXzE1MDgyIjp7ImJ1Y2tldCI6InRydWVfYml0cmF0ZSIsInZlcnNpb24iOm51bGx9LCJ0ZndfbGVnYWN5X3RpbWVsaW5lX3N1bnNldCI6eyJidWNrZXQiOnRydWUsInZlcnNpb24iOm51bGx9LCJ0ZndfdHdlZXRfZWRpdF9mcm9udGVuZCI6eyJidWNrZXQiOiJvbiIsInZlcnNpb24iOm51bGx9fQ%3D%3D&amp;frame=false&amp;hideCard=false&amp;hideThread=false&amp;id=1876768641485574353&amp;lang=es&amp;maxWidth=560px&amp;origin=https%3A%2F%2Fwww.eltelegrafo.com.ec%2Finternacionales%2Finternacionales%2F8%2Ftension-venezuela-dias-posesion-maduro&amp;sessionId=3b486075a5520d1266b35802b8348efe946f1e8f&amp;siteScreenName=el_telegrafo&amp;theme=light&amp;widgetsVersion=2615f7e52b7e0%3A1702314776716&amp;width=550px\" frameborder=\"0\" scrolling=\"no\" allowfullscreen=\"allowfullscreen\" data-tweet-id=\"1876768641485574353\" data-mce-fragment=\"1\"><\/iframe><\/div>\n<p><strong>Edmundo Gonz\u00e1lez denunci\u00f3 este martes 7 el secuestro de su yerno<\/strong> cuando llevaba a sus hijos al colegio. Seg\u00fan medios como Euronews, el martes, varios agentes que portaban capuchas sobre sus cabezas detuvieron a Rafael Tudares, yerno de Edmundo Gonz\u00e1lez, mientras \u00e9ste dejaba a sus hijas en el colegio.<\/p>\n<p>\u00abRafael fue secuestrado mientras llevaba a mis nietas a la escuela. Hombres vestidos de negro lo interceptaron y lo subieron a una camioneta dorada y se lo llevaron. \u00abHasta el momento sigue desaparecido\u00bb, afirm\u00f3 Urrutia, quien atribuye este acto al r\u00e9gimen chavista como parte de su estrategia de presi\u00f3n.<\/p>\n<p>Gonz\u00e1lez Urrutia se encontraba en Estados Unidos en reuniones con l\u00edderes internacionales como Joe Biden, a\u00fan presidente de Estados Unidos. A\u00fan se desconoce si mantendr\u00e1 su agenda, ya que ten\u00eda previsto viajar a Panam\u00e1, donde recibir\u00e1 apoyo de varios exmandatarios y cancilleres de la regi\u00f3n en su intento de regresar a Venezuela.<\/p>\n<div class=\"twitter-tweet twitter-tweet-rendered\"><iframe id=\"twitter-widget-2\" class=\"\" title=\"X Post\" src=\"https:\/\/platform.twitter.com\/embed\/Tweet.html?creatorScreenName=el_telegrafo&amp;dnt=false&amp;embedId=twitter-widget-2&amp;features=eyJ0ZndfdGltZWxpbmVfbGlzdCI6eyJidWNrZXQiOltdLCJ2ZXJzaW9uIjpudWxsfSwidGZ3X2ZvbGxvd2VyX2NvdW50X3N1bnNldCI6eyJidWNrZXQiOnRydWUsInZlcnNpb24iOm51bGx9LCJ0ZndfdHdlZXRfZWRpdF9iYWNrZW5kIjp7ImJ1Y2tldCI6Im9uIiwidmVyc2lvbiI6bnVsbH0sInRmd19yZWZzcmNfc2Vzc2lvbiI6eyJidWNrZXQiOiJvbiIsInZlcnNpb24iOm51bGx9LCJ0ZndfZm9zbnJfc29mdF9pbnRlcnZlbnRpb25zX2VuYWJsZWQiOnsiYnVja2V0Ijoib24iLCJ2ZXJzaW9uIjpudWxsfSwidGZ3X21peGVkX21lZGlhXzE1ODk3Ijp7ImJ1Y2tldCI6InRyZWF0bWVudCIsInZlcnNpb24iOm51bGx9LCJ0ZndfZXhwZXJpbWVudHNfY29va2llX2V4cGlyYXRpb24iOnsiYnVja2V0IjoxMjA5NjAwLCJ2ZXJzaW9uIjpudWxsfSwidGZ3X3Nob3dfYmlyZHdhdGNoX3Bpdm90c19lbmFibGVkIjp7ImJ1Y2tldCI6Im9uIiwidmVyc2lvbiI6bnVsbH0sInRmd19kdXBsaWNhdGVfc2NyaWJlc190b19zZXR0aW5ncyI6eyJidWNrZXQiOiJvbiIsInZlcnNpb24iOm51bGx9LCJ0ZndfdXNlX3Byb2ZpbGVfaW1hZ2Vfc2hhcGVfZW5hYmxlZCI6eyJidWNrZXQiOiJvbiIsInZlcnNpb24iOm51bGx9LCJ0ZndfdmlkZW9faGxzX2R5bmFtaWNfbWFuaWZlc3RzXzE1MDgyIjp7ImJ1Y2tldCI6InRydWVfYml0cmF0ZSIsInZlcnNpb24iOm51bGx9LCJ0ZndfbGVnYWN5X3RpbWVsaW5lX3N1bnNldCI6eyJidWNrZXQiOnRydWUsInZlcnNpb24iOm51bGx9LCJ0ZndfdHdlZXRfZWRpdF9mcm9udGVuZCI6eyJidWNrZXQiOiJvbiIsInZlcnNpb24iOm51bGx9fQ%3D%3D&amp;frame=false&amp;hideCard=false&amp;hideThread=false&amp;id=1876828329652719718&amp;lang=es&amp;origin=https%3A%2F%2Fwww.eltelegrafo.com.ec%2Finternacionales%2Finternacionales%2F8%2Ftension-venezuela-dias-posesion-maduro&amp;sessionId=3b486075a5520d1266b35802b8348efe946f1e8f&amp;siteScreenName=el_telegrafo&amp;theme=light&amp;widgetsVersion=2615f7e52b7e0%3A1702314776716&amp;width=550px\" frameborder=\"0\" scrolling=\"no\" allowfullscreen=\"allowfullscreen\" data-tweet-id=\"1876828329652719718\" data-mce-fragment=\"1\"><\/iframe><\/div>\n<p>Entre tanto, Corina Machado ha denunciado p\u00fablicamente la intimidaci\u00f3n a su familia, espec\u00edficamente a su madre. Este martes, funcionarios del Gobierno de Venezuela rodearon la casa de su madre en Caracas e instalaron puntos de control policial en el sector donde vive, al tiempo que la zona \u2014sobrevolada con drones, seg\u00fan dijo\u2014 se qued\u00f3 sin electricidad.<\/p>\n<div class=\"google-auto-placed ap_container\">\n<p>&nbsp;<\/p>\n<div id=\"aswift_5_host\">Machado hizo esta denuncia en su cuenta de X, donde public\u00f3 que su madre \u201ctiene 84 a\u00f1os, est\u00e1 enferma, con afectaciones cr\u00f3nicas de salud\u201d y dirigi\u00f3 un mensaje al presidente Nicol\u00e1s Maduro: \u201cMaduro y compa\u00f1\u00eda, ustedes no tienen l\u00edmite en su maldad. \u00abCobardes\u00bb.<\/div>\n<p>&nbsp;<\/p>\n<\/div>\n<p><strong>Chile retira su embajada de Venezuela.<\/strong><\/p>\n<p>El Gobierno de Chile ha puesto fin a la misi\u00f3n de Jaime Gazmuri por la falta de avances para resolver el \u00abfraude electoral\u00bb (como lo han calificado) cometido en las elecciones del 28 de julio. El Gobierno de Nicol\u00e1s Maduro ya hab\u00eda ordenado la expulsi\u00f3n del emisario del pa\u00eds vecino, pero finalmente ha sido la contrapartida chilena la que ha decidido cortar por lo sano, una medida simb\u00f3lica por parte del Ministerio de Exteriores del pa\u00eds.<\/p>\n","protected":false},"excerpt":{"rendered":"<p>El mundo tiene sus ojos puestos sobre Venezuela a dos d\u00edas de la posesi\u00f3n de Nicol\u00e1s Maduro como presidente de ese pa\u00eds. La l\u00edder opositora de Venezuela, Mar\u00eda Corina Machado, confirm\u00f3 que acudir\u00e1 a la manifestaci\u00f3n del 9 de enero\u00a0para reivindicar la victoria de Gonz\u00e1lez Urrutia. Por su lado, Maduro ha anunciado la detenci\u00f3n de siete \u00abmercenarios\u00bb extranjeros que pretend\u00edan cometer actos terroristas, seg\u00fan su versi\u00f3n. Machado calific\u00f3 la jornada como un \u00abd\u00eda hist\u00f3rico\u00bb y llam\u00f3 a todos los venezolanos, desde ni\u00f1os a j\u00f3venes, pasando por adultos y ancianos, a manifestarse a las 10:00 en sus ciudades y pueblos, vistiendo los colores de la ense\u00f1a nacional de Venezuela: amarillo, azul y rojo. Pero tanto Machado como Gonz\u00e1lez viven momentos de tensi\u00f3n en las \u00faltimas horas. Edmundo Gonz\u00e1lez denunci\u00f3 este martes 7 el secuestro de su yerno cuando llevaba a sus hijos al colegio. Seg\u00fan medios como Euronews, el martes, varios agentes que portaban capuchas sobre sus cabezas detuvieron a Rafael Tudares, yerno de Edmundo Gonz\u00e1lez, mientras \u00e9ste dejaba a sus hijas en el colegio. \u00abRafael fue secuestrado mientras llevaba a mis nietas a la escuela. Hombres vestidos de negro lo interceptaron y lo subieron a una camioneta dorada y se lo llevaron. \u00abHasta el momento sigue desaparecido\u00bb, afirm\u00f3 Urrutia, quien atribuye este acto al r\u00e9gimen chavista como parte de su estrategia de presi\u00f3n. Gonz\u00e1lez Urrutia se encontraba en Estados Unidos en reuniones con l\u00edderes internacionales como Joe Biden, a\u00fan presidente de Estados Unidos. A\u00fan se desconoce si mantendr\u00e1 su agenda, ya que ten\u00eda previsto viajar a Panam\u00e1, donde recibir\u00e1 apoyo de varios exmandatarios y cancilleres de la regi\u00f3n en su intento de regresar a Venezuela. Entre tanto, Corina Machado ha denunciado p\u00fablicamente la intimidaci\u00f3n a su familia, espec\u00edficamente a su madre. Este martes, funcionarios del Gobierno de Venezuela rodearon la casa de su madre en Caracas e instalaron puntos de control policial en el sector donde vive, al tiempo que la zona \u2014sobrevolada con drones, seg\u00fan dijo\u2014 se qued\u00f3 sin electricidad. &nbsp; Machado hizo esta denuncia en su cuenta de X, donde public\u00f3 que su madre \u201ctiene 84 a\u00f1os, est\u00e1 enferma, con afectaciones cr\u00f3nicas de salud\u201d y dirigi\u00f3 un mensaje al presidente Nicol\u00e1s Maduro: \u201cMaduro y compa\u00f1\u00eda, ustedes no tienen l\u00edmite en su maldad. \u00abCobardes\u00bb. &nbsp; Chile retira su embajada de Venezuela. El Gobierno de Chile ha puesto fin a la misi\u00f3n de Jaime Gazmuri por la falta de avances para resolver el \u00abfraude electoral\u00bb (como lo han calificado) cometido en las elecciones del 28 de julio. El Gobierno de Nicol\u00e1s Maduro ya hab\u00eda ordenado la expulsi\u00f3n del emisario del pa\u00eds vecino, pero finalmente ha sido la contrapartida chilena la que ha decidido cortar por lo sano, una medida simb\u00f3lica por parte del Ministerio de Exteriores del pa\u00eds.<\/p>\n","protected":false},"author":1,"featured_media":21079,"comment_status":"open","ping_status":"open","sticky":false,"template":"","format":"standard","meta":{"footnotes":""},"categories":[5],"tags":[],"class_list":["post-21078","post","type-post","status-publish","format-standard","has-post-thumbnail","hentry","category-internacionales"],"_links":{"self":[{"href":"https:\/\/www.elamazonico.com\/portal\/wp-json\/wp\/v2\/posts\/21078","targetHints":{"allow":["GET"]}}],"collection":[{"href":"https:\/\/www.elamazonico.com\/portal\/wp-json\/wp\/v2\/posts"}],"about":[{"href":"https:\/\/www.elamazonico.com\/portal\/wp-json\/wp\/v2\/types\/post"}],"author":[{"embeddable":true,"href":"https:\/\/www.elamazonico.com\/portal\/wp-json\/wp\/v2\/users\/1"}],"replies":[{"embeddable":true,"href":"https:\/\/www.elamazonico.com\/portal\/wp-json\/wp\/v2\/comments?post=21078"}],"version-history":[{"count":2,"href":"https:\/\/www.elamazonico.com\/portal\/wp-json\/wp\/v2\/posts\/21078\/revisions"}],"predecessor-version":[{"id":21081,"href":"https:\/\/www.elamazonico.com\/portal\/wp-json\/wp\/v2\/posts\/21078\/revisions\/21081"}],"wp:featuredmedia":[{"embeddable":true,"href":"https:\/\/www.elamazonico.com\/portal\/wp-json\/wp\/v2\/media\/21079"}],"wp:attachment":[{"href":"https:\/\/www.elamazonico.com\/portal\/wp-json\/wp\/v2\/media?parent=21078"}],"wp:term":[{"taxonomy":"category","embeddable":true,"href":"https:\/\/www.elamazonico.com\/portal\/wp-json\/wp\/v2\/categories?post=21078"},{"taxonomy":"post_tag","embeddable":true,"href":"https:\/\/www.elamazonico.com\/portal\/wp-json\/wp\/v2\/tags?post=21078"}],"curies":[{"name":"wp","href":"https:\/\/api.w.org\/{rel}","templated":true}]}}