{"id":21058,"date":"2025-01-07T09:57:50","date_gmt":"2025-01-07T14:57:50","guid":{"rendered":"https:\/\/www.elamazonico.com\/portal\/?p=21058"},"modified":"2025-01-07T09:57:50","modified_gmt":"2025-01-07T14:57:50","slug":"patino-promete-el-regreso-de-correa-y-la-liberacion-de-glas-si-luisa-gonzalez-gana-las-elecciones","status":"publish","type":"post","link":"https:\/\/www.elamazonico.com\/portal\/patino-promete-el-regreso-de-correa-y-la-liberacion-de-glas-si-luisa-gonzalez-gana-las-elecciones\/","title":{"rendered":"Pati\u00f1o promete el regreso de Correa y la liberaci\u00f3n de Glas si Luisa Gonz\u00e1lez gana las elecciones"},"content":{"rendered":"<p>Durante el primer evento de campa\u00f1a del 2025, celebrado el pasado domingo 5 de enero en Guayaquil,\u00a0<strong>Ricardo Pati\u00f1o<\/strong>, exministro de Relaciones Exteriores y actual candidato a la Asamblea Nacional por\u00a0<strong>Revoluci\u00f3n Ciudadana<\/strong>, ofreci\u00f3 que\u00a0<strong>Rafael Correa<\/strong>\u00a0regresar\u00eda a Ecuador y\u00a0<strong>Jorge Glas<\/strong>\u00a0ser\u00eda liberado si\u00a0<strong>Luisa Gonz\u00e1lez<\/strong>, candidata presidencial, logra la victoria en las elecciones.<\/p>\n<p>En su discurso, Pati\u00f1o afirm\u00f3 que, al reunirse con simpatizantes, uno de los temas recurrentes es el retorno de Correa, quien vive en\u00a0<strong>B\u00e9lgica<\/strong>\u00a0desde 2017 y fue condenado por\u00a0<strong>cohecho<\/strong>\u00a0en el caso Sobornos. Seg\u00fan Pati\u00f1o, Correa volver\u00e1 a Ecuador \u201ccuando haya justicia\u201d.<\/p>\n<p>Adem\u00e1s, reiter\u00f3 que\u00a0<strong>Jorge Glas<\/strong>, exvicepresidente del pa\u00eds, tambi\u00e9n ser\u00e1 liberado si Gonz\u00e1lez gana, destacando que Glas est\u00e1 actualmente en prisi\u00f3n por su vinculaci\u00f3n con los casos\u00a0<strong>Sobornos<\/strong>\u00a0y\u00a0<strong>Odebrecht<\/strong>, adem\u00e1s del proceso por la\u00a0<strong>Reconstrucci\u00f3n de Manab\u00ed<\/strong>.<\/p>\n<p>\u201cTenemos que ir a conquistar ese voto, palmo a palmo, casa a casa, persona a persona\u201d, inst\u00f3 Pati\u00f1o, haciendo un llamado a intensificar la campa\u00f1a para asegurar el triunfo de Gonz\u00e1lez y de su f\u00f3rmula presidencial,\u00a0<strong>Diego Borja<\/strong>.<\/p>\n<p>Las\u00a0<strong>elecciones generales<\/strong>\u00a0en Ecuador se celebrar\u00e1n el pr\u00f3ximo\u00a0<strong>9 de febrero de 2025<\/strong>, fecha clave para el futuro pol\u00edtico del pa\u00eds.<\/p>\n","protected":false},"excerpt":{"rendered":"<p>Durante el primer evento de campa\u00f1a del 2025, celebrado el pasado domingo 5 de enero en Guayaquil,\u00a0Ricardo Pati\u00f1o, exministro de Relaciones Exteriores y actual candidato a la Asamblea Nacional por\u00a0Revoluci\u00f3n Ciudadana, ofreci\u00f3 que\u00a0Rafael Correa\u00a0regresar\u00eda a Ecuador y\u00a0Jorge Glas\u00a0ser\u00eda liberado si\u00a0Luisa Gonz\u00e1lez, candidata presidencial, logra la victoria en las elecciones. En su discurso, Pati\u00f1o afirm\u00f3 que, al reunirse con simpatizantes, uno de los temas recurrentes es el retorno de Correa, quien vive en\u00a0B\u00e9lgica\u00a0desde 2017 y fue condenado por\u00a0cohecho\u00a0en el caso Sobornos. Seg\u00fan Pati\u00f1o, Correa volver\u00e1 a Ecuador \u201ccuando haya justicia\u201d. Adem\u00e1s, reiter\u00f3 que\u00a0Jorge Glas, exvicepresidente del pa\u00eds, tambi\u00e9n ser\u00e1 liberado si Gonz\u00e1lez gana, destacando que Glas est\u00e1 actualmente en prisi\u00f3n por su vinculaci\u00f3n con los casos\u00a0Sobornos\u00a0y\u00a0Odebrecht, adem\u00e1s del proceso por la\u00a0Reconstrucci\u00f3n de Manab\u00ed. \u201cTenemos que ir a conquistar ese voto, palmo a palmo, casa a casa, persona a persona\u201d, inst\u00f3 Pati\u00f1o, haciendo un llamado a intensificar la campa\u00f1a para asegurar el triunfo de Gonz\u00e1lez y de su f\u00f3rmula presidencial,\u00a0Diego Borja. Las\u00a0elecciones generales\u00a0en Ecuador se celebrar\u00e1n el pr\u00f3ximo\u00a09 de febrero de 2025, fecha clave para el futuro pol\u00edtico del pa\u00eds.<\/p>\n","protected":false},"author":1,"featured_media":21059,"comment_status":"open","ping_status":"open","sticky":false,"template":"","format":"standard","meta":{"footnotes":""},"categories":[268],"tags":[],"class_list":["post-21058","post","type-post","status-publish","format-standard","has-post-thumbnail","hentry","category-nacionales"],"_links":{"self":[{"href":"https:\/\/www.elamazonico.com\/portal\/wp-json\/wp\/v2\/posts\/21058","targetHints":{"allow":["GET"]}}],"collection":[{"href":"https:\/\/www.elamazonico.com\/portal\/wp-json\/wp\/v2\/posts"}],"about":[{"href":"https:\/\/www.elamazonico.com\/portal\/wp-json\/wp\/v2\/types\/post"}],"author":[{"embeddable":true,"href":"https:\/\/www.elamazonico.com\/portal\/wp-json\/wp\/v2\/users\/1"}],"replies":[{"embeddable":true,"href":"https:\/\/www.elamazonico.com\/portal\/wp-json\/wp\/v2\/comments?post=21058"}],"version-history":[{"count":1,"href":"https:\/\/www.elamazonico.com\/portal\/wp-json\/wp\/v2\/posts\/21058\/revisions"}],"predecessor-version":[{"id":21060,"href":"https:\/\/www.elamazonico.com\/portal\/wp-json\/wp\/v2\/posts\/21058\/revisions\/21060"}],"wp:featuredmedia":[{"embeddable":true,"href":"https:\/\/www.elamazonico.com\/portal\/wp-json\/wp\/v2\/media\/21059"}],"wp:attachment":[{"href":"https:\/\/www.elamazonico.com\/portal\/wp-json\/wp\/v2\/media?parent=21058"}],"wp:term":[{"taxonomy":"category","embeddable":true,"href":"https:\/\/www.elamazonico.com\/portal\/wp-json\/wp\/v2\/categories?post=21058"},{"taxonomy":"post_tag","embeddable":true,"href":"https:\/\/www.elamazonico.com\/portal\/wp-json\/wp\/v2\/tags?post=21058"}],"curies":[{"name":"wp","href":"https:\/\/api.w.org\/{rel}","templated":true}]}}