{"id":20955,"date":"2025-01-01T21:26:50","date_gmt":"2025-01-02T02:26:50","guid":{"rendered":"https:\/\/www.elamazonico.com\/portal\/?p=20955"},"modified":"2025-01-01T21:26:52","modified_gmt":"2025-01-02T02:26:52","slug":"adn-insiste-que-daniel-noboa-y-sus-asambleistas-no-estan-obligados-a-pedir-licencia-para-la-campana","status":"publish","type":"post","link":"https:\/\/www.elamazonico.com\/portal\/adn-insiste-que-daniel-noboa-y-sus-asambleistas-no-estan-obligados-a-pedir-licencia-para-la-campana\/","title":{"rendered":"ADN insiste que Daniel Noboa y sus asamble\u00edstas no est\u00e1n obligados a pedir licencia para la campa\u00f1a"},"content":{"rendered":"<p>La bancada de Gobierno en la Asamblea, Acci\u00f3n Democr\u00e1tica Nacional (ADN), reiter\u00f3 este 31 de diciembre que ni el presidente Daniel Noboa ni sus asamble\u00edstas, est\u00e1n obligados a pedir licencia para hacer campa\u00f1a para las elecciones de febrero pr\u00f3ximo.<\/p>\n<p>Los legisladores insisten en que el art\u00edculo 93 del C\u00f3digo de la Democracia\u00a0establece que la licencia es aplicable para las autoridades de elecci\u00f3n popular que busquen la reelecci\u00f3n inmediata, al mismo cargo.<\/p>\n<p>Pero, en este caso aseguran que los avala una sentencia de la Corte Constitucional (CC) que dice que, en caso de muerte cruzada, no hay reelecci\u00f3n, porque se trata de un periodo para completar el anterior. Noboa y los actuales asamble\u00edstas llegaron al cargo, tras la muerte cruzada decidida por el expresidente Guillermo Lasso.<\/p>\n<p>En conclusi\u00f3n, seg\u00fan el oficialismo, \u00abes potestad del Presidente decidir si encarga o no la Presidencia durante la campa\u00f1a\u00bb, dijo ADN en un comunicado.<\/p>\n<p>Los asamble\u00edstas del Gobierno no aclaran, sin embargo, si se acoger\u00e1n o no a la licencia sin sueldo a la que otras bancadas s\u00ed han aplicado. La Asamblea tampoco ha proporcionado, hasta este 31 de diciembre, un listado de los legisladores que ser\u00e1n candidatos y que ya pidieron licencia.<\/p>\n<p>El plazo para solicitar este permiso concluy\u00f3 el 28 de diciembre, seg\u00fan inform\u00f3 la presidenta del Legislativo, Viviana Veloz.El oficialismo atribuye a la \u00abdesesperaci\u00f3n de la vieja pol\u00edtica\u00bb la supuesta obligatoriedad de que los candidatos que buscan mantenerse en los mismos cargos que ocupan, deben pedir licencia durante la etapa proselitista.<\/p>\n<p>Apunta, especialmente, al corre\u00edsmo como el m\u00e1s interesado en \u00abafectar al \u00fanico candidato con opciones de llegar a la Presidencia en una sola vuelta\u00bb. <strong>Fuente: Primicias<\/strong><\/p>\n","protected":false},"excerpt":{"rendered":"<p>La bancada de Gobierno en la Asamblea, Acci\u00f3n Democr\u00e1tica Nacional (ADN), reiter\u00f3 este 31 de diciembre que ni el presidente Daniel Noboa ni sus asamble\u00edstas, est\u00e1n obligados a pedir licencia para hacer campa\u00f1a para las elecciones de febrero pr\u00f3ximo. Los legisladores insisten en que el art\u00edculo 93 del C\u00f3digo de la Democracia\u00a0establece que la licencia es aplicable para las autoridades de elecci\u00f3n popular que busquen la reelecci\u00f3n inmediata, al mismo cargo. Pero, en este caso aseguran que los avala una sentencia de la Corte Constitucional (CC) que dice que, en caso de muerte cruzada, no hay reelecci\u00f3n, porque se trata de un periodo para completar el anterior. Noboa y los actuales asamble\u00edstas llegaron al cargo, tras la muerte cruzada decidida por el expresidente Guillermo Lasso. En conclusi\u00f3n, seg\u00fan el oficialismo, \u00abes potestad del Presidente decidir si encarga o no la Presidencia durante la campa\u00f1a\u00bb, dijo ADN en un comunicado. Los asamble\u00edstas del Gobierno no aclaran, sin embargo, si se acoger\u00e1n o no a la licencia sin sueldo a la que otras bancadas s\u00ed han aplicado. La Asamblea tampoco ha proporcionado, hasta este 31 de diciembre, un listado de los legisladores que ser\u00e1n candidatos y que ya pidieron licencia. El plazo para solicitar este permiso concluy\u00f3 el 28 de diciembre, seg\u00fan inform\u00f3 la presidenta del Legislativo, Viviana Veloz.El oficialismo atribuye a la \u00abdesesperaci\u00f3n de la vieja pol\u00edtica\u00bb la supuesta obligatoriedad de que los candidatos que buscan mantenerse en los mismos cargos que ocupan, deben pedir licencia durante la etapa proselitista. Apunta, especialmente, al corre\u00edsmo como el m\u00e1s interesado en \u00abafectar al \u00fanico candidato con opciones de llegar a la Presidencia en una sola vuelta\u00bb. Fuente: Primicias<\/p>\n","protected":false},"author":1,"featured_media":20956,"comment_status":"open","ping_status":"open","sticky":false,"template":"","format":"standard","meta":{"footnotes":""},"categories":[268],"tags":[],"class_list":["post-20955","post","type-post","status-publish","format-standard","has-post-thumbnail","hentry","category-nacionales"],"_links":{"self":[{"href":"https:\/\/www.elamazonico.com\/portal\/wp-json\/wp\/v2\/posts\/20955","targetHints":{"allow":["GET"]}}],"collection":[{"href":"https:\/\/www.elamazonico.com\/portal\/wp-json\/wp\/v2\/posts"}],"about":[{"href":"https:\/\/www.elamazonico.com\/portal\/wp-json\/wp\/v2\/types\/post"}],"author":[{"embeddable":true,"href":"https:\/\/www.elamazonico.com\/portal\/wp-json\/wp\/v2\/users\/1"}],"replies":[{"embeddable":true,"href":"https:\/\/www.elamazonico.com\/portal\/wp-json\/wp\/v2\/comments?post=20955"}],"version-history":[{"count":1,"href":"https:\/\/www.elamazonico.com\/portal\/wp-json\/wp\/v2\/posts\/20955\/revisions"}],"predecessor-version":[{"id":20957,"href":"https:\/\/www.elamazonico.com\/portal\/wp-json\/wp\/v2\/posts\/20955\/revisions\/20957"}],"wp:featuredmedia":[{"embeddable":true,"href":"https:\/\/www.elamazonico.com\/portal\/wp-json\/wp\/v2\/media\/20956"}],"wp:attachment":[{"href":"https:\/\/www.elamazonico.com\/portal\/wp-json\/wp\/v2\/media?parent=20955"}],"wp:term":[{"taxonomy":"category","embeddable":true,"href":"https:\/\/www.elamazonico.com\/portal\/wp-json\/wp\/v2\/categories?post=20955"},{"taxonomy":"post_tag","embeddable":true,"href":"https:\/\/www.elamazonico.com\/portal\/wp-json\/wp\/v2\/tags?post=20955"}],"curies":[{"name":"wp","href":"https:\/\/api.w.org\/{rel}","templated":true}]}}