{"id":20952,"date":"2025-01-01T21:22:42","date_gmt":"2025-01-02T02:22:42","guid":{"rendered":"https:\/\/www.elamazonico.com\/portal\/?p=20952"},"modified":"2025-01-01T21:22:42","modified_gmt":"2025-01-02T02:22:42","slug":"elecciones-2025-cne-habilito-un-espacio-en-su-pagina-web-para-conocer-los-planes-de-trabajo-de-los-candidatos","status":"publish","type":"post","link":"https:\/\/www.elamazonico.com\/portal\/elecciones-2025-cne-habilito-un-espacio-en-su-pagina-web-para-conocer-los-planes-de-trabajo-de-los-candidatos\/","title":{"rendered":"Elecciones 2025: CNE habilit\u00f3 un espacio en su p\u00e1gina web para conocer los planes de trabajo de los candidatos"},"content":{"rendered":"<p>En su p\u00e1gina web, el\u00a0<a href=\"https:\/\/www.vistazo.com\/politica\/nacional\/2024-12-28-consejera-cne-advierte-presidente-noboa-pedir-licencia-campana-electoral-DY8537612\" target=\"_blank\" rel=\"noopener noreferrer\">Consejo Nacional Electoral<\/a>\u00a0(<b>CNE<\/b>) habilit\u00f3 un espacio que contiene la\u00a0<b>lista completa<\/b>\u00a0de los diferentes\u00a0<b>candidatos<\/b>\u00a0que participar\u00e1n en las\u00a0<b>Elecciones Generales\u00a0<\/b>del domingo 9 de febrero de 2025. Este sitio tambi\u00e9n contiene los\u00a0<b>planes de trabajo\u00a0<\/b>que presentaron para inscribir su\u00a0<b>candidatura<\/b>.<\/p>\n<p>https:\/\/twitter.com\/cnegobec\/status\/1874098555922579919<\/p>\n<div class=\"paragraph texto\">\n<p class=\"p_1\">All\u00ed consta la lista de los\u00a0<b>binomios presidenciales<\/b>, de\u00a0<b>asamble\u00edstas nacionales<\/b>,\u00a0<b>provinciales\u00a0<\/b>y del\u00a0<b>exterior<\/b>; junto con los\u00a0<b>parlamentarios andinos<\/b>. Para estas elecciones, el CNE contabiliz\u00f3 que\u00a0<u>4.455 personas est\u00e1n inscritas como candidatos<\/u>. Este n\u00famero se divide de la siguiente manera:<\/p>\n<\/div>\n<ul>\n<li class=\"bulletvistazo\">&#8211; Presidente y vicepresidente: 32 (16 candidatos a la presidencia y 16 candidatos a la vicepresidencia, agrupados en un binomio)<\/li>\n<li class=\"bulletvistazo\">&#8211; Asamble\u00edstas nacionales: 360 (180 candidatos principales y 180 suplentes; se elige a 15 principales con sus respectivos suplentes)<\/li>\n<li class=\"bulletvistazo\">&#8211; Asamble\u00edstas provinciales: 2.242 (1.121 candidatos principales y 1.121 candidatos alternos, se elige a 130 principales con sus respectivos suplentes)<\/li>\n<li class=\"bulletvistazo\">&#8211; Asamble\u00edstas por el exterior: 88 (44 candidatos principales y 44 suplentes; se elige a seis principales con sus respectivos suplentes)<\/li>\n<li class=\"bulletvistazo\">&#8211; Parlamentarios andinos: 165 (55 candidatos principales y 110 suplentes; se elige a cinco candidatos con dos alternos para cada uno)<\/li>\n<\/ul>\n<p><u>La campa\u00f1a electoral comenzar\u00e1 el domingo 5 de enero de 2025 y culminar\u00e1 el jueves 6 de febrero<\/u>. Las votaciones est\u00e1n fijadas para el domingo\u00a0<b>de 9 febrero\u00a0<\/b>y, en el caso del binomio presidencial, si llega a haber\u00a0<b>segunda vuelta<\/b>; esta se realizar\u00e1 el\u00a0<b>domingo 13 de abril<\/b>. <strong>Fuente: Vistazo<\/strong><\/p>\n","protected":false},"excerpt":{"rendered":"<p>En su p\u00e1gina web, el\u00a0Consejo Nacional Electoral\u00a0(CNE) habilit\u00f3 un espacio que contiene la\u00a0lista completa\u00a0de los diferentes\u00a0candidatos\u00a0que participar\u00e1n en las\u00a0Elecciones Generales\u00a0del domingo 9 de febrero de 2025. Este sitio tambi\u00e9n contiene los\u00a0planes de trabajo\u00a0que presentaron para inscribir su\u00a0candidatura. https:\/\/twitter.com\/cnegobec\/status\/1874098555922579919 All\u00ed consta la lista de los\u00a0binomios presidenciales, de\u00a0asamble\u00edstas nacionales,\u00a0provinciales\u00a0y del\u00a0exterior; junto con los\u00a0parlamentarios andinos. Para estas elecciones, el CNE contabiliz\u00f3 que\u00a04.455 personas est\u00e1n inscritas como candidatos. Este n\u00famero se divide de la siguiente manera: &#8211; Presidente y vicepresidente: 32 (16 candidatos a la presidencia y 16 candidatos a la vicepresidencia, agrupados en un binomio) &#8211; Asamble\u00edstas nacionales: 360 (180 candidatos principales y 180 suplentes; se elige a 15 principales con sus respectivos suplentes) &#8211; Asamble\u00edstas provinciales: 2.242 (1.121 candidatos principales y 1.121 candidatos alternos, se elige a 130 principales con sus respectivos suplentes) &#8211; Asamble\u00edstas por el exterior: 88 (44 candidatos principales y 44 suplentes; se elige a seis principales con sus respectivos suplentes) &#8211; Parlamentarios andinos: 165 (55 candidatos principales y 110 suplentes; se elige a cinco candidatos con dos alternos para cada uno) La campa\u00f1a electoral comenzar\u00e1 el domingo 5 de enero de 2025 y culminar\u00e1 el jueves 6 de febrero. Las votaciones est\u00e1n fijadas para el domingo\u00a0de 9 febrero\u00a0y, en el caso del binomio presidencial, si llega a haber\u00a0segunda vuelta; esta se realizar\u00e1 el\u00a0domingo 13 de abril. Fuente: Vistazo<\/p>\n","protected":false},"author":1,"featured_media":20953,"comment_status":"open","ping_status":"open","sticky":false,"template":"","format":"standard","meta":{"footnotes":""},"categories":[268],"tags":[],"class_list":["post-20952","post","type-post","status-publish","format-standard","has-post-thumbnail","hentry","category-nacionales"],"_links":{"self":[{"href":"https:\/\/www.elamazonico.com\/portal\/wp-json\/wp\/v2\/posts\/20952","targetHints":{"allow":["GET"]}}],"collection":[{"href":"https:\/\/www.elamazonico.com\/portal\/wp-json\/wp\/v2\/posts"}],"about":[{"href":"https:\/\/www.elamazonico.com\/portal\/wp-json\/wp\/v2\/types\/post"}],"author":[{"embeddable":true,"href":"https:\/\/www.elamazonico.com\/portal\/wp-json\/wp\/v2\/users\/1"}],"replies":[{"embeddable":true,"href":"https:\/\/www.elamazonico.com\/portal\/wp-json\/wp\/v2\/comments?post=20952"}],"version-history":[{"count":1,"href":"https:\/\/www.elamazonico.com\/portal\/wp-json\/wp\/v2\/posts\/20952\/revisions"}],"predecessor-version":[{"id":20954,"href":"https:\/\/www.elamazonico.com\/portal\/wp-json\/wp\/v2\/posts\/20952\/revisions\/20954"}],"wp:featuredmedia":[{"embeddable":true,"href":"https:\/\/www.elamazonico.com\/portal\/wp-json\/wp\/v2\/media\/20953"}],"wp:attachment":[{"href":"https:\/\/www.elamazonico.com\/portal\/wp-json\/wp\/v2\/media?parent=20952"}],"wp:term":[{"taxonomy":"category","embeddable":true,"href":"https:\/\/www.elamazonico.com\/portal\/wp-json\/wp\/v2\/categories?post=20952"},{"taxonomy":"post_tag","embeddable":true,"href":"https:\/\/www.elamazonico.com\/portal\/wp-json\/wp\/v2\/tags?post=20952"}],"curies":[{"name":"wp","href":"https:\/\/api.w.org\/{rel}","templated":true}]}}