{"id":20949,"date":"2025-01-01T21:19:44","date_gmt":"2025-01-02T02:19:44","guid":{"rendered":"https:\/\/www.elamazonico.com\/portal\/?p=20949"},"modified":"2025-01-01T21:19:44","modified_gmt":"2025-01-02T02:19:44","slug":"caso-las-malvinas-los-cuatro-menores-fueron-sepultados-entre-una-multitud-que-los-acompano-por-las-calles-de-guayaquil","status":"publish","type":"post","link":"https:\/\/www.elamazonico.com\/portal\/caso-las-malvinas-los-cuatro-menores-fueron-sepultados-entre-una-multitud-que-los-acompano-por-las-calles-de-guayaquil\/","title":{"rendered":"Caso Las Malvinas: los cuatro menores fueron sepultados entre una multitud que los acompa\u00f1\u00f3 por las calles de Guayaquil"},"content":{"rendered":"<p class=\"p_0\">Los cuerpos de\u00a0<a href=\"https:\/\/www.vistazo.com\/actualidad\/nacional\/2024-12-31-caso-las-malvinas-familiares-confirmacion-muerte-cuatro-menores-guayaquil-KE8547941\" target=\"_blank\" rel=\"noopener noreferrer\">Josu\u00e9, Ismael, Nehem\u00edas y Steven<\/a>\u00a0fueron sepultados en Guayaquil. Despu\u00e9s de semanas de agon\u00eda por su\u00a0<b>desaparici\u00f3n<\/b>, siendo vistos por \u00faltima vez en mano de elementos de la\u00a0<b>Fuerza A\u00e9rea Ecuatoriana<\/b>\u00a0en el sur de la ciudad;\u00a0<u>los familiares y amigos le dieron el \u00faltimo adi\u00f3s<\/u>.<\/p>\n<p class=\"p_1\">Los f\u00e9retros estaban\u00a0<b>cerrados\u00a0<\/b>y\u00a0<b>envueltos con pl\u00e1stico<\/b>. El 24 de diciembre de 2024, la Polic\u00eda Nacional report\u00f3 el\u00a0<u>hallazgo de cuatro cad\u00e1veres calcinados en Taura<\/u>, en la provincia del Guayas. Una semana despu\u00e9s (el 31 de diciembre), la Fiscal\u00eda confirm\u00f3 que los restos coincid\u00edan con la\u00a0<b>identidad\u00a0<\/b>de los\u00a0<u>cuatro menores<\/u>\u00a0de Las Malvinas desaparecidos el 8 de diciembre.<\/p>\n<p class=\"p_3\"><u>En cada una de sus casas se instalaron los familiares para velar a sus fallecidos<\/u>. Desde la tarde del 31 de diciembre, las familias pidieron la entrega de los restos para los\u00a0<b>procesos f\u00fanebres<\/b>.\u00a0<u>Afuera de sus domicilios y en la sala se congregaron los amigos, vecinos, conocidos, compa\u00f1eros y dem\u00e1s personas<\/u>\u00a0que formaron parte de la vida de los cuatro menores.<\/p>\n<p class=\"p_4\">Antes del sepelio, los f\u00e9retros fueron trasladados a una casa comunal en\u00a0<b>Las Malvinas<\/b>, al sur de Guayaquil, donde se les rindi\u00f3 un\u00a0<b>homenaje p\u00f3stumo<\/b>. En ese punto inici\u00f3 la caravana hasta el suburbio, que termin\u00f3 en el cementerio \u00c1ngel Mar\u00eda Canals. En el recorrido, los familiares lloraban por\u00a0<u>el asesinato y la tortura<\/u>\u00a0de sus peque\u00f1os, pero tambi\u00e9n clamaron por\u00a0<b>justicia<\/b>.<\/p>\n<p class=\"p_5\">El padre de los hermanos Josu\u00e9 e Ismael Arroyo expres\u00f3 su\u00a0<b>dolor\u00a0<\/b>por las redes sociales y solo dec\u00eda cu\u00e1nto los\u00a0<b>extra\u00f1ar\u00eda<\/b>. Mientras que los asistentes suplicaban que las autoridades den con los responsables. El juez acept\u00f3 el pedido de Fiscal\u00eda en el que se dict\u00f3\u00a0<b>prisi\u00f3n preventiva\u00a0<\/b>contra los\u00a0<u>16 uniformados involucrados<\/u> en el proceso que est\u00e1 siendo bajo el delito de desaparici\u00f3n forzada. <strong>Fuente: Vistazo<\/strong><\/p>\n","protected":false},"excerpt":{"rendered":"<p>Los cuerpos de\u00a0Josu\u00e9, Ismael, Nehem\u00edas y Steven\u00a0fueron sepultados en Guayaquil. Despu\u00e9s de semanas de agon\u00eda por su\u00a0desaparici\u00f3n, siendo vistos por \u00faltima vez en mano de elementos de la\u00a0Fuerza A\u00e9rea Ecuatoriana\u00a0en el sur de la ciudad;\u00a0los familiares y amigos le dieron el \u00faltimo adi\u00f3s. Los f\u00e9retros estaban\u00a0cerrados\u00a0y\u00a0envueltos con pl\u00e1stico. El 24 de diciembre de 2024, la Polic\u00eda Nacional report\u00f3 el\u00a0hallazgo de cuatro cad\u00e1veres calcinados en Taura, en la provincia del Guayas. Una semana despu\u00e9s (el 31 de diciembre), la Fiscal\u00eda confirm\u00f3 que los restos coincid\u00edan con la\u00a0identidad\u00a0de los\u00a0cuatro menores\u00a0de Las Malvinas desaparecidos el 8 de diciembre. En cada una de sus casas se instalaron los familiares para velar a sus fallecidos. Desde la tarde del 31 de diciembre, las familias pidieron la entrega de los restos para los\u00a0procesos f\u00fanebres.\u00a0Afuera de sus domicilios y en la sala se congregaron los amigos, vecinos, conocidos, compa\u00f1eros y dem\u00e1s personas\u00a0que formaron parte de la vida de los cuatro menores. Antes del sepelio, los f\u00e9retros fueron trasladados a una casa comunal en\u00a0Las Malvinas, al sur de Guayaquil, donde se les rindi\u00f3 un\u00a0homenaje p\u00f3stumo. En ese punto inici\u00f3 la caravana hasta el suburbio, que termin\u00f3 en el cementerio \u00c1ngel Mar\u00eda Canals. En el recorrido, los familiares lloraban por\u00a0el asesinato y la tortura\u00a0de sus peque\u00f1os, pero tambi\u00e9n clamaron por\u00a0justicia. El padre de los hermanos Josu\u00e9 e Ismael Arroyo expres\u00f3 su\u00a0dolor\u00a0por las redes sociales y solo dec\u00eda cu\u00e1nto los\u00a0extra\u00f1ar\u00eda. Mientras que los asistentes suplicaban que las autoridades den con los responsables. El juez acept\u00f3 el pedido de Fiscal\u00eda en el que se dict\u00f3\u00a0prisi\u00f3n preventiva\u00a0contra los\u00a016 uniformados involucrados en el proceso que est\u00e1 siendo bajo el delito de desaparici\u00f3n forzada. Fuente: Vistazo<\/p>\n","protected":false},"author":1,"featured_media":20950,"comment_status":"open","ping_status":"open","sticky":false,"template":"","format":"standard","meta":{"footnotes":""},"categories":[268],"tags":[],"class_list":["post-20949","post","type-post","status-publish","format-standard","has-post-thumbnail","hentry","category-nacionales"],"_links":{"self":[{"href":"https:\/\/www.elamazonico.com\/portal\/wp-json\/wp\/v2\/posts\/20949","targetHints":{"allow":["GET"]}}],"collection":[{"href":"https:\/\/www.elamazonico.com\/portal\/wp-json\/wp\/v2\/posts"}],"about":[{"href":"https:\/\/www.elamazonico.com\/portal\/wp-json\/wp\/v2\/types\/post"}],"author":[{"embeddable":true,"href":"https:\/\/www.elamazonico.com\/portal\/wp-json\/wp\/v2\/users\/1"}],"replies":[{"embeddable":true,"href":"https:\/\/www.elamazonico.com\/portal\/wp-json\/wp\/v2\/comments?post=20949"}],"version-history":[{"count":1,"href":"https:\/\/www.elamazonico.com\/portal\/wp-json\/wp\/v2\/posts\/20949\/revisions"}],"predecessor-version":[{"id":20951,"href":"https:\/\/www.elamazonico.com\/portal\/wp-json\/wp\/v2\/posts\/20949\/revisions\/20951"}],"wp:featuredmedia":[{"embeddable":true,"href":"https:\/\/www.elamazonico.com\/portal\/wp-json\/wp\/v2\/media\/20950"}],"wp:attachment":[{"href":"https:\/\/www.elamazonico.com\/portal\/wp-json\/wp\/v2\/media?parent=20949"}],"wp:term":[{"taxonomy":"category","embeddable":true,"href":"https:\/\/www.elamazonico.com\/portal\/wp-json\/wp\/v2\/categories?post=20949"},{"taxonomy":"post_tag","embeddable":true,"href":"https:\/\/www.elamazonico.com\/portal\/wp-json\/wp\/v2\/tags?post=20949"}],"curies":[{"name":"wp","href":"https:\/\/api.w.org\/{rel}","templated":true}]}}