{"id":20945,"date":"2024-12-30T06:15:30","date_gmt":"2024-12-30T11:15:30","guid":{"rendered":"https:\/\/www.elamazonico.com\/portal\/?p=20945"},"modified":"2024-12-30T06:15:30","modified_gmt":"2024-12-30T11:15:30","slug":"asi-fue-como-los-narcos-albaneses-tomaron-el-control-del-trafico-mundial-de-cocaina-desde-ecuador","status":"publish","type":"post","link":"https:\/\/www.elamazonico.com\/portal\/asi-fue-como-los-narcos-albaneses-tomaron-el-control-del-trafico-mundial-de-cocaina-desde-ecuador\/","title":{"rendered":"As\u00ed fue c\u00f3mo los narcos albaneses tomaron el control del tr\u00e1fico mundial de coca\u00edna desde Ecuador"},"content":{"rendered":"<div class=\"paragraph texto\">\n<p class=\"p_0\">La industria de la coca\u00edna experimenta una\u00a0<b>explosi\u00f3n global\u00a0<\/b>y\u00a0<u><b>Ecuador es uno de los puntos m\u00e1s importantes para el transporte de la droga<\/b><\/u>. Esto ocurre por la presencia de la mafia albanesa, comandada por\u00a0<b><a href=\"https:\/\/www.vistazo.com\/actualidad\/nacional\/quien-es-dritan-rexhepi-el-narco-albanes-que-dirigio-su-imperio-desde-una-carcel-de-ecuador-y-ahora-estaria-libre-AL3629103\">Dritan Rexhepi<\/a><\/b>, quien volvi\u00f3 al pa\u00eds en su centro de operaciones. El l\u00edder criminal cre\u00f3 un negocio, que iba desde las plantaciones colombianas, hasta los puertos ecuatorianos y las calles de Europa. Es lo que revela un reciente reportaje publicado por Washington Post.<\/p>\n<p class=\"p_1\"><b>Revise:\u00a0<a href=\"https:\/\/www.vistazo.com\/actualidad\/nacional\/como-llego-la-mafia-albanesa-a-ecuador-asi-actuan-sus-lideres-bajo-la-fachada-de-empresarios-exitosos-FA3266465\">\u00bfC\u00f3mo lleg\u00f3 la mafia albanesa a Ecuador? As\u00ed act\u00faan sus l\u00edderes bajo la fachada de empresarios exitosos<\/a><\/b><\/p>\n<p class=\"p_2\">Esta investigaci\u00f3n se basa en entrevistas\u00a0<b>con m\u00e1s de dos docenas de funcionarios actuales y anteriores\u00a0<\/b>en Ecuador, Colombia, Europa y Estados Unidos, miembros de pandillas en Ecuador y miles de p\u00e1ginas de documentos judiciales de Ecuador, Albania e Italia.<\/p>\n<p class=\"p_3\">El reportaje, elaborado por Samantha Schmidt,\u00a0<b>Arturo Torres<\/b>, director de C\u00f3digo Vidrio, y Anthony Faiola, revela c\u00f3mo las<u>\u00a0redes criminales lideradas por albaneses se infiltraron en los puertos, el poder judicial, el sistema penitenciario y las fuerzas de seguridad de Ecuador\u00a0<\/u>para hacerse con el control de partes clave de la cadena de suministro de coca\u00edna y desencadenar un\u00a0<b>diluvio de la droga en Europa<\/b>: un mercado de coca\u00edna anual de m\u00e1s de 12 mil millones de d\u00f3lares, seg\u00fan la Agencia Europea de Medicamentos.<\/p>\n<p class=\"p_4\"><b>Lea tambi\u00e9n:\u00a0<a href=\"https:\/\/www.vistazo.com\/actualidad\/nacional\/la-historia-de-dritan-gjika-el-misterioso-albanes-que-se-enriquecio-en-ecuador-YX4725144\">La historia de Dritan Gjika: El misterioso alban\u00e9s que se enriqueci\u00f3 en Ecuador<\/a><\/b><\/p>\n<\/div>\n<h2 class=\"h2vistazo\">LA INDUSTRIA DE LA COCA\u00cdNA SE GLOBALIZ\u00d3<\/h2>\n<div class=\"paragraph texto\">\n<p class=\"p_5\">La investigaci\u00f3n del Post documenta que durante d\u00e9cadas los consumidores de coca\u00edna fueron principalmente estadounidenses, y la interdicci\u00f3n era una prioridad de ese gobierno, indica el reportaje. Pero a pesar de las decenas de miles de millones de d\u00f3lares gastados en la guerra de ese pa\u00eds contra las drogas en Am\u00e9rica Latina,\u00a0<u><b>la industria no solo ha crecido, sino que se ha globalizado,\u00a0<\/b><\/u>con nuevas rutas, nuevos mercados y nuevas empresas criminales.<\/p>\n<p class=\"p_6\">Casi todos los pa\u00edses de la regi\u00f3n se han convertido en un importante productor o transportador de la droga.\u00a0<u><b>Ecuador es hoy uno de los puntos de tr\u00e1nsito de coca\u00edna m\u00e1s importantes del mundo<\/b><\/u>. La demanda se est\u00e1 disparando en Europa, que rivaliza con EE.UU. como el principal destino de coca\u00edna del mundo.<\/p>\n<p class=\"p_7\">El consumo de coca\u00edna en los pa\u00edses se quintuplic\u00f3 entre 2011 y 2021, y super\u00f3 al de Estados Unidos en 2022. Si bien EE.UU. sigue siendo un mercado enorme, el consumo de coca\u00edna ha disminuido un 20 por ciento desde 2006, seg\u00fan la ONU.<\/p>\n<p class=\"p_8\">Los grupos\u00a0<b>criminales de los Balcanes, Italia, Turqu\u00eda y Rusia<\/b>\u00a0han llegado a Am\u00e9rica Latina para obtener una parte del negocio, indica el reportaje. Pocos han logrado abrirse camino en el tr\u00e1fico de coca\u00edna como las redes criminales albanesas, coinciden los investigadores y analistas.<\/p>\n<p class=\"p_9\"><b>Lea tambi\u00e9n:\u00a0<a href=\"https:\/\/www.vistazo.com\/actualidad\/nacional\/la-mafia-de-los-balcanes-el-narco-milovac-lidero-la-operacion-de-un-cartel-serbio-en-ecuador-EY4753789\">La mafia de los Balcanes: El narco Milovac lider\u00f3 la operaci\u00f3n de un cartel serbio en Ecuador<\/a><\/b><\/p>\n<\/div>\n<div class=\"multimediaMacroWrapper img lateral\">\n<figure class=\"contentMedia art-img\">\n<div><img fetchpriority=\"high\" decoding=\"async\" class=\" lazyloaded\" title=\"Principales rutas usadas por carteles de albaneses para traficar coca\u00edna desde Latinoam\u00e9rica a Europa, \u00c1frica y Australia. Gr\u00e1fico tomado del informe Tent\u00e1culos Transnacionales, de la organizaci\u00f3n Global Initiative Against Organized Crime\" src=\"https:\/\/www.vistazo.com\/placeholder\/svg\/viewbox\/768x425\" sizes=\"100vw\" srcset=\"\/\/www.vistazo.com\/binrepository\/768x425\/0c0\/0d0\/none\/12727\/SRNV\/screenshot-2024-12-23-at-12-59-53-pm_1932433_20241229182110.png 768w,\/\/www.vistazo.com\/binrepository\/640x354\/0c0\/0d0\/none\/12727\/SRNP\/screenshot-2024-12-23-at-12-59-53-pm_1932433_20241229182110.png 640w,\/\/www.vistazo.com\/binrepository\/512x283\/0c0\/0d0\/none\/12727\/SRNY\/screenshot-2024-12-23-at-12-59-53-pm_1932433_20241229182110.png 512w,\/\/www.vistazo.com\/binrepository\/384x213\/0c0\/0d0\/none\/12727\/SRNY\/screenshot-2024-12-23-at-12-59-53-pm_1932433_20241229182110.png 384w,\/\/www.vistazo.com\/binrepository\/300x166\/0c0\/0d0\/none\/12727\/SRNN\/screenshot-2024-12-23-at-12-59-53-pm_1932433_20241229182110.png 300w\" alt=\"$!Principales rutas usadas por carteles de albaneses para traficar coca\u00edna desde Latinoam\u00e9rica a Europa, \u00c1frica y Australia. Gr\u00e1fico tomado del informe Tent\u00e1culos Transnacionales, de la organizaci\u00f3n Global Initiative Against Organized Crime\" width=\"768\" height=\"425\" data-srcset=\"\/\/www.vistazo.com\/binrepository\/768x425\/0c0\/0d0\/none\/12727\/SRNV\/screenshot-2024-12-23-at-12-59-53-pm_1932433_20241229182110.png 768w,\/\/www.vistazo.com\/binrepository\/640x354\/0c0\/0d0\/none\/12727\/SRNP\/screenshot-2024-12-23-at-12-59-53-pm_1932433_20241229182110.png 640w,\/\/www.vistazo.com\/binrepository\/512x283\/0c0\/0d0\/none\/12727\/SRNY\/screenshot-2024-12-23-at-12-59-53-pm_1932433_20241229182110.png 512w,\/\/www.vistazo.com\/binrepository\/384x213\/0c0\/0d0\/none\/12727\/SRNY\/screenshot-2024-12-23-at-12-59-53-pm_1932433_20241229182110.png 384w,\/\/www.vistazo.com\/binrepository\/300x166\/0c0\/0d0\/none\/12727\/SRNN\/screenshot-2024-12-23-at-12-59-53-pm_1932433_20241229182110.png 300w\" \/><\/div>\n<div class=\"cutline-byline\"><span class=\"cutline-text\">Principales rutas usadas por carteles de albaneses para traficar coca\u00edna desde Latinoam\u00e9rica a Europa, \u00c1frica y Australia. Gr\u00e1fico tomado del informe Tent\u00e1culos Transnacionales, de la organizaci\u00f3n Global Initiative Against Organized Crime<\/span>\u00a0<span class=\"byline-image\">(Gr\u00e1fico tomado del informe Tent\u00e1culos Transnacionales, de la organizaci\u00f3n Global Initiative Against Organized Crime)<\/span><\/div>\n<\/figure>\n<\/div>\n<h2 class=\"h2vistazo\">REXHEPI LEVANT\u00d3 SU IMPERIO DESDE UNA CELDA EN ECUADOR<\/h2>\n<div class=\"paragraph texto\">\n<p class=\"p_10\">Rexhepi, de 44 a\u00f1os,\u00a0<u><b>construy\u00f3 gran parte de su imperio desde una celda en una prisi\u00f3n ecuatoriana<\/b><\/u>, fomentando conexiones con pandillas latinoamericanas y convirtiendo su bloque de celdas en una suite ejecutiva.<\/p>\n<p class=\"p_11\">Un abogado que lo representa en Albania se neg\u00f3 a hacer comentarios. Rexhepi, en una apelaci\u00f3n de 2015, neg\u00f3 cualquier participaci\u00f3n en el tr\u00e1fico de drogas, \u201cya sea como autor o c\u00f3mplice\u201d. Pero en 2021, Italia solicit\u00f3 su extradici\u00f3n, advirtiendo a las autoridades de Ecuador en una carta de su embajada en Quito que Rexhepi era el \u201cl\u00edder indiscutible\u201d de una red de narcotr\u00e1fico albanesa con alcance global y acceso a \u201ccantidades infinitas de coca\u00edna\u201d.<\/p>\n<p class=\"p_12\">El surgimiento de Rexhepi como un temido agente de poder dentro de la prisi\u00f3n de Cotopaxi fue sintom\u00e1tico del colapso del control gubernamental en Ecuador. Pero como las autoridades de Roma buscaban encarcelarlo por tr\u00e1fico de drogas, decidi\u00f3 que era hora de mudarse nuevamente. En agosto de 2021, el juez\u00a0<b>Diego Poma<\/b>, alegando una necesidad m\u00e9dica, orden\u00f3 su liberaci\u00f3n y dio paso a su arresto domiciliario en Samborond\u00f3n, en Guayaquil, seg\u00fan consta en el proceso judicial. Luego, como era previsible, Rexhepi desapareci\u00f3, indica el reportaje del Post.<\/p>\n<p class=\"p_13\"><b>Lea tambi\u00e9n:\u00a0<a href=\"https:\/\/www.vistazo.com\/actualidad\/nacional\/2024-10-21-juez-liberado-mafia-albanesa-pruebas-albajuez-prision-YJ8182717\">As\u00ed un juez habr\u00eda liberado a tres miembros de la mafia albanesa: las pruebas del caso &#8216;Albajuez&#8217; por las que ahora enfrenta prisi\u00f3n<\/a><\/b><\/p>\n<\/div>\n<div class=\"multimediaMacroWrapper img lateral\">\n<figure class=\"contentMedia art-img\">\n<div><img decoding=\"async\" class=\" lazyloaded\" title=\"Dritan Rexhepi levant\u00f3 en Ecuador la poderosa estructura para el cartel alban\u00e9s Compa\u00f1\u00eda Bello, desde 2011. Se instal\u00f3 en Guayaquil con la fachada de empresario. Aprovech\u00f3 que no le exig\u00edan visa por la Ciudadan\u00eda Universal.\" src=\"https:\/\/www.vistazo.com\/placeholder\/svg\/viewbox\/768x768\" sizes=\"100vw\" srcset=\"\/\/www.vistazo.com\/binrepository\/768x768\/0c0\/0d0\/none\/12727\/DPEI\/heriberto-15_1932436_20241229182111.jpg 768w,\/\/www.vistazo.com\/binrepository\/640x640\/0c0\/0d0\/none\/12727\/DPMA\/heriberto-15_1932436_20241229182111.jpg 640w,\/\/www.vistazo.com\/binrepository\/512x512\/0c0\/0d0\/none\/12727\/DPOC\/heriberto-15_1932436_20241229182111.jpg 512w,\/\/www.vistazo.com\/binrepository\/384x384\/0c0\/0d0\/none\/12727\/DPIE\/heriberto-15_1932436_20241229182111.jpg 384w,\/\/www.vistazo.com\/binrepository\/300x300\/0c0\/0d0\/none\/12727\/DPMA\/heriberto-15_1932436_20241229182111.jpg 300w\" alt=\"$!Dritan Rexhepi levant\u00f3 en Ecuador la poderosa estructura para el cartel alban\u00e9s Compa\u00f1\u00eda Bello, desde 2011. Se instal\u00f3 en Guayaquil con la fachada de empresario. Aprovech\u00f3 que no le exig\u00edan visa por la Ciudadan\u00eda Universal.\" width=\"768\" height=\"768\" data-srcset=\"\/\/www.vistazo.com\/binrepository\/768x768\/0c0\/0d0\/none\/12727\/DPEI\/heriberto-15_1932436_20241229182111.jpg 768w,\/\/www.vistazo.com\/binrepository\/640x640\/0c0\/0d0\/none\/12727\/DPMA\/heriberto-15_1932436_20241229182111.jpg 640w,\/\/www.vistazo.com\/binrepository\/512x512\/0c0\/0d0\/none\/12727\/DPOC\/heriberto-15_1932436_20241229182111.jpg 512w,\/\/www.vistazo.com\/binrepository\/384x384\/0c0\/0d0\/none\/12727\/DPIE\/heriberto-15_1932436_20241229182111.jpg 384w,\/\/www.vistazo.com\/binrepository\/300x300\/0c0\/0d0\/none\/12727\/DPMA\/heriberto-15_1932436_20241229182111.jpg 300w\" \/><\/div>\n<div class=\"cutline-byline\"><span class=\"cutline-text\">Dritan Rexhepi levant\u00f3 en Ecuador la poderosa estructura para el cartel alban\u00e9s Compa\u00f1\u00eda Bello, desde 2011. Se instal\u00f3 en Guayaquil con la fachada de empresario. Aprovech\u00f3 que no le exig\u00edan visa por la Ciudadan\u00eda Universal.<\/span>\u00a0<span class=\"byline-image\">(Foto: C\u00f3digo Vidrio )<\/span><\/div>\n<\/figure>\n<\/div>\n<h2 class=\"h2vistazo\">SOCIOS, NO RIVALES: EL SALTO DE LOS ALBANESES<\/h2>\n<div class=\"paragraph texto\">\n<p class=\"p_14\">Los empresarios del narcotr\u00e1fico de Albania, un pa\u00eds de 2,8 millones de habitantes, han comenzado a rivalizar con los c\u00e1rteles m\u00e1s poderosos del mundo trabajando con ellos,\u00a0<b>no contra ellos<\/b>, transformando la forma en que se maneja el negocio. Las nuevas redes, dicen los investigadores, son a menudo coaliciones criminales de grupos dispares e independientes, en lugar de c\u00e1rteles jer\u00e1rquicos y violentamente competitivos.<\/p>\n<p class=\"p_15\">El informe del Post indica que Europol est\u00e1 al tanto de docenas de clanes o redes criminales organizadas \u201cde habla albanesa\u201d que operan actualmente en Europa, dijo\u00a0<b>Robert Fay<\/b>, el jefe de la unidad de drogas de Europol, en una entrevista con Washington Post.<\/p>\n<p class=\"p_16\">\u201cNo se trata de cu\u00e1ntas personas tienes\u201d, dijo Fatjona Mejdini, analista albanesa de la Iniciativa Global Contra el Crimen Organizado Transnacional. \u201cSe trata de las alianzas adecuadas que puedes formar\u201d.<\/p>\n<p class=\"p_17\">Desde su celda en la prisi\u00f3n de Ecuador, Rexhepi allan\u00f3 el camino. Se hizo amigo de los l\u00edderes de la banda m\u00e1s poderosa de Ecuador,\u00a0<b>Los Choneros<\/b>, que ya trabajaban para el c\u00e1rtel de Sinaloa de M\u00e9xico, seg\u00fan uno de los miembros fundadores de ese grupo, que, como otros entrevistados para el art\u00edculo, habl\u00f3 bajo condici\u00f3n de anonimato por seguridad.<\/p>\n<p class=\"p_18\">As\u00ed crearon asociaciones estrat\u00e9gicas tanto con traficantes sudamericanos como con l\u00edderes de pandillas en toda Europa. Su objetivo era simple: vender tanta coca\u00edna como fuera posible con abundantes ganancias para todos los socios de los acuerdos. \u201cRexhepi es el pionero\u201d, dijo Mejdini.<\/p>\n<p class=\"p_19\"><b>Lea tambi\u00e9n:\u00a0<a href=\"https:\/\/www.vistazo.com\/actualidad\/2024-12-10-sicarios-superestructura-los-lobos-expanden-peru-chile-colombia-FA8442430\">De sicarios a superestructura criminal: &#8216;Los Lobos&#8217; se expanden a Per\u00fa, Chile y Colombia<\/a><\/b><\/p>\n<\/div>\n<div class=\"multimediaMacroWrapper img lateral\">\n<figure class=\"contentMedia art-img\">\n<div><img decoding=\"async\" class=\" lazyloaded\" title=\"En 2015 Rexhepi particip\u00f3 con su abogado en la audiencia de juzgamiento en Guayaquil, luego de los cual fue sentenciado por narcotr\u00e1fico.\" src=\"https:\/\/www.vistazo.com\/placeholder\/svg\/viewbox\/768x452\" sizes=\"100vw\" srcset=\"\/\/www.vistazo.com\/binrepository\/768x452\/0c0\/0d0\/none\/12727\/KLPI\/img-1868-768x452_1932439_20241229182112.jpg 768w,\/\/www.vistazo.com\/binrepository\/640x377\/0c0\/0d0\/none\/12727\/KLPY\/img-1868-768x452_1932439_20241229182112.jpg 640w,\/\/www.vistazo.com\/binrepository\/512x301\/0c0\/0d0\/none\/12727\/KLPC\/img-1868-768x452_1932439_20241229182112.jpg 512w,\/\/www.vistazo.com\/binrepository\/384x226\/0c0\/0d0\/none\/12727\/KLPH\/img-1868-768x452_1932439_20241229182112.jpg 384w,\/\/www.vistazo.com\/binrepository\/300x177\/0c0\/0d0\/none\/12727\/KLPA\/img-1868-768x452_1932439_20241229182112.jpg 300w\" alt=\"$!En 2015 Rexhepi particip\u00f3 con su abogado en la audiencia de juzgamiento en Guayaquil, luego de los cual fue sentenciado por narcotr\u00e1fico.\" width=\"768\" height=\"452\" data-srcset=\"\/\/www.vistazo.com\/binrepository\/768x452\/0c0\/0d0\/none\/12727\/KLPI\/img-1868-768x452_1932439_20241229182112.jpg 768w,\/\/www.vistazo.com\/binrepository\/640x377\/0c0\/0d0\/none\/12727\/KLPY\/img-1868-768x452_1932439_20241229182112.jpg 640w,\/\/www.vistazo.com\/binrepository\/512x301\/0c0\/0d0\/none\/12727\/KLPC\/img-1868-768x452_1932439_20241229182112.jpg 512w,\/\/www.vistazo.com\/binrepository\/384x226\/0c0\/0d0\/none\/12727\/KLPH\/img-1868-768x452_1932439_20241229182112.jpg 384w,\/\/www.vistazo.com\/binrepository\/300x177\/0c0\/0d0\/none\/12727\/KLPA\/img-1868-768x452_1932439_20241229182112.jpg 300w\" \/><\/div>\n<div class=\"cutline-byline\"><span class=\"cutline-text\">En 2015 Rexhepi particip\u00f3 con su abogado en la audiencia de juzgamiento en Guayaquil, luego de los cual fue sentenciado por narcotr\u00e1fico.\u00a0<\/span><span class=\"byline-image\">(Foto: captura de video de la audiencia)<\/span><\/div>\n<\/figure>\n<\/div>\n<h2 class=\"h2vistazo\">LAS 22 TONELADAS DE LOS ALBANESES<\/h2>\n<div class=\"paragraph texto\">\n<p class=\"p_20\">Fue una de las incautaciones de coca\u00edna m\u00e1s grandes del mundo registradas, y las autoridades se toparon con ella por accidente.<\/p>\n<p class=\"p_21\">A fines de enero, oficiales militares ecuatorianos siguieron una pista sobre un\u00a0<b>alijo de armas y explosivos oculto en una granja de cerdos en Los R\u00edos<\/b>. En cambio, en un s\u00f3tano subterr\u00e1neo, encontraron 22.000 ladrillos de coca\u00edna, 22 toneladas en total, un bot\u00edn valuado en m\u00e1s de 660 millones de d\u00f3lares en el mercado europeo. Los paquetes estaban etiquetados con logotipos de aerol\u00edneas: Iberia, KLM, Qatar, AB, Jet2.<\/p>\n<p class=\"p_22\"><b>El alijo pertenec\u00eda a un grupo criminal alban\u00e9s<\/b>, seg\u00fan registros judiciales y agentes de inteligencia.<\/p>\n<p class=\"p_23\">Para un gobierno ecuatoriano que casi se hab\u00eda derrumbado debido a la violencia del narcotr\u00e1fico, fue aclamado como un gran golpe al comercio de coca\u00edna. Tambi\u00e9n confirm\u00f3 el papel global de Ecuador como un punto de tr\u00e1nsito crucial y centro log\u00edstico para los narcotraficantes m\u00e1s poderosos del mundo.<\/p>\n<p class=\"p_24\">Enclavado entre los pa\u00edses productores de coca\u00edna de Colombia y Per\u00fa,\u00a0<b>Ecuador se convirti\u00f3 en un lugar ideal para los traficantes, dijeron los investigadores<\/b>. El pa\u00eds contaba con una vigilancia costera limitada, instituciones fr\u00e1giles y corruptibles, pol\u00edticas de visas indulgentes que permit\u00edan la residencia a largo plazo de extranjeros y un s\u00f3lido grupo de bandas locales ansiosas por asociarse con grupos europeos para transportar drogas.<\/p>\n<p class=\"p_25\">El pa\u00eds tambi\u00e9n contaba con una pr\u00f3spera industria naviera. Es el principal exportador de banano a Europa, y un acuerdo de libre comercio con la UE hizo que las exportaciones de banano crecieran un 40 por ciento desde 2017. El negocio del transporte de banano, que representa m\u00e1s de dos tercios de las exportaciones que salen de Ecuador, proporcion\u00f3 una forma ideal de tr\u00e1nsito, dijeron los investigadores.<\/p>\n<p class=\"p_26\">En 2023, aproximadamente la mitad de la coca\u00edna incautada en contenedores en Ecuador antes de partir hacia Europa estaba oculta en\u00a0<b>env\u00edos de banano<\/b>, seg\u00fan las autoridades ecuatorianas.<\/p>\n<p class=\"p_27\">La incautaci\u00f3n de enero pasado en una granja para criar cerdos tambi\u00e9n ilustr\u00f3 el modelo de tr\u00e1fico alban\u00e9s, dijeron los funcionarios de inteligencia, con socios externos contratados para cada eslab\u00f3n de la cadena de suministro de coca\u00edna.<\/p>\n<p class=\"p_28\">Los grupos armados colombianos manejan la producci\u00f3n y el transporte por la frontera, y las bandas ecuatorianas se encargan de eso. Para trasladar las 22 toneladas de coca\u00edna, por ejemplo, una banda,\u00a0<b>Los Lobos<\/b>, transport\u00f3 la droga a la bodega subterr\u00e1nea, seg\u00fan un funcionario de inteligencia con conocimiento del caso. Otra,\u00a0<b>Los Choneros<\/b>, se encarg\u00f3 de custodiar la droga, mientras que una tercera,\u00a0<b>Los Lagartos<\/b>, se supon\u00eda que la introducir\u00eda de contrabando en el puerto. Por \u00faltimo, Los<b>\u00a0Chone Killers<\/b>, se encargar\u00eda de que saliera oculta en un buque portacontenedores designado.<\/p>\n<div id=\"Center2\" class=\"centervist\" data-google-query-id=\"CMT6msiuz4oDFZOUywEdvTEu_Q\">\n<div id=\"google_ads_iframe_\/21839199781\/Vistazo\/Vistazo_Center2_0__container__\"><iframe id=\"google_ads_iframe_\/21839199781\/Vistazo\/Vistazo_Center2_0\" tabindex=\"0\" title=\"3rd party ad content\" name=\"google_ads_iframe_\/21839199781\/Vistazo\/Vistazo_Center2_0\" width=\"728\" height=\"90\" frameborder=\"0\" marginwidth=\"0\" marginheight=\"0\" scrolling=\"no\" aria-label=\"Advertisement\" data-google-container-id=\"3\" data-load-complete=\"true\" data-mce-fragment=\"1\"><\/iframe><\/div>\n<\/div>\n<p class=\"p_29\">Tras la captura, los albaneses, a trav\u00e9s de uno de sus intermediarios, contactaron al sargento de Inteligencia\u00a0<b>H\u00e9ctor Castillo Viejo<\/b>, para que consiguiera informaci\u00f3n sobre los uniformados que participaron en el operativo. Su objetivo era ubicarlos, en especial a quien dirigi\u00f3 la operaci\u00f3n de inteligencia desde una unidad especial del Ej\u00e9rcito. Castillo fue detenido en Quito cuando intentaba sobornar a militares de la unidad, que le tendieron una trampa para detenerlo en un operativo con la Polic\u00eda. Pese a las evidencias en su contra fue liberado, y la jueza no ha convocado a la audiencia de su juzgamiento. En el Ej\u00e9rcito fue dado de baja, en septiembre pasado, pero\u00a0<b>volvi\u00f3 a ser detenido por robo de combustibles hace pocas semanas<\/b>.<\/p>\n<p class=\"p_30\"><b>Lea tambi\u00e9n:\u00a0<a href=\"https:\/\/www.vistazo.com\/actualidad\/dritan-rexhepi-el-albanes-lider-de-una-organizacion-criminal-que-la-justicia-ecuatoriana-libero-CH4595271\">Dritan Rexhepi, el alban\u00e9s l\u00edder de una organizaci\u00f3n criminal que la justicia ecuatoriana liber\u00f3<\/a><\/b><\/p>\n<\/div>\n<div class=\"multimediaMacroWrapper img lateral\">\n<figure class=\"contentMedia art-img\">\n<div><img loading=\"lazy\" decoding=\"async\" class=\" lazyloaded\" title=\"En una granja en Los R\u00edos, militares encontraron 22.000 ladrillos de coca\u00edna, 22 toneladas en total, valoradas en m\u00e1s de 660 millones de d\u00f3lares. La droga pertenec\u00eda a los albaneses.\" src=\"https:\/\/www.vistazo.com\/placeholder\/svg\/viewbox\/768x553\" sizes=\"100vw\" srcset=\"\/\/www.vistazo.com\/binrepository\/768x553\/0c0\/0d0\/none\/12727\/WAPL\/screenshot-2024-12-21-at-9-22-49-pm-1_1932442_20241229182112.png 768w,\/\/www.vistazo.com\/binrepository\/640x461\/0c0\/0d0\/none\/12727\/WAPA\/screenshot-2024-12-21-at-9-22-49-pm-1_1932442_20241229182112.png 640w,\/\/www.vistazo.com\/binrepository\/512x369\/0c0\/0d0\/none\/12727\/WAPL\/screenshot-2024-12-21-at-9-22-49-pm-1_1932442_20241229182112.png 512w,\/\/www.vistazo.com\/binrepository\/384x277\/0c0\/0d0\/none\/12727\/WAPM\/screenshot-2024-12-21-at-9-22-49-pm-1_1932442_20241229182112.png 384w,\/\/www.vistazo.com\/binrepository\/300x216\/0c0\/0d0\/none\/12727\/WAPH\/screenshot-2024-12-21-at-9-22-49-pm-1_1932442_20241229182112.png 300w\" alt=\"$!En una granja en Los R\u00edos, militares encontraron 22.000 ladrillos de coca\u00edna, 22 toneladas en total, valoradas en m\u00e1s de 660 millones de d\u00f3lares. La droga pertenec\u00eda a los albaneses.\" width=\"768\" height=\"553\" data-srcset=\"\/\/www.vistazo.com\/binrepository\/768x553\/0c0\/0d0\/none\/12727\/WAPL\/screenshot-2024-12-21-at-9-22-49-pm-1_1932442_20241229182112.png 768w,\/\/www.vistazo.com\/binrepository\/640x461\/0c0\/0d0\/none\/12727\/WAPA\/screenshot-2024-12-21-at-9-22-49-pm-1_1932442_20241229182112.png 640w,\/\/www.vistazo.com\/binrepository\/512x369\/0c0\/0d0\/none\/12727\/WAPL\/screenshot-2024-12-21-at-9-22-49-pm-1_1932442_20241229182112.png 512w,\/\/www.vistazo.com\/binrepository\/384x277\/0c0\/0d0\/none\/12727\/WAPM\/screenshot-2024-12-21-at-9-22-49-pm-1_1932442_20241229182112.png 384w,\/\/www.vistazo.com\/binrepository\/300x216\/0c0\/0d0\/none\/12727\/WAPH\/screenshot-2024-12-21-at-9-22-49-pm-1_1932442_20241229182112.png 300w\" \/><\/div>\n<div class=\"cutline-byline\"><span class=\"cutline-text\">En una granja en Los R\u00edos, militares encontraron 22.000 ladrillos de coca\u00edna, 22 toneladas en total, valoradas en m\u00e1s de 660 millones de d\u00f3lares. La droga pertenec\u00eda a los albaneses.\u00a0<\/span><span class=\"byline-image\">(Foto cortes\u00eda FF.AA.)<\/span><\/div>\n<\/figure>\n<\/div>\n<h2 class=\"h2vistazo\">LA ARTISTA DEL ESCAPISMO<\/h2>\n<div class=\"paragraph texto\">\n<p class=\"p_31\">La investigaci\u00f3n del medio estadounidense indica que Rexhepi lleg\u00f3 a Ecuador alrededor de\u00a0<b>2011<\/b>. Era parte de una oleada de albaneses, muchos de los cuales ten\u00edan profundos v\u00ednculos con grupos criminales en Europa. Ecuador estaba empezando a surgir como un centro de tr\u00e1nsito en el tr\u00e1fico de coca\u00edna,\u00a0<u><b>la residencia era relativamente f\u00e1cil de adquirir y hab\u00eda pocas dificultades para los extranjeros en la adquisici\u00f3n de propiedades y la creaci\u00f3n de empresas<\/b><\/u>, dijeron los funcionarios ecuatorianos.<\/p>\n<p class=\"p_32\">Rexhepi, que ten\u00eda m\u00faltiples identidades falsas, aterriz\u00f3 como un hombre de negocios griego, dijeron los investigadores.<\/p>\n<p class=\"p_33\">Hijo de agricultores de uva en Velce, un pueblo de monta\u00f1a alban\u00e9s, Rexhepi alcanz\u00f3 la mayor\u00eda de edad cuando los esquemas Ponzi de finales de los a\u00f1os 90 provocaron un devastador colapso econ\u00f3mico en Albania, destaca el reportaje.<\/p>\n<p class=\"p_34\">Los arsenales militares fueron saqueados, lo que llev\u00f3 al surgimiento de bandas criminales que hicieron que partes del pa\u00eds se volvieran ilegales.<\/p>\n<p class=\"p_35\"><b>\u201cTodos ten\u00edan armas en el pueblo\u201d<\/b>, dijo el t\u00edo de Rexhepi, Arben Jaupaj, de 64 a\u00f1os, que regenta un bar en Velce. \u201cLos adultos y los ni\u00f1os\u201d.<\/p>\n<p class=\"p_36\">Rexhepi ascendi\u00f3 r\u00e1pidamente dentro de las filas de una red con ambiciones continentales, dijeron funcionarios albaneses. Fue arrestado en 2006 por los asesinatos seis a\u00f1os antes de dos oficiales de polic\u00eda y un transe\u00fante. En un acto que convirti\u00f3 a Rexhepi en un nombre familiar en Albania, escap\u00f3 el d\u00eda de su arresto de una estaci\u00f3n de polic\u00eda en la ciudad costera de Durres simplemente abriendo una puerta con una cerradura defectuosa en una sala de interrogatorios del s\u00f3tano.\u00a0<u><b>Sali\u00f3 bailando vals, diciendo a los oficiales de polic\u00eda con los que se encontr\u00f3 que su interrogatorio hab\u00eda terminado<\/b><\/u>.<\/p>\n<p class=\"p_37\"><u>\u201cSe le considera inteligente, valiente y dispuesto a asumir riesgos\u201d<\/u>, dijo un funcionario policial alban\u00e9s que habl\u00f3 bajo condici\u00f3n de anonimato porque no estaba autorizado a hablar p\u00fablicamente.<\/p>\n<p class=\"p_38\">En los a\u00f1os siguientes, Rexhepi se convirti\u00f3 en uno de los criminales m\u00e1s buscados de Europa, perseguido de un pa\u00eds a otro, destaca la investigaci\u00f3n.<\/p>\n<p class=\"p_39\">Fue arrestado por tr\u00e1fico de drogas en los Pa\u00edses Bajos y extraditado a Italia, donde fue sentenciado a 13 a\u00f1os de prisi\u00f3n. En 2011, \u00e9l y otros dos albaneses escaparon de una c\u00e1rcel cerca de\u00a0<b>Mil\u00e1n<\/b>\u00a0despu\u00e9s de usar sierras de contrabando para limar barrotes y saltar por una ventana con una cuerda improvisada hecha con s\u00e1banas atadas. Meses despu\u00e9s, fue arrestado en Espa\u00f1a, pero extraditado a\u00a0<b>B\u00e9lgica<\/b>, donde era buscado por su papel en un robo violento a\u00f1os antes. Pero la prisi\u00f3n belga de baja seguridad no pudo contener a Rexhepi. Una vez m\u00e1s, escap\u00f3, escalando un muro de la prisi\u00f3n.<\/p>\n<p class=\"p_40\">Pero permanecer en Europa se estaba volviendo cada vez m\u00e1s insostenible debido al riesgo de otro arresto. Entonces Rexhepi huy\u00f3 a Ecuador. Rexhepi construy\u00f3 su red haciendo uso de empresas fachada leg\u00edtimas, seg\u00fan los fiscales italianos. Rexhepi comenz\u00f3 a\u00a0<u><b>establecer v\u00ednculos con empresas ecuatorianas que lo ayudar\u00edan a desarrollar sus operaciones de contrabando y lavar dinero<\/b><\/u>. Uno de sus socios, un vicec\u00f3nsul diplom\u00e1tico alban\u00e9s en Ecuador, ten\u00eda grandes acciones en empresas de alimentos y cannabis, seg\u00fan registros p\u00fablicos y un analista de inteligencia ecuatoriano que ha estudiado la red.<\/p>\n<p class=\"p_41\">En pocos a\u00f1os en Guayaquil, Rexhepi y sus compinches construyeron un sofisticado sistema de log\u00edstica de drogas, comprando personal portuario y compa\u00f1\u00edas navieras que les permit\u00edan un acceso casi gratuito a los contenedores que se dirig\u00edan a Europa, dijeron los investigadores. Form\u00f3 alianzas en todo el espectro de grupos criminales en el pa\u00eds, al vender Europa como un nuevo mercado abierto donde todos pod\u00edan beneficiarse.<\/p>\n<p class=\"p_42\">Sin embargo, la ley alcanz\u00f3 a Rexhepi nuevamente, y en 2014, fue arrestado en\u00a0<u><b>Guayaquil<\/b><\/u>, acusado de tr\u00e1fico de drogas y finalmente sentenciado a 13 a\u00f1os de prisi\u00f3n. El sistema penitenciario en Ecuador estaba en gran parte dirigido por las bandas, y Rexhepi continu\u00f3 construyendo su negocio, dijeron los investigadores.<\/p>\n<p class=\"p_43\">Su t\u00edo, Jaupaj, dijo que\u00a0<b>su sobrino afirma que fue acusado falsamente y que simplemente dirig\u00eda un negocio de mariscos<\/b>\u00a0en Ecuador.<\/p>\n<p class=\"p_44\">En una apelaci\u00f3n de 2015, Rexhepi, utilizando el nombre falso Murataj Lulezim, acus\u00f3 a las autoridades ecuatorianas de confundirlo con otro hombre y privarlo de su libertad \u201cde manera injusta, sin una sola prueba en mi contra ni una sola foto que demuestre alg\u00fan rastro de participaci\u00f3n\u201d.<\/p>\n<p class=\"p_45\"><u>\u201cMi \u00fanico pecado, por as\u00ed decirlo, es que soy ciudadano alban\u00e9s y vine a este pa\u00eds por la publicidad en el extranjero, que promueve la inversi\u00f3n\u201d<\/u>.<\/p>\n<p class=\"p_46\">Lo \u00faltimo que se supo sobre Rexhepi es que fue detenido en noviembre pasado en\u00a0<b>Turqu\u00eda<\/b>. Fue arrestado en respuesta a pedidos de extradici\u00f3n de Italia y Albania.<\/p>\n<p class=\"p_47\">El capo hab\u00eda cambiado una vida de lujo por otra, despu\u00e9s de llegar a Turqu\u00eda con un pasaporte colombiano, bajo el alias de\u00a0<u><b>Benjam\u00edn Omar P\u00e9rez Garc\u00eda<\/b><\/u>, y establecerse en una villa blanca en un suburbio costero de Estambul, dijeron las autoridades. Rexhepi sigue tras las rejas en Turqu\u00eda, por ahora.<\/p>\n<p class=\"p_48\"><b>Lea tambi\u00e9n:\u00a0<a href=\"https:\/\/www.vistazo.com\/actualidad\/nacional\/quien-es-dritan-rexhepi-el-narco-albanes-que-dirigio-su-imperio-desde-una-carcel-de-ecuador-y-ahora-estaria-libre-AL3629103\">\u00bfQui\u00e9n es Dritan Rexhepi? El narco alban\u00e9s que dirigi\u00f3 su imperio desde una c\u00e1rcel de Ecuador y ahora estar\u00eda libre<\/a><\/b><\/p>\n<\/div>\n<div class=\"multimediaMacroWrapper img lateral\">\n<figure class=\"contentMedia art-img\">\n<div><img loading=\"lazy\" decoding=\"async\" class=\" lazyloaded\" title=\"Las alertas de Albania, Italia y B\u00e9lgica sobre una serie de delitos que hab\u00eda cometido Rexhepi llegaron a Ecuador tras su captura, en 2014. Italia fue el primer pa\u00eds en pedir su extradici\u00f3n.\u200b\u200b\u200b\" src=\"https:\/\/www.vistazo.com\/placeholder\/svg\/viewbox\/768x768\" sizes=\"100vw\" srcset=\"\/\/www.vistazo.com\/binrepository\/768x768\/0c0\/0d0\/none\/12727\/ELEI\/heriberto-16_1932445_20241229182113.jpg 768w,\/\/www.vistazo.com\/binrepository\/640x640\/0c0\/0d0\/none\/12727\/ELMA\/heriberto-16_1932445_20241229182113.jpg 640w,\/\/www.vistazo.com\/binrepository\/512x512\/0c0\/0d0\/none\/12727\/ELOC\/heriberto-16_1932445_20241229182113.jpg 512w,\/\/www.vistazo.com\/binrepository\/384x384\/0c0\/0d0\/none\/12727\/ELIE\/heriberto-16_1932445_20241229182113.jpg 384w,\/\/www.vistazo.com\/binrepository\/300x300\/0c0\/0d0\/none\/12727\/ELMA\/heriberto-16_1932445_20241229182113.jpg 300w\" alt=\"$!Las alertas de Albania, Italia y B\u00e9lgica sobre una serie de delitos que hab\u00eda cometido Rexhepi llegaron a Ecuador tras su captura, en 2014. Italia fue el primer pa\u00eds en pedir su extradici\u00f3n.\u200b\u200b\u200b\" width=\"768\" height=\"768\" data-srcset=\"\/\/www.vistazo.com\/binrepository\/768x768\/0c0\/0d0\/none\/12727\/ELEI\/heriberto-16_1932445_20241229182113.jpg 768w,\/\/www.vistazo.com\/binrepository\/640x640\/0c0\/0d0\/none\/12727\/ELMA\/heriberto-16_1932445_20241229182113.jpg 640w,\/\/www.vistazo.com\/binrepository\/512x512\/0c0\/0d0\/none\/12727\/ELOC\/heriberto-16_1932445_20241229182113.jpg 512w,\/\/www.vistazo.com\/binrepository\/384x384\/0c0\/0d0\/none\/12727\/ELIE\/heriberto-16_1932445_20241229182113.jpg 384w,\/\/www.vistazo.com\/binrepository\/300x300\/0c0\/0d0\/none\/12727\/ELMA\/heriberto-16_1932445_20241229182113.jpg 300w\" \/><\/div>\n<div class=\"cutline-byline\"><span class=\"cutline-text\">Las alertas de Albania, Italia y B\u00e9lgica sobre una serie de delitos que hab\u00eda cometido Rexhepi llegaron a Ecuador tras su captura, en 2014. Italia fue el primer pa\u00eds en pedir su extradici\u00f3n.<br \/>\n\u200b\u200b\u200b<\/span>\u00a0<span class=\"byline-image\">(Foto: C\u00f3digo Vidrio )<\/span><\/div>\n<\/figure>\n<\/div>\n<h2 class=\"h2vistazo\">DESCENSO DE LA ANARQU\u00cdA<\/h2>\n<div class=\"paragraph texto\">\n<p class=\"p_49\">En septiembre de 2020, tras una investigaci\u00f3n de cinco a\u00f1os, cientos de oficiales en toda Europa llevaron a cabo una gran operaci\u00f3n encubierta contra las acciones de Rexhepi. Detuvieron a 20 personas en Italia, los Pa\u00edses Bajos, Alemania, Grecia, Rumania, Hungr\u00eda, Espa\u00f1a, Albania y Dub\u00e1i.<\/p>\n<p class=\"p_50\">Las autoridades italianas enviaron una serie de cartas a los funcionarios ecuatorianos, inst\u00e1ndolos a iniciar los procedimientos de extradici\u00f3n contra Rexhepi. En una carta de 2021 de la Embajada de Italia, a la que tuvo acceso The Washington Post, los diplom\u00e1ticos advirtieron que Rexhepi organiz\u00f3 env\u00edos transatl\u00e1nticos de drogas y orden\u00f3 el asesinato de sus rivales\u00a0<b>\u201cgracias a una densa red de complicidad y corrupci\u00f3n, desde la prisi\u00f3n, utilizando todo tipo de sistemas de comunicaci\u00f3n\u201d<\/b>.<\/p>\n<p class=\"p_51\">Pero Rexhepi ten\u00eda sus propios planes. En agosto de 2021, un juez de Guayaquil, Diego Poma, le concedi\u00f3 arresto domiciliario por \u201crazones m\u00e9dicas\u201d con un grillete electr\u00f3nico, seg\u00fan la orden judicial. D\u00edas despu\u00e9s, el juez orden\u00f3 que se le retirara el grillete electr\u00f3nico y le orden\u00f3 que se presentara ante las autoridades cada 15 d\u00edas. (Posteriormente, el juez fue destituido por el Consejo de la Judicatura del pa\u00eds, que determin\u00f3 que hab\u00eda violado la independencia de los funcionarios judiciales en varias decisiones que beneficiaban a poderosos capos de la droga). Poma, en su proceso disciplinario, neg\u00f3 haber actuado mal y dijo que sigui\u00f3 todos los protocolos legales al tomar sus decisiones.<\/p>\n<p class=\"p_52\">En 2023, su liberaci\u00f3n fue denunciada p\u00fablicamente por el candidato presidencial\u00a0<u><b>Fernando Villavicencio\u00a0<\/b><\/u>como otro ejemplo de la ca\u00edda de Ecuador en la anarqu\u00eda; varios meses despu\u00e9s, Villavicencio, que prometi\u00f3 enfrentarse a las bandas narcotraficantes del pa\u00eds, fue asesinado.<\/p>\n<p class=\"p_53\">Para entonces, hab\u00eda quedado claro cu\u00e1nto poder ejerc\u00edan los narcotraficantes albaneses en Ecuador. Otro destacado narcotraficante alban\u00e9s,\u00a0<b>Dritan Gjika<\/b>, hab\u00eda establecido una extensa red de conexiones pol\u00edticas y comerciales, seg\u00fan descubrieron los investigadores, supuestamente bajo la protecci\u00f3n del jefe de la polic\u00eda ecuatoriana. Algunos funcionarios de inteligencia europeos dijeron que sospechaban que Gjika podr\u00eda ser parte de la red de Rexhepi.<\/p>\n<p class=\"p_54\">En enero, las bandas ecuatorianas desataron una ola de violencia sin precedentes. El nuevo presidente del pa\u00eds,\u00a0<b>Daniel Noboa<\/b>, respondi\u00f3 declarando un estado de conflicto armado interno contra las bandas, movilizando a los militares para tomar el control de las ciudades y las c\u00e1rceles del pa\u00eds. Desde entonces, el gobierno ha promocionado una ca\u00edda del 18 por ciento en la tasa de asesinatos, pero los secuestros y las extorsiones han seguido aumentando, y las organizaciones de derechos humanos han acusado al gobierno de arrestar a miles de personas con pocas pruebas y sin el debido proceso.<\/p>\n<p class=\"p_55\">La ca\u00edda de los asesinatos, dijo Renato Rivera, coordinador del Observatorio del Crimen Organizado de Ecuador, \u201cno es una respuesta a la militarizaci\u00f3n, sino a los procesos de paz y las alianzas criminales\u201d entre pandillas. A pesar de la declaraci\u00f3n del presidente de conflicto armado interno, las estructuras criminales m\u00e1s poderosas del pa\u00eds, como los albaneses, siguen \u201cexactamente iguales\u201d, agreg\u00f3.<\/p>\n<p class=\"p_56\"><b>\u201cEstos grupos transnacionales no se han visto realmente afectados\u201d<\/b>, dijo Rivera.<strong> Fuente: Vistazo<\/strong><\/p>\n<\/div>\n","protected":false},"excerpt":{"rendered":"<p>La industria de la coca\u00edna experimenta una\u00a0explosi\u00f3n global\u00a0y\u00a0Ecuador es uno de los puntos m\u00e1s importantes para el transporte de la droga. Esto ocurre por la presencia de la mafia albanesa, comandada por\u00a0Dritan Rexhepi, quien volvi\u00f3 al pa\u00eds en su centro de operaciones. El l\u00edder criminal cre\u00f3 un negocio, que iba desde las plantaciones colombianas, hasta los puertos ecuatorianos y las calles de Europa. Es lo que revela un reciente reportaje publicado por Washington Post. Revise:\u00a0\u00bfC\u00f3mo lleg\u00f3 la mafia albanesa a Ecuador? As\u00ed act\u00faan sus l\u00edderes bajo la fachada de empresarios exitosos Esta investigaci\u00f3n se basa en entrevistas\u00a0con m\u00e1s de dos docenas de funcionarios actuales y anteriores\u00a0en Ecuador, Colombia, Europa y Estados Unidos, miembros de pandillas en Ecuador y miles de p\u00e1ginas de documentos judiciales de Ecuador, Albania e Italia. El reportaje, elaborado por Samantha Schmidt,\u00a0Arturo Torres, director de C\u00f3digo Vidrio, y Anthony Faiola, revela c\u00f3mo las\u00a0redes criminales lideradas por albaneses se infiltraron en los puertos, el poder judicial, el sistema penitenciario y las fuerzas de seguridad de Ecuador\u00a0para hacerse con el control de partes clave de la cadena de suministro de coca\u00edna y desencadenar un\u00a0diluvio de la droga en Europa: un mercado de coca\u00edna anual de m\u00e1s de 12 mil millones de d\u00f3lares, seg\u00fan la Agencia Europea de Medicamentos. Lea tambi\u00e9n:\u00a0La historia de Dritan Gjika: El misterioso alban\u00e9s que se enriqueci\u00f3 en Ecuador LA INDUSTRIA DE LA COCA\u00cdNA SE GLOBALIZ\u00d3 La investigaci\u00f3n del Post documenta que durante d\u00e9cadas los consumidores de coca\u00edna fueron principalmente estadounidenses, y la interdicci\u00f3n era una prioridad de ese gobierno, indica el reportaje. Pero a pesar de las decenas de miles de millones de d\u00f3lares gastados en la guerra de ese pa\u00eds contra las drogas en Am\u00e9rica Latina,\u00a0la industria no solo ha crecido, sino que se ha globalizado,\u00a0con nuevas rutas, nuevos mercados y nuevas empresas criminales. Casi todos los pa\u00edses de la regi\u00f3n se han convertido en un importante productor o transportador de la droga.\u00a0Ecuador es hoy uno de los puntos de tr\u00e1nsito de coca\u00edna m\u00e1s importantes del mundo. La demanda se est\u00e1 disparando en Europa, que rivaliza con EE.UU. como el principal destino de coca\u00edna del mundo. El consumo de coca\u00edna en los pa\u00edses se quintuplic\u00f3 entre 2011 y 2021, y super\u00f3 al de Estados Unidos en 2022. Si bien EE.UU. sigue siendo un mercado enorme, el consumo de coca\u00edna ha disminuido un 20 por ciento desde 2006, seg\u00fan la ONU. Los grupos\u00a0criminales de los Balcanes, Italia, Turqu\u00eda y Rusia\u00a0han llegado a Am\u00e9rica Latina para obtener una parte del negocio, indica el reportaje. Pocos han logrado abrirse camino en el tr\u00e1fico de coca\u00edna como las redes criminales albanesas, coinciden los investigadores y analistas. Lea tambi\u00e9n:\u00a0La mafia de los Balcanes: El narco Milovac lider\u00f3 la operaci\u00f3n de un cartel serbio en Ecuador Principales rutas usadas por carteles de albaneses para traficar coca\u00edna desde Latinoam\u00e9rica a Europa, \u00c1frica y Australia. Gr\u00e1fico tomado del informe Tent\u00e1culos Transnacionales, de la organizaci\u00f3n Global Initiative Against Organized Crime\u00a0(Gr\u00e1fico tomado del informe Tent\u00e1culos Transnacionales, de la organizaci\u00f3n Global Initiative Against Organized Crime) REXHEPI LEVANT\u00d3 SU IMPERIO DESDE UNA CELDA EN ECUADOR Rexhepi, de 44 a\u00f1os,\u00a0construy\u00f3 gran parte de su imperio desde una celda en una prisi\u00f3n ecuatoriana, fomentando conexiones con pandillas latinoamericanas y convirtiendo su bloque de celdas en una suite ejecutiva. Un abogado que lo representa en Albania se neg\u00f3 a hacer comentarios. Rexhepi, en una apelaci\u00f3n de 2015, neg\u00f3 cualquier participaci\u00f3n en el tr\u00e1fico de drogas, \u201cya sea como autor o c\u00f3mplice\u201d. Pero en 2021, Italia solicit\u00f3 su extradici\u00f3n, advirtiendo a las autoridades de Ecuador en una carta de su embajada en Quito que Rexhepi era el \u201cl\u00edder indiscutible\u201d de una red de narcotr\u00e1fico albanesa con alcance global y acceso a \u201ccantidades infinitas de coca\u00edna\u201d. El surgimiento de Rexhepi como un temido agente de poder dentro de la prisi\u00f3n de Cotopaxi fue sintom\u00e1tico del colapso del control gubernamental en Ecuador. Pero como las autoridades de Roma buscaban encarcelarlo por tr\u00e1fico de drogas, decidi\u00f3 que era hora de mudarse nuevamente. En agosto de 2021, el juez\u00a0Diego Poma, alegando una necesidad m\u00e9dica, orden\u00f3 su liberaci\u00f3n y dio paso a su arresto domiciliario en Samborond\u00f3n, en Guayaquil, seg\u00fan consta en el proceso judicial. Luego, como era previsible, Rexhepi desapareci\u00f3, indica el reportaje del Post. Lea tambi\u00e9n:\u00a0As\u00ed un juez habr\u00eda liberado a tres miembros de la mafia albanesa: las pruebas del caso &#8216;Albajuez&#8217; por las que ahora enfrenta prisi\u00f3n Dritan Rexhepi levant\u00f3 en Ecuador la poderosa estructura para el cartel alban\u00e9s Compa\u00f1\u00eda Bello, desde 2011. Se instal\u00f3 en Guayaquil con la fachada de empresario. Aprovech\u00f3 que no le exig\u00edan visa por la Ciudadan\u00eda Universal.\u00a0(Foto: C\u00f3digo Vidrio ) SOCIOS, NO RIVALES: EL SALTO DE LOS ALBANESES Los empresarios del narcotr\u00e1fico de Albania, un pa\u00eds de 2,8 millones de habitantes, han comenzado a rivalizar con los c\u00e1rteles m\u00e1s poderosos del mundo trabajando con ellos,\u00a0no contra ellos, transformando la forma en que se maneja el negocio. Las nuevas redes, dicen los investigadores, son a menudo coaliciones criminales de grupos dispares e independientes, en lugar de c\u00e1rteles jer\u00e1rquicos y violentamente competitivos. El informe del Post indica que Europol est\u00e1 al tanto de docenas de clanes o redes criminales organizadas \u201cde habla albanesa\u201d que operan actualmente en Europa, dijo\u00a0Robert Fay, el jefe de la unidad de drogas de Europol, en una entrevista con Washington Post. \u201cNo se trata de cu\u00e1ntas personas tienes\u201d, dijo Fatjona Mejdini, analista albanesa de la Iniciativa Global Contra el Crimen Organizado Transnacional. \u201cSe trata de las alianzas adecuadas que puedes formar\u201d. Desde su celda en la prisi\u00f3n de Ecuador, Rexhepi allan\u00f3 el camino. Se hizo amigo de los l\u00edderes de la banda m\u00e1s poderosa de Ecuador,\u00a0Los Choneros, que ya trabajaban para el c\u00e1rtel de Sinaloa de M\u00e9xico, seg\u00fan uno de los miembros fundadores de ese grupo, que, como otros entrevistados para el art\u00edculo, habl\u00f3 bajo condici\u00f3n de anonimato por seguridad. As\u00ed crearon asociaciones estrat\u00e9gicas tanto con traficantes sudamericanos como con l\u00edderes de pandillas en toda Europa. Su objetivo era simple: vender tanta coca\u00edna como fuera posible con abundantes ganancias para todos los socios de<\/p>\n","protected":false},"author":1,"featured_media":20946,"comment_status":"open","ping_status":"open","sticky":false,"template":"","format":"standard","meta":{"footnotes":""},"categories":[268],"tags":[],"class_list":["post-20945","post","type-post","status-publish","format-standard","has-post-thumbnail","hentry","category-nacionales"],"_links":{"self":[{"href":"https:\/\/www.elamazonico.com\/portal\/wp-json\/wp\/v2\/posts\/20945","targetHints":{"allow":["GET"]}}],"collection":[{"href":"https:\/\/www.elamazonico.com\/portal\/wp-json\/wp\/v2\/posts"}],"about":[{"href":"https:\/\/www.elamazonico.com\/portal\/wp-json\/wp\/v2\/types\/post"}],"author":[{"embeddable":true,"href":"https:\/\/www.elamazonico.com\/portal\/wp-json\/wp\/v2\/users\/1"}],"replies":[{"embeddable":true,"href":"https:\/\/www.elamazonico.com\/portal\/wp-json\/wp\/v2\/comments?post=20945"}],"version-history":[{"count":1,"href":"https:\/\/www.elamazonico.com\/portal\/wp-json\/wp\/v2\/posts\/20945\/revisions"}],"predecessor-version":[{"id":20947,"href":"https:\/\/www.elamazonico.com\/portal\/wp-json\/wp\/v2\/posts\/20945\/revisions\/20947"}],"wp:featuredmedia":[{"embeddable":true,"href":"https:\/\/www.elamazonico.com\/portal\/wp-json\/wp\/v2\/media\/20946"}],"wp:attachment":[{"href":"https:\/\/www.elamazonico.com\/portal\/wp-json\/wp\/v2\/media?parent=20945"}],"wp:term":[{"taxonomy":"category","embeddable":true,"href":"https:\/\/www.elamazonico.com\/portal\/wp-json\/wp\/v2\/categories?post=20945"},{"taxonomy":"post_tag","embeddable":true,"href":"https:\/\/www.elamazonico.com\/portal\/wp-json\/wp\/v2\/tags?post=20945"}],"curies":[{"name":"wp","href":"https:\/\/api.w.org\/{rel}","templated":true}]}}