{"id":20937,"date":"2024-12-29T15:28:58","date_gmt":"2024-12-29T20:28:58","guid":{"rendered":"https:\/\/www.elamazonico.com\/portal\/?p=20937"},"modified":"2024-12-29T15:28:58","modified_gmt":"2024-12-29T20:28:58","slug":"consejera-electoral-exige-a-noboa-pedir-licencia-para-campana-electoral-de-2025","status":"publish","type":"post","link":"https:\/\/www.elamazonico.com\/portal\/consejera-electoral-exige-a-noboa-pedir-licencia-para-campana-electoral-de-2025\/","title":{"rendered":"Consejera electoral exige a Noboa pedir licencia para campa\u00f1a electoral de 2025"},"content":{"rendered":"<p>La consejera electoral Elena N\u00e1jera afirm\u00f3 que el presidente Daniel Noboa debe solicitar licencia sin sueldo para participar en la campa\u00f1a electoral de 2025, que comienza el 5 de enero.<\/p>\n<p>N\u00e1jera envi\u00f3 un memorando a la presidenta del Consejo Nacional Electoral (CNE), Diana Atamaint, solicitando que se aclare la obligatoriedad de esta medida ante las dudas que han surgido sobre el tema.<\/p>\n<p>En su escrito, N\u00e1jera recalc\u00f3 que Noboa, al estar en proceso de reelecci\u00f3n tras asumir la Presidencia por la muerte cruzada, est\u00e1 obligado por ley a pedir la licencia para evitar el uso indebido de recursos p\u00fablicos y garantizar la igualdad de condiciones en la contienda electoral.<\/p>\n<p>Para resolver la confusi\u00f3n y la desinformaci\u00f3n, N\u00e1jera pidi\u00f3 al CNE que se pronuncie oficialmente sobre la necesidad de que el mandatario solicite licencia antes de que inicie la campa\u00f1a, a fin de preservar principios democr\u00e1ticos fundamentales como la igualdad ante la ley y la seguridad jur\u00eddica.<\/p>\n<p>Este pronunciamiento se produce en medio de la disputa entre Noboa y la vicepresidenta, Ver\u00f3nica Abad, quien se ha resistido a dejar su puesto y asumir un cargo diplom\u00e1tico en Turqu\u00eda.<\/p>\n<p>Abad, quien a\u00fan no ha viajado, indic\u00f3 que est\u00e1 dispuesta a asumir la Presidencia si Noboa pide licencia para la campa\u00f1a, mientras desde el gobierno se han advertido consecuencias ante su negativa.<\/p>\n","protected":false},"excerpt":{"rendered":"<p>La consejera electoral Elena N\u00e1jera afirm\u00f3 que el presidente Daniel Noboa debe solicitar licencia sin sueldo para participar en la campa\u00f1a electoral de 2025, que comienza el 5 de enero. N\u00e1jera envi\u00f3 un memorando a la presidenta del Consejo Nacional Electoral (CNE), Diana Atamaint, solicitando que se aclare la obligatoriedad de esta medida ante las dudas que han surgido sobre el tema. En su escrito, N\u00e1jera recalc\u00f3 que Noboa, al estar en proceso de reelecci\u00f3n tras asumir la Presidencia por la muerte cruzada, est\u00e1 obligado por ley a pedir la licencia para evitar el uso indebido de recursos p\u00fablicos y garantizar la igualdad de condiciones en la contienda electoral. Para resolver la confusi\u00f3n y la desinformaci\u00f3n, N\u00e1jera pidi\u00f3 al CNE que se pronuncie oficialmente sobre la necesidad de que el mandatario solicite licencia antes de que inicie la campa\u00f1a, a fin de preservar principios democr\u00e1ticos fundamentales como la igualdad ante la ley y la seguridad jur\u00eddica. Este pronunciamiento se produce en medio de la disputa entre Noboa y la vicepresidenta, Ver\u00f3nica Abad, quien se ha resistido a dejar su puesto y asumir un cargo diplom\u00e1tico en Turqu\u00eda. Abad, quien a\u00fan no ha viajado, indic\u00f3 que est\u00e1 dispuesta a asumir la Presidencia si Noboa pide licencia para la campa\u00f1a, mientras desde el gobierno se han advertido consecuencias ante su negativa.<\/p>\n","protected":false},"author":1,"featured_media":20938,"comment_status":"open","ping_status":"open","sticky":false,"template":"","format":"standard","meta":{"footnotes":""},"categories":[268],"tags":[],"class_list":["post-20937","post","type-post","status-publish","format-standard","has-post-thumbnail","hentry","category-nacionales"],"_links":{"self":[{"href":"https:\/\/www.elamazonico.com\/portal\/wp-json\/wp\/v2\/posts\/20937","targetHints":{"allow":["GET"]}}],"collection":[{"href":"https:\/\/www.elamazonico.com\/portal\/wp-json\/wp\/v2\/posts"}],"about":[{"href":"https:\/\/www.elamazonico.com\/portal\/wp-json\/wp\/v2\/types\/post"}],"author":[{"embeddable":true,"href":"https:\/\/www.elamazonico.com\/portal\/wp-json\/wp\/v2\/users\/1"}],"replies":[{"embeddable":true,"href":"https:\/\/www.elamazonico.com\/portal\/wp-json\/wp\/v2\/comments?post=20937"}],"version-history":[{"count":1,"href":"https:\/\/www.elamazonico.com\/portal\/wp-json\/wp\/v2\/posts\/20937\/revisions"}],"predecessor-version":[{"id":20939,"href":"https:\/\/www.elamazonico.com\/portal\/wp-json\/wp\/v2\/posts\/20937\/revisions\/20939"}],"wp:featuredmedia":[{"embeddable":true,"href":"https:\/\/www.elamazonico.com\/portal\/wp-json\/wp\/v2\/media\/20938"}],"wp:attachment":[{"href":"https:\/\/www.elamazonico.com\/portal\/wp-json\/wp\/v2\/media?parent=20937"}],"wp:term":[{"taxonomy":"category","embeddable":true,"href":"https:\/\/www.elamazonico.com\/portal\/wp-json\/wp\/v2\/categories?post=20937"},{"taxonomy":"post_tag","embeddable":true,"href":"https:\/\/www.elamazonico.com\/portal\/wp-json\/wp\/v2\/tags?post=20937"}],"curies":[{"name":"wp","href":"https:\/\/api.w.org\/{rel}","templated":true}]}}