{"id":20902,"date":"2024-12-27T10:41:36","date_gmt":"2024-12-27T15:41:36","guid":{"rendered":"https:\/\/www.elamazonico.com\/portal\/?p=20902"},"modified":"2024-12-27T10:41:36","modified_gmt":"2024-12-27T15:41:36","slug":"junta-metropolitana-emite-medidas-de-proteccion-a-favor-de-la-vicepresidenta-veronica-abad","status":"publish","type":"post","link":"https:\/\/www.elamazonico.com\/portal\/junta-metropolitana-emite-medidas-de-proteccion-a-favor-de-la-vicepresidenta-veronica-abad\/","title":{"rendered":"Junta Metropolitana emite medidas de protecci\u00f3n a favor de la vicepresidenta Ver\u00f3nica Abad"},"content":{"rendered":"<p>La Junta Metropolitana de Protecci\u00f3n de los Derechos de las Mujeres dict\u00f3 medidas de protecci\u00f3n a favor de la vicepresidenta Ver\u00f3nica Abad, prohibiendo al presidente Daniel Noboa realizar acciones intimidatorias, amenazas o coacci\u00f3n en su contra. Adem\u00e1s, se emiti\u00f3 una boleta de auxilio para prevenir cualquier vulneraci\u00f3n de sus derechos.<\/p>\n<p>Estas disposiciones fueron emitidas horas antes de que Abad deb\u00eda viajar a Ankara este viernes 27 de diciembre de 2024. No obstante, la vicepresidenta a\u00fan no ha confirmado si cumplir\u00e1 con la orden, que fue determinada en el Decreto Ejecutivo 490, firmado por Noboa. Este decreto, conocido el mismo d\u00eda que Abad fue restituci\u00f3n en su cargo, dispone que ella asuma como consejera temporal en la Embajada de Ankara.<\/p>\n<p>Abad se encontraba en Cuenca celebrando la Navidad, y sus abogados han se\u00f1alado que la Ley Org\u00e1nica de Servicio Exterior permite un plazo de hasta 30 d\u00edas h\u00e1biles para el traslado tras ser notificada sobre un viaje oficial.<\/p>\n<p>Adem\u00e1s, este viernes 27 de diciembre, se llevar\u00e1 a cabo una audiencia en el Tribunal Contencioso Electoral, en la que se presentar\u00e1n pruebas y alegatos sobre un caso de presunta violencia pol\u00edtica de g\u00e9nero, con la exconsejera Diana J\u00e1come como una de las participantes.<\/p>\n<p>La Junta Metropolitana de Protecci\u00f3n de los Derechos de las Mujeres, dependencia del Municipio de Quito, se encarga de dictar medidas administrativas para proteger a personas vulnerables ante situaciones de violencia y vulneraci\u00f3n de derechos, incluyendo mujeres, ni\u00f1os, ni\u00f1as y personas adultas mayores<\/p>\n","protected":false},"excerpt":{"rendered":"<p>La Junta Metropolitana de Protecci\u00f3n de los Derechos de las Mujeres dict\u00f3 medidas de protecci\u00f3n a favor de la vicepresidenta Ver\u00f3nica Abad, prohibiendo al presidente Daniel Noboa realizar acciones intimidatorias, amenazas o coacci\u00f3n en su contra. Adem\u00e1s, se emiti\u00f3 una boleta de auxilio para prevenir cualquier vulneraci\u00f3n de sus derechos. Estas disposiciones fueron emitidas horas antes de que Abad deb\u00eda viajar a Ankara este viernes 27 de diciembre de 2024. No obstante, la vicepresidenta a\u00fan no ha confirmado si cumplir\u00e1 con la orden, que fue determinada en el Decreto Ejecutivo 490, firmado por Noboa. Este decreto, conocido el mismo d\u00eda que Abad fue restituci\u00f3n en su cargo, dispone que ella asuma como consejera temporal en la Embajada de Ankara. Abad se encontraba en Cuenca celebrando la Navidad, y sus abogados han se\u00f1alado que la Ley Org\u00e1nica de Servicio Exterior permite un plazo de hasta 30 d\u00edas h\u00e1biles para el traslado tras ser notificada sobre un viaje oficial. Adem\u00e1s, este viernes 27 de diciembre, se llevar\u00e1 a cabo una audiencia en el Tribunal Contencioso Electoral, en la que se presentar\u00e1n pruebas y alegatos sobre un caso de presunta violencia pol\u00edtica de g\u00e9nero, con la exconsejera Diana J\u00e1come como una de las participantes. La Junta Metropolitana de Protecci\u00f3n de los Derechos de las Mujeres, dependencia del Municipio de Quito, se encarga de dictar medidas administrativas para proteger a personas vulnerables ante situaciones de violencia y vulneraci\u00f3n de derechos, incluyendo mujeres, ni\u00f1os, ni\u00f1as y personas adultas mayores<\/p>\n","protected":false},"author":1,"featured_media":20903,"comment_status":"open","ping_status":"open","sticky":false,"template":"","format":"standard","meta":{"footnotes":""},"categories":[268],"tags":[],"class_list":["post-20902","post","type-post","status-publish","format-standard","has-post-thumbnail","hentry","category-nacionales"],"_links":{"self":[{"href":"https:\/\/www.elamazonico.com\/portal\/wp-json\/wp\/v2\/posts\/20902","targetHints":{"allow":["GET"]}}],"collection":[{"href":"https:\/\/www.elamazonico.com\/portal\/wp-json\/wp\/v2\/posts"}],"about":[{"href":"https:\/\/www.elamazonico.com\/portal\/wp-json\/wp\/v2\/types\/post"}],"author":[{"embeddable":true,"href":"https:\/\/www.elamazonico.com\/portal\/wp-json\/wp\/v2\/users\/1"}],"replies":[{"embeddable":true,"href":"https:\/\/www.elamazonico.com\/portal\/wp-json\/wp\/v2\/comments?post=20902"}],"version-history":[{"count":1,"href":"https:\/\/www.elamazonico.com\/portal\/wp-json\/wp\/v2\/posts\/20902\/revisions"}],"predecessor-version":[{"id":20904,"href":"https:\/\/www.elamazonico.com\/portal\/wp-json\/wp\/v2\/posts\/20902\/revisions\/20904"}],"wp:featuredmedia":[{"embeddable":true,"href":"https:\/\/www.elamazonico.com\/portal\/wp-json\/wp\/v2\/media\/20903"}],"wp:attachment":[{"href":"https:\/\/www.elamazonico.com\/portal\/wp-json\/wp\/v2\/media?parent=20902"}],"wp:term":[{"taxonomy":"category","embeddable":true,"href":"https:\/\/www.elamazonico.com\/portal\/wp-json\/wp\/v2\/categories?post=20902"},{"taxonomy":"post_tag","embeddable":true,"href":"https:\/\/www.elamazonico.com\/portal\/wp-json\/wp\/v2\/tags?post=20902"}],"curies":[{"name":"wp","href":"https:\/\/api.w.org\/{rel}","templated":true}]}}