{"id":20895,"date":"2024-12-27T10:35:58","date_gmt":"2024-12-27T15:35:58","guid":{"rendered":"https:\/\/www.elamazonico.com\/portal\/?p=20895"},"modified":"2024-12-27T10:35:58","modified_gmt":"2024-12-27T15:35:58","slug":"fiscalia-abre-investigacion-contra-mario-godoy-tras-denuncia-de-jueza","status":"publish","type":"post","link":"https:\/\/www.elamazonico.com\/portal\/fiscalia-abre-investigacion-contra-mario-godoy-tras-denuncia-de-jueza\/","title":{"rendered":"Fiscal\u00eda abre investigaci\u00f3n contra Mario Godoy tras denuncia de jueza"},"content":{"rendered":"<p>La Fiscal\u00eda General del Estado abri\u00f3 una investigaci\u00f3n previa contra Mario Godoy, presidente del Consejo de la Judicatura, luego de que la jueza Nubia Vera lo acusara de presionarla para negar una acci\u00f3n de protecci\u00f3n a la vicepresidenta Ver\u00f3nica Abad.<\/p>\n<p>Seg\u00fan Vera, tambi\u00e9n habr\u00edan participado otros dos funcionarios, quienes incluso le habr\u00edan entregado un pendrive con la sentencia que deb\u00eda emitir.<\/p>\n<p>La investigaci\u00f3n previa tiene como objetivo determinar si existe un presunto delito. De encontrarse indicios suficientes, se formular\u00e1n cargos; caso contrario, el caso ser\u00e1 archivado.<\/p>\n<p>Este jueves, Mario Godoy present\u00f3 una denuncia en la Fiscal\u00eda y una querella por calumnias contra la jueza Vera. Seg\u00fan \u00e9l, las declaraciones de la jueza son infundadas y da\u00f1an su imagen.<\/p>\n","protected":false},"excerpt":{"rendered":"<p>La Fiscal\u00eda General del Estado abri\u00f3 una investigaci\u00f3n previa contra Mario Godoy, presidente del Consejo de la Judicatura, luego de que la jueza Nubia Vera lo acusara de presionarla para negar una acci\u00f3n de protecci\u00f3n a la vicepresidenta Ver\u00f3nica Abad. Seg\u00fan Vera, tambi\u00e9n habr\u00edan participado otros dos funcionarios, quienes incluso le habr\u00edan entregado un pendrive con la sentencia que deb\u00eda emitir. La investigaci\u00f3n previa tiene como objetivo determinar si existe un presunto delito. De encontrarse indicios suficientes, se formular\u00e1n cargos; caso contrario, el caso ser\u00e1 archivado. Este jueves, Mario Godoy present\u00f3 una denuncia en la Fiscal\u00eda y una querella por calumnias contra la jueza Vera. Seg\u00fan \u00e9l, las declaraciones de la jueza son infundadas y da\u00f1an su imagen.<\/p>\n","protected":false},"author":1,"featured_media":20896,"comment_status":"open","ping_status":"open","sticky":false,"template":"","format":"standard","meta":{"footnotes":""},"categories":[268],"tags":[],"class_list":["post-20895","post","type-post","status-publish","format-standard","has-post-thumbnail","hentry","category-nacionales"],"_links":{"self":[{"href":"https:\/\/www.elamazonico.com\/portal\/wp-json\/wp\/v2\/posts\/20895","targetHints":{"allow":["GET"]}}],"collection":[{"href":"https:\/\/www.elamazonico.com\/portal\/wp-json\/wp\/v2\/posts"}],"about":[{"href":"https:\/\/www.elamazonico.com\/portal\/wp-json\/wp\/v2\/types\/post"}],"author":[{"embeddable":true,"href":"https:\/\/www.elamazonico.com\/portal\/wp-json\/wp\/v2\/users\/1"}],"replies":[{"embeddable":true,"href":"https:\/\/www.elamazonico.com\/portal\/wp-json\/wp\/v2\/comments?post=20895"}],"version-history":[{"count":1,"href":"https:\/\/www.elamazonico.com\/portal\/wp-json\/wp\/v2\/posts\/20895\/revisions"}],"predecessor-version":[{"id":20897,"href":"https:\/\/www.elamazonico.com\/portal\/wp-json\/wp\/v2\/posts\/20895\/revisions\/20897"}],"wp:featuredmedia":[{"embeddable":true,"href":"https:\/\/www.elamazonico.com\/portal\/wp-json\/wp\/v2\/media\/20896"}],"wp:attachment":[{"href":"https:\/\/www.elamazonico.com\/portal\/wp-json\/wp\/v2\/media?parent=20895"}],"wp:term":[{"taxonomy":"category","embeddable":true,"href":"https:\/\/www.elamazonico.com\/portal\/wp-json\/wp\/v2\/categories?post=20895"},{"taxonomy":"post_tag","embeddable":true,"href":"https:\/\/www.elamazonico.com\/portal\/wp-json\/wp\/v2\/tags?post=20895"}],"curies":[{"name":"wp","href":"https:\/\/api.w.org\/{rel}","templated":true}]}}