{"id":20893,"date":"2024-12-27T11:09:00","date_gmt":"2024-12-27T16:09:00","guid":{"rendered":"https:\/\/www.elamazonico.com\/portal\/?p=20893"},"modified":"2024-12-27T11:09:00","modified_gmt":"2024-12-27T16:09:00","slug":"la-fiscal-general-diana-salazar-da-a-luz-a-victoria-su-segunda-hija-el-alumbramiento-fue-en-argentina","status":"publish","type":"post","link":"https:\/\/www.elamazonico.com\/portal\/la-fiscal-general-diana-salazar-da-a-luz-a-victoria-su-segunda-hija-el-alumbramiento-fue-en-argentina\/","title":{"rendered":"La fiscal general Diana Salazar da a luz a Victoria, su segunda hija; el alumbramiento fue en Argentina"},"content":{"rendered":"<p class=\"p_0\">La fiscal general del Estado,\u00a0<b><a href=\"https:\/\/www.vistazo.com\/actualidad\/internacional\/2024-12-12-fiscal-diana-salazar-100-mas-influyentes-times-FX8462351\" target=\"_blank\" rel=\"noopener noreferrer\">Diana Salazar<\/a><\/b>, ha dado a luz a \u00abVictoria\u00bb, su segunda hija, en\u00a0<b>Buenos Aires<\/b>, Argentina.<\/p>\n<p class=\"p_1\">La peque\u00f1a, a quien ha nombrado Julia Victoria, naci\u00f3 en el Sanatorio Otamendi, aunque hasta el momento no se ha confirmado la fecha exacta del alumbramiento.<\/p>\n<p class=\"p_2\">Este viernes 27 de diciembre, se han difundido im\u00e1genes y videos del nacimiento de la hija de la fiscal, quien hace tan solo una semana defendi\u00f3 su privacidad y seguridad ante las presiones del corre\u00edsmo.<\/p>\n<p class=\"p_3\">El pasado 19 de diciembre, Salazar respondi\u00f3 a un pedido de informaci\u00f3n realizado por la asamble\u00edsta corre\u00edsta Pamela Aguirre, quien solicit\u00f3 detalles sobre la\u00a0<b>ubicaci\u00f3n\u00a0<\/b>y\u00a0<b>estado\u00a0<\/b>de la fiscal.<\/p>\n<p class=\"p_5\">Ante este hecho, Salazar expres\u00f3: \u00abEsa informaci\u00f3n es interesante para las estructuras criminales que quieren\u00a0<b>acabar\u00a0<\/b>con mi\u00a0<b>vida\u00a0<\/b>y la de mi familia\u00bb, haciendo alusi\u00f3n al riesgo al que est\u00e1 expuesta debido a su trabajo.<\/p>\n<div id=\"Center2\" class=\"centervist\" data-google-query-id=\"COPal8iqyIoDFVnglAkdg3IBFA\">\n<div id=\"google_ads_iframe_\/21839199781\/Vistazo\/Vistazo_Center2_0__container__\">Asimismo, la funcionaria mencion\u00f3 que hab\u00eda llegado a las 40 semanas de embarazo, lo que dejaba entrever que su hija hab\u00eda nacido en los d\u00edas posteriores.<\/div>\n<\/div>\n<p class=\"p_7\">El embarazo de Salazar, que fue revelado p\u00fablicamente en mayo de 2024, fue de alto riesgo, lo que motiv\u00f3 a la fiscal a compartir con el pa\u00eds su estado de salud y el apoyo recibido de su familia.<\/p>\n<p class=\"p_8\">\u00abHoy debo comunicarles que nuestra familia crece, que pronto seremos cuatro y que eso es motivo de profunda alegr\u00eda para m\u00ed y para quienes nos quieren\u00bb, expres\u00f3 en ese entonces.<\/p>\n<p class=\"p_9\">Diana Salazar, quien ha sido incluida en la lista de\u00a0<i><b>Time<\/b><\/i><b>\u00a0<\/b>de las 100 personas m\u00e1s influyentes de 2024, contin\u00faa al frente del combate contra la corrupci\u00f3n y el crimen organizado en el pa\u00eds.<\/p>\n<p class=\"p_10\">En su lucha por la justicia, ha reiterado que \u00abla justicia no se arrodilla\u00bb y ha pedido respeto por sus derechos fundamentales y los de su familia. <strong>Fuente: Vistazo<\/strong><\/p>\n","protected":false},"excerpt":{"rendered":"<p>La fiscal general del Estado,\u00a0Diana Salazar, ha dado a luz a \u00abVictoria\u00bb, su segunda hija, en\u00a0Buenos Aires, Argentina. La peque\u00f1a, a quien ha nombrado Julia Victoria, naci\u00f3 en el Sanatorio Otamendi, aunque hasta el momento no se ha confirmado la fecha exacta del alumbramiento. Este viernes 27 de diciembre, se han difundido im\u00e1genes y videos del nacimiento de la hija de la fiscal, quien hace tan solo una semana defendi\u00f3 su privacidad y seguridad ante las presiones del corre\u00edsmo. El pasado 19 de diciembre, Salazar respondi\u00f3 a un pedido de informaci\u00f3n realizado por la asamble\u00edsta corre\u00edsta Pamela Aguirre, quien solicit\u00f3 detalles sobre la\u00a0ubicaci\u00f3n\u00a0y\u00a0estado\u00a0de la fiscal. Ante este hecho, Salazar expres\u00f3: \u00abEsa informaci\u00f3n es interesante para las estructuras criminales que quieren\u00a0acabar\u00a0con mi\u00a0vida\u00a0y la de mi familia\u00bb, haciendo alusi\u00f3n al riesgo al que est\u00e1 expuesta debido a su trabajo. Asimismo, la funcionaria mencion\u00f3 que hab\u00eda llegado a las 40 semanas de embarazo, lo que dejaba entrever que su hija hab\u00eda nacido en los d\u00edas posteriores. El embarazo de Salazar, que fue revelado p\u00fablicamente en mayo de 2024, fue de alto riesgo, lo que motiv\u00f3 a la fiscal a compartir con el pa\u00eds su estado de salud y el apoyo recibido de su familia. \u00abHoy debo comunicarles que nuestra familia crece, que pronto seremos cuatro y que eso es motivo de profunda alegr\u00eda para m\u00ed y para quienes nos quieren\u00bb, expres\u00f3 en ese entonces. Diana Salazar, quien ha sido incluida en la lista de\u00a0Time\u00a0de las 100 personas m\u00e1s influyentes de 2024, contin\u00faa al frente del combate contra la corrupci\u00f3n y el crimen organizado en el pa\u00eds. En su lucha por la justicia, ha reiterado que \u00abla justicia no se arrodilla\u00bb y ha pedido respeto por sus derechos fundamentales y los de su familia. Fuente: Vistazo<\/p>\n","protected":false},"author":1,"featured_media":20906,"comment_status":"open","ping_status":"open","sticky":false,"template":"","format":"standard","meta":{"footnotes":""},"categories":[268],"tags":[],"class_list":["post-20893","post","type-post","status-publish","format-standard","has-post-thumbnail","hentry","category-nacionales"],"_links":{"self":[{"href":"https:\/\/www.elamazonico.com\/portal\/wp-json\/wp\/v2\/posts\/20893","targetHints":{"allow":["GET"]}}],"collection":[{"href":"https:\/\/www.elamazonico.com\/portal\/wp-json\/wp\/v2\/posts"}],"about":[{"href":"https:\/\/www.elamazonico.com\/portal\/wp-json\/wp\/v2\/types\/post"}],"author":[{"embeddable":true,"href":"https:\/\/www.elamazonico.com\/portal\/wp-json\/wp\/v2\/users\/1"}],"replies":[{"embeddable":true,"href":"https:\/\/www.elamazonico.com\/portal\/wp-json\/wp\/v2\/comments?post=20893"}],"version-history":[{"count":1,"href":"https:\/\/www.elamazonico.com\/portal\/wp-json\/wp\/v2\/posts\/20893\/revisions"}],"predecessor-version":[{"id":20907,"href":"https:\/\/www.elamazonico.com\/portal\/wp-json\/wp\/v2\/posts\/20893\/revisions\/20907"}],"wp:featuredmedia":[{"embeddable":true,"href":"https:\/\/www.elamazonico.com\/portal\/wp-json\/wp\/v2\/media\/20906"}],"wp:attachment":[{"href":"https:\/\/www.elamazonico.com\/portal\/wp-json\/wp\/v2\/media?parent=20893"}],"wp:term":[{"taxonomy":"category","embeddable":true,"href":"https:\/\/www.elamazonico.com\/portal\/wp-json\/wp\/v2\/categories?post=20893"},{"taxonomy":"post_tag","embeddable":true,"href":"https:\/\/www.elamazonico.com\/portal\/wp-json\/wp\/v2\/tags?post=20893"}],"curies":[{"name":"wp","href":"https:\/\/api.w.org\/{rel}","templated":true}]}}