{"id":20876,"date":"2024-12-27T07:07:49","date_gmt":"2024-12-27T12:07:49","guid":{"rendered":"https:\/\/www.elamazonico.com\/portal\/?p=20876"},"modified":"2024-12-27T07:07:49","modified_gmt":"2024-12-27T12:07:49","slug":"estas-son-los-cinco-faltas-y-omisiones-sobre-la-desaparicion-de-los-cuatro-ninos-de-malvinas-en-guayaquil","status":"publish","type":"post","link":"https:\/\/www.elamazonico.com\/portal\/estas-son-los-cinco-faltas-y-omisiones-sobre-la-desaparicion-de-los-cuatro-ninos-de-malvinas-en-guayaquil\/","title":{"rendered":"Estas son los cinco faltas y omisiones sobre la desaparici\u00f3n de los cuatro ni\u00f1os de Malvinas, en Guayaquil"},"content":{"rendered":"<p>El caso de los cuatro ni\u00f1os desaparecidos el 8 de diciembre tras su detenci\u00f3n en el sur de Guayaquil deja en evidencia una serie de\u00a0irregularidades en los procedimientos adoptados tras su captura por parte de personal de la Fuerza A\u00e9rea Ecuatoriana (FAE).<\/p>\n<p>Una audiencia de habeas corpus, celebrada el 24 de diciembre de 2024 y en la que una jueza elev\u00f3 la investigaci\u00f3n a desaparici\u00f3n forzada, revel\u00f3 vac\u00edos, faltas y omisiones en el caso,\u00a0conocido como el de los los cuatro de Las Malvinas.<\/p>\n<p>En sus declaraciones, 16 militares de dos patrullas de la Infanter\u00eda A\u00e9rea afirman que \u201cliberaron\u201d a los menores en la parroquia rural Taura (Naranjal, Guayas), a las afueras de Dur\u00e1n, a m\u00e1s de 40 kil\u00f3metros del sitio de la detenci\u00f3n. Seg\u00fan las familias, habr\u00edan sido golpeados y abandonados de noche y sin ropa.<\/p>\n<p>A pesar de la gravedad del caso, no se ha precisado el lugar exacto donde supuestamente se produjo una \u201cliberaci\u00f3n\u201d que adem\u00e1s careci\u00f3 de orden judicial expresa.<\/p>\n<p>Tampoco existen registros de un parte militar que informe a superiores sobre las detenciones por el presunto robo a una mujer, la supuesta causa de las detenciones de Ismael y Josu\u00e9 Arroyo, Sa\u00fal Arboleda y Steven Medina, de entre 11 y 15 a\u00f1os.<\/p>\n<p>Billy Navarrete, director del Comit\u00e9 Permanente por la Defensa de los Derechos Humanos (CDH) de Guayaquil, quien acompa\u00f1\u00f3 a las familias en la audiencia de habeas corpus en el norte de Guayaquil, detall\u00f3 para PRIMICIAS las irregularidades e interrogantes del caso expuestos en la audiencia:<\/p>\n<p><img decoding=\"async\" src=\"https:\/\/imagenes.primicias.ec\/files\/content_image_simple_414_238\/uploads\/2024\/12\/26\/676dc6b7e1718.jpeg\" alt=\"thumb\" \/><br \/>\nBilly Navarrete (derecha), director del Comit\u00e9 Permanente por la Defensa de los Derechos Humanos, acompa\u00f1a a familiares de cuatro ni\u00f1os desaparecidos a una diligencia de reconocimiento en la morgue de Guayaquil, el 25 de diciembre de 2024, tras el hallazgo de cuatro cuerpos incinerados en Taura (Naranjal, Guayas). Entre los familiares est\u00e1 Luis Arroyo (izquierda), padre de dos de los ni\u00f1os.AFP<\/p>\n<p><strong>1.-Falta de registro oficial de la detenci\u00f3n<\/strong><br \/>\nNo existe un parte militar oficial dirigido a un superior informando sobre la detenci\u00f3n de los menores la noche del 8 de diciembre (cerca de las 20:00, en el sector de la avenida 25 de Julio, al sur de Guayaquil) como lo exige el protocolo en estos casos. El ministro de Defensa, Gian Carlo Loffredo, reconoci\u00f3 este jueves 26 de diciembre en una entrevista en Radio Centro que la patrulla \u00abno notific\u00f3 al mando superior\u00bb en ese momento. Por eso se instal\u00f3 un Tribunal de Disciplina Militar. Y el ministro habl\u00f3 de \u201cerrores en el procedimiento, omisiones, faltas, por las que van a tener que responder\u201d los 16 militares retenidos.<\/p>\n<p><strong>2.-Falta de indicios sobre el supuesto robo<\/strong><br \/>\nLa detenci\u00f3n se produjo cuando las patrullas de la FAE, que operan en Dur\u00e1n, volv\u00edan de la Aduana, en el sur de Guayaquil, luego de custodiar un cami\u00f3n con contrabando. Los militares se\u00f1alan en un informe posterior que se percataron de un supuesto robo a una mujer y detuvieron a tres de ocho presuntos implicados. La ciudadan\u00eda entreg\u00f3 a un cuarto ni\u00f1o y, seg\u00fan el Ministro de Defensa, esto se observa en un video. Pero el fiscal Christian F\u00e1rez se\u00f1al\u00f3 en la audiencia que no existen ni testigos, ni versiones, ni un denuncia que apunten a alg\u00fan \u00abacto il\u00edcito que hayan cometido los ni\u00f1os\u00bb.<\/p>\n<p><strong>3.-Ausencia de un reporte al ECU-911 o la Dinapen<\/strong><br \/>\nLas Fuerzas Armadas tampoco reportaron el presunto robo al sistema de emergencias ECU-911, lo cual habr\u00eda sido el paso inicial en una acci\u00f3n leg\u00edtima, lo que, seg\u00fan el fiscal, hace parte del \u201cprocedimiento obligatorio\u00bb para la intervenci\u00f3n la Direcci\u00f3n Nacional de Polic\u00eda Especializada para Ni\u00f1os, Ni\u00f1as y Adolescentes (Dinapen). Tampoco informaron ni entregaron a los menores a la Dinapen, como correspond\u00eda, la entidad especializada en casos relacionados con ni\u00f1os y adolescentes.<\/p>\n<p><strong>4.-Se desconoce sitio preciso de la supuesta liberaci\u00f3n<\/strong><br \/>\nSeg\u00fan las declaraciones de representantes de las Fuerzas Armadas en la audiencia, los menores nunca ingresaron a la Ala de Combate 22 de la Base A\u00e9rea de Taura. Sin embargo, no se precis\u00f3 el lugar exacto donde habr\u00edan sido abandonados. El abogado de los militares se\u00f1ala que fue en la parroquia rural, a 15 kil\u00f3metros de la base militar. En la CDH se\u00f1alan que el sitio sigue siendo \u201cindefinido\u201d. \u201cTaura es un lugar tremendamente inseguro y extenso. Esta \u2018liberaci\u00f3n\u2019 tampoco es que permit\u00eda a los chicos volver a casa de forma segura, desde una zona rural y oscura a m\u00e1s de 40 kil\u00f3metros de su barrio\u201d, dice Navarrete.<\/p>\n<p><strong>5.-Tampoco hubo orden de liberaci\u00f3n judicial<\/strong><br \/>\nLa jueza que acept\u00f3 el h\u00e1beas corpus y declar\u00f3 la desaparici\u00f3n forzada de los menores tambi\u00e9n cuestion\u00f3 la falta de una orden de liberaci\u00f3n judicial, algo que debe ser dispuesto por una autoridad civil de justicia, es decir por un juez. Los representantes de las Fuerzas Armadas tampoco pudieron responder a las preguntas de la jueza en este sentido y reconocieron un \u00abmal procedimiento administrativo\u00bb, que se convirti\u00f3 en un asunto penal una vez que por eso mismo no se pudo garantizar el derecho a la vida o a la integridad f\u00edsica de los ni\u00f1os.<\/p>\n<p><strong>CDH cuestiona custodia militar de detenidos<\/strong><br \/>\nEl ministro de Defensa, Gian Carlo Loffredo, ratific\u00f3 este 26 de diciembre que los 16 militares involucrados en la desaparici\u00f3n de los cuatro de Las Malvinas est\u00e1n retenidos \u201cbajo custodia militar por oficiales y personal de inteligencia\u201d, a fin de evitar fugas.<\/p>\n<p>El Ministerio de Defensa, que hab\u00eda convocado a una rueda de prensa este jueves 26 de diciembre en la Gobernaci\u00f3n del Guayas, para ofrecer informaci\u00f3n del caso, cancel\u00f3 el evento una hora y media antes de su inicio.<\/p>\n<p>\u201cNo sabemos en qu\u00e9 dependencia est\u00e1n. Los detenidos tienen que estar en un lugar de privaci\u00f3n de libertad regular y las bases militares no son sitios para mantener privado de la libertad a nadie, incluso para este tipo de funcionarios estatales\u201d, cuestion\u00f3 Billy Navarrete, de la CDH.<\/p>\n<p>El activista de derechos humanos asegur\u00f3 que toda esta serie de errores de procedimiento se enmarcan en la figura t\u00edpica de la desaparici\u00f3n forzada, que incluye la detenci\u00f3n arbitraria, la ausencia de informaci\u00f3n sobre el paradero del detenido y la confabulaci\u00f3n para intimidar o atacar al denunciante.<\/p>\n<p>Jueza acepta habeas corpus y declara desaparici\u00f3n forzada de los cuatro menores de Guayaquil<br \/>\nLas familias de los ni\u00f1os han reportado \u00abvisitas intimidatorias por parte de la Polic\u00eda\u00bb, que incluyen la toma de fotograf\u00edas a los domicilios y a un veh\u00edculo de uno de los padres, denunci\u00f3 el director ejecutivo de la CDH Guayaquil.<\/p>\n<p>\u201cNada de lo que hayan hecho los ni\u00f1os justifica que est\u00e9n desaparecidos (&#8230;) Los errores que cometieron los 16 miembros de la patrulla no son representativos de las Fuerzas Armadas\u201d<\/p>\n<p><strong>Gian Carlo Loffredo, ministro de Defensa.\u00a0<\/strong><br \/>\nEn tanto, con el fallo del habeas corpus, la jueza orden\u00f3 como parte del mecanismo protecci\u00f3n constitucional de derechos la conformaci\u00f3n de una comisi\u00f3n multidisciplinaria de cinco miembros, para que investigue de forma independiente los hechos. Esa comisi\u00f3n deber\u00e1 ser convocada y conformada por la Defensor\u00eda del Pueblo.<\/p>\n<p><strong>Cuerpos incinerados en el recinto Casa de Zinc<\/strong><br \/>\nEn tanto, el hallazgo de cuatro cuerpos incinerados se report\u00f3 la tarde del martes 24 de diciembre en una zona agreste y de dif\u00edcil acceso, entre manglares, del recinto Casa de Zinc de Taura, ubicado a unos 16 kil\u00f3metros de la Base A\u00e9rea.<\/p>\n<p>Unidades fluviales del Grupo de Intervenci\u00f3n y Rescate (GIR) de la Polic\u00eda Nacional dieron con los \u201ccuerpos destruidos e incinerados de forma premeditada\u201d y algunos de los cuales est\u00e1n incompletos, pues fueron expuestos a los elementos y a los animales, seg\u00fan representantes de la CDH.<\/p>\n<p>Polic\u00eda halla cad\u00e1veres en Taura mientras buscaba a los cuatro menores desaparecidos<br \/>\nEn ese estado se descart\u00f3 por completo la posibilidad de una identificaci\u00f3n dactilar de los cad\u00e1veres.<\/p>\n<p>El siguiente paso es realizar una pericia antropol\u00f3gica, un cotejamiento de heridas previas, pr\u00f3tesis dentales, fracturas, cirug\u00edas y otros rasgos distintivos, por lo que familiares de los ni\u00f1os acudieron este mi\u00e9rcoles 25 de diciembre al Laboratorio de Criminal\u00edstica Ciencias Forenses de Guayaquil.<\/p>\n<p>Los resultados de esta prueba antropol\u00f3gica estar\u00e1n listos a lo sumo hasta el lunes, 30 de diciembre de 2024. Y si no son concluyentes se deber\u00e1 proceder con pruebas de ADN que podr\u00edan tomar entre 30 y 40 d\u00edas. Se est\u00e1 buscando acelerar el proceso fuera del pa\u00eds.<\/p>\n<p>De confirmarse que se trata de los menores desaparecidos, el estado de los restos podr\u00eda implicar una eventual reconfiguraci\u00f3n del tipo penal de desaparici\u00f3n forzada a ejecuci\u00f3n extrajudicial, seg\u00fan el abogado Abraham Aguirre, del \u00e1rea jur\u00eddica de la CDH.<\/p>\n<p>La desaparici\u00f3n forzada, considerada delito de lesa humanidad, est\u00e1 tipificada en el art\u00edculo 84 del C\u00f3digo Org\u00e1nico Integral Penal (COIP) con una pena privativa de libertad de 22 a 26 a\u00f1os, la misma pena establecida para la ejecuci\u00f3n extrajudicial (art\u00edculo 85 del COIP). <strong>Fuente: Primicias<\/strong><\/p>\n","protected":false},"excerpt":{"rendered":"<p>El caso de los cuatro ni\u00f1os desaparecidos el 8 de diciembre tras su detenci\u00f3n en el sur de Guayaquil deja en evidencia una serie de\u00a0irregularidades en los procedimientos adoptados tras su captura por parte de personal de la Fuerza A\u00e9rea Ecuatoriana (FAE). Una audiencia de habeas corpus, celebrada el 24 de diciembre de 2024 y en la que una jueza elev\u00f3 la investigaci\u00f3n a desaparici\u00f3n forzada, revel\u00f3 vac\u00edos, faltas y omisiones en el caso,\u00a0conocido como el de los los cuatro de Las Malvinas. En sus declaraciones, 16 militares de dos patrullas de la Infanter\u00eda A\u00e9rea afirman que \u201cliberaron\u201d a los menores en la parroquia rural Taura (Naranjal, Guayas), a las afueras de Dur\u00e1n, a m\u00e1s de 40 kil\u00f3metros del sitio de la detenci\u00f3n. Seg\u00fan las familias, habr\u00edan sido golpeados y abandonados de noche y sin ropa. A pesar de la gravedad del caso, no se ha precisado el lugar exacto donde supuestamente se produjo una \u201cliberaci\u00f3n\u201d que adem\u00e1s careci\u00f3 de orden judicial expresa. Tampoco existen registros de un parte militar que informe a superiores sobre las detenciones por el presunto robo a una mujer, la supuesta causa de las detenciones de Ismael y Josu\u00e9 Arroyo, Sa\u00fal Arboleda y Steven Medina, de entre 11 y 15 a\u00f1os. Billy Navarrete, director del Comit\u00e9 Permanente por la Defensa de los Derechos Humanos (CDH) de Guayaquil, quien acompa\u00f1\u00f3 a las familias en la audiencia de habeas corpus en el norte de Guayaquil, detall\u00f3 para PRIMICIAS las irregularidades e interrogantes del caso expuestos en la audiencia: Billy Navarrete (derecha), director del Comit\u00e9 Permanente por la Defensa de los Derechos Humanos, acompa\u00f1a a familiares de cuatro ni\u00f1os desaparecidos a una diligencia de reconocimiento en la morgue de Guayaquil, el 25 de diciembre de 2024, tras el hallazgo de cuatro cuerpos incinerados en Taura (Naranjal, Guayas). Entre los familiares est\u00e1 Luis Arroyo (izquierda), padre de dos de los ni\u00f1os.AFP 1.-Falta de registro oficial de la detenci\u00f3n No existe un parte militar oficial dirigido a un superior informando sobre la detenci\u00f3n de los menores la noche del 8 de diciembre (cerca de las 20:00, en el sector de la avenida 25 de Julio, al sur de Guayaquil) como lo exige el protocolo en estos casos. El ministro de Defensa, Gian Carlo Loffredo, reconoci\u00f3 este jueves 26 de diciembre en una entrevista en Radio Centro que la patrulla \u00abno notific\u00f3 al mando superior\u00bb en ese momento. Por eso se instal\u00f3 un Tribunal de Disciplina Militar. Y el ministro habl\u00f3 de \u201cerrores en el procedimiento, omisiones, faltas, por las que van a tener que responder\u201d los 16 militares retenidos. 2.-Falta de indicios sobre el supuesto robo La detenci\u00f3n se produjo cuando las patrullas de la FAE, que operan en Dur\u00e1n, volv\u00edan de la Aduana, en el sur de Guayaquil, luego de custodiar un cami\u00f3n con contrabando. Los militares se\u00f1alan en un informe posterior que se percataron de un supuesto robo a una mujer y detuvieron a tres de ocho presuntos implicados. La ciudadan\u00eda entreg\u00f3 a un cuarto ni\u00f1o y, seg\u00fan el Ministro de Defensa, esto se observa en un video. Pero el fiscal Christian F\u00e1rez se\u00f1al\u00f3 en la audiencia que no existen ni testigos, ni versiones, ni un denuncia que apunten a alg\u00fan \u00abacto il\u00edcito que hayan cometido los ni\u00f1os\u00bb. 3.-Ausencia de un reporte al ECU-911 o la Dinapen Las Fuerzas Armadas tampoco reportaron el presunto robo al sistema de emergencias ECU-911, lo cual habr\u00eda sido el paso inicial en una acci\u00f3n leg\u00edtima, lo que, seg\u00fan el fiscal, hace parte del \u201cprocedimiento obligatorio\u00bb para la intervenci\u00f3n la Direcci\u00f3n Nacional de Polic\u00eda Especializada para Ni\u00f1os, Ni\u00f1as y Adolescentes (Dinapen). Tampoco informaron ni entregaron a los menores a la Dinapen, como correspond\u00eda, la entidad especializada en casos relacionados con ni\u00f1os y adolescentes. 4.-Se desconoce sitio preciso de la supuesta liberaci\u00f3n Seg\u00fan las declaraciones de representantes de las Fuerzas Armadas en la audiencia, los menores nunca ingresaron a la Ala de Combate 22 de la Base A\u00e9rea de Taura. Sin embargo, no se precis\u00f3 el lugar exacto donde habr\u00edan sido abandonados. El abogado de los militares se\u00f1ala que fue en la parroquia rural, a 15 kil\u00f3metros de la base militar. En la CDH se\u00f1alan que el sitio sigue siendo \u201cindefinido\u201d. \u201cTaura es un lugar tremendamente inseguro y extenso. Esta \u2018liberaci\u00f3n\u2019 tampoco es que permit\u00eda a los chicos volver a casa de forma segura, desde una zona rural y oscura a m\u00e1s de 40 kil\u00f3metros de su barrio\u201d, dice Navarrete. 5.-Tampoco hubo orden de liberaci\u00f3n judicial La jueza que acept\u00f3 el h\u00e1beas corpus y declar\u00f3 la desaparici\u00f3n forzada de los menores tambi\u00e9n cuestion\u00f3 la falta de una orden de liberaci\u00f3n judicial, algo que debe ser dispuesto por una autoridad civil de justicia, es decir por un juez. Los representantes de las Fuerzas Armadas tampoco pudieron responder a las preguntas de la jueza en este sentido y reconocieron un \u00abmal procedimiento administrativo\u00bb, que se convirti\u00f3 en un asunto penal una vez que por eso mismo no se pudo garantizar el derecho a la vida o a la integridad f\u00edsica de los ni\u00f1os. CDH cuestiona custodia militar de detenidos El ministro de Defensa, Gian Carlo Loffredo, ratific\u00f3 este 26 de diciembre que los 16 militares involucrados en la desaparici\u00f3n de los cuatro de Las Malvinas est\u00e1n retenidos \u201cbajo custodia militar por oficiales y personal de inteligencia\u201d, a fin de evitar fugas. El Ministerio de Defensa, que hab\u00eda convocado a una rueda de prensa este jueves 26 de diciembre en la Gobernaci\u00f3n del Guayas, para ofrecer informaci\u00f3n del caso, cancel\u00f3 el evento una hora y media antes de su inicio. \u201cNo sabemos en qu\u00e9 dependencia est\u00e1n. Los detenidos tienen que estar en un lugar de privaci\u00f3n de libertad regular y las bases militares no son sitios para mantener privado de la libertad a nadie, incluso para este tipo de funcionarios estatales\u201d, cuestion\u00f3 Billy Navarrete, de la CDH. El activista de derechos humanos asegur\u00f3 que toda esta serie de errores de procedimiento se enmarcan en la figura t\u00edpica de la desaparici\u00f3n forzada, que incluye la detenci\u00f3n arbitraria,<\/p>\n","protected":false},"author":1,"featured_media":20877,"comment_status":"open","ping_status":"open","sticky":false,"template":"","format":"standard","meta":{"footnotes":""},"categories":[268],"tags":[],"class_list":["post-20876","post","type-post","status-publish","format-standard","has-post-thumbnail","hentry","category-nacionales"],"_links":{"self":[{"href":"https:\/\/www.elamazonico.com\/portal\/wp-json\/wp\/v2\/posts\/20876","targetHints":{"allow":["GET"]}}],"collection":[{"href":"https:\/\/www.elamazonico.com\/portal\/wp-json\/wp\/v2\/posts"}],"about":[{"href":"https:\/\/www.elamazonico.com\/portal\/wp-json\/wp\/v2\/types\/post"}],"author":[{"embeddable":true,"href":"https:\/\/www.elamazonico.com\/portal\/wp-json\/wp\/v2\/users\/1"}],"replies":[{"embeddable":true,"href":"https:\/\/www.elamazonico.com\/portal\/wp-json\/wp\/v2\/comments?post=20876"}],"version-history":[{"count":1,"href":"https:\/\/www.elamazonico.com\/portal\/wp-json\/wp\/v2\/posts\/20876\/revisions"}],"predecessor-version":[{"id":20878,"href":"https:\/\/www.elamazonico.com\/portal\/wp-json\/wp\/v2\/posts\/20876\/revisions\/20878"}],"wp:featuredmedia":[{"embeddable":true,"href":"https:\/\/www.elamazonico.com\/portal\/wp-json\/wp\/v2\/media\/20877"}],"wp:attachment":[{"href":"https:\/\/www.elamazonico.com\/portal\/wp-json\/wp\/v2\/media?parent=20876"}],"wp:term":[{"taxonomy":"category","embeddable":true,"href":"https:\/\/www.elamazonico.com\/portal\/wp-json\/wp\/v2\/categories?post=20876"},{"taxonomy":"post_tag","embeddable":true,"href":"https:\/\/www.elamazonico.com\/portal\/wp-json\/wp\/v2\/tags?post=20876"}],"curies":[{"name":"wp","href":"https:\/\/api.w.org\/{rel}","templated":true}]}}