{"id":20836,"date":"2024-12-23T06:07:31","date_gmt":"2024-12-23T11:07:31","guid":{"rendered":"https:\/\/www.elamazonico.com\/portal\/?p=20836"},"modified":"2024-12-23T06:07:31","modified_gmt":"2024-12-23T11:07:31","slug":"brasil-diez-miembros-de-una-familia-mueren-en-tragico-accidente-aereo","status":"publish","type":"post","link":"https:\/\/www.elamazonico.com\/portal\/brasil-diez-miembros-de-una-familia-mueren-en-tragico-accidente-aereo\/","title":{"rendered":"Brasil: diez miembros de una familia mueren en tr\u00e1gico accidente a\u00e9reo"},"content":{"rendered":"<div class=\"paragraph texto\">\n<p class=\"p_0\">Una\u00a0<u><b>aeronave bimotor de peque\u00f1o tama\u00f1o<\/b><\/u>\u00a0se desplom\u00f3 en la ma\u00f1ana de este domingo cerca del centro de la ciudad tur\u00edstica de\u00a0<u><b>Gramado<\/b><\/u>, en el estado brasile\u00f1o de\u00a0<b>Rio Grande do Sul,<\/b>\u00a0y las\u00a0<u>diez personas que iban a bordo murieron<\/u>, detall\u00f3 la Defensa Civil Nacional a media tarde.<\/p>\n<p class=\"p_2\">Las v\u00edctimas, tanto el tripulante como los pasajeros,\u00a0<b>eran de la misma familia<\/b>, seg\u00fan informaciones preliminares del organismo.<\/p>\n<p class=\"p_3\">Medios locales afirmaron que se trata del empresario\u00a0<u><b>Luiz Cl\u00e1udio Galeazzi<\/b><\/u>, quien pilotaba la avioneta, y su familia.<\/p>\n<p class=\"p_4\">Adem\u00e1s,\u00a0<u>17 personas que se encontraban en el lugar del accidente resultaron heridas<\/u>, dos de ellas gravemente, por quemaduras o por haber inhalado el humo del incendio que se desat\u00f3 tras el desplome.<\/p>\n<p class=\"p_5\">Algunos de los heridos son<b>\u00a0turistas<\/b>\u00a0que en ese momento se encontraban en una posada que fue alcanzada por los destrozos.<\/p>\n<\/div>\n<div class=\"art-twitter twitter_text\">\n<div class=\"twitter-content\">\n<div class=\"twitter-tweet twitter-tweet-rendered\"><iframe id=\"twitter-widget-0\" class=\"\" title=\"X Post\" src=\"https:\/\/platform.twitter.com\/embed\/Tweet.html?dnt=false&amp;embedId=twitter-widget-0&amp;features=eyJ0ZndfdGltZWxpbmVfbGlzdCI6eyJidWNrZXQiOltdLCJ2ZXJzaW9uIjpudWxsfSwidGZ3X2ZvbGxvd2VyX2NvdW50X3N1bnNldCI6eyJidWNrZXQiOnRydWUsInZlcnNpb24iOm51bGx9LCJ0ZndfdHdlZXRfZWRpdF9iYWNrZW5kIjp7ImJ1Y2tldCI6Im9uIiwidmVyc2lvbiI6bnVsbH0sInRmd19yZWZzcmNfc2Vzc2lvbiI6eyJidWNrZXQiOiJvbiIsInZlcnNpb24iOm51bGx9LCJ0ZndfZm9zbnJfc29mdF9pbnRlcnZlbnRpb25zX2VuYWJsZWQiOnsiYnVja2V0Ijoib24iLCJ2ZXJzaW9uIjpudWxsfSwidGZ3X21peGVkX21lZGlhXzE1ODk3Ijp7ImJ1Y2tldCI6InRyZWF0bWVudCIsInZlcnNpb24iOm51bGx9LCJ0ZndfZXhwZXJpbWVudHNfY29va2llX2V4cGlyYXRpb24iOnsiYnVja2V0IjoxMjA5NjAwLCJ2ZXJzaW9uIjpudWxsfSwidGZ3X3Nob3dfYmlyZHdhdGNoX3Bpdm90c19lbmFibGVkIjp7ImJ1Y2tldCI6Im9uIiwidmVyc2lvbiI6bnVsbH0sInRmd19kdXBsaWNhdGVfc2NyaWJlc190b19zZXR0aW5ncyI6eyJidWNrZXQiOiJvbiIsInZlcnNpb24iOm51bGx9LCJ0ZndfdXNlX3Byb2ZpbGVfaW1hZ2Vfc2hhcGVfZW5hYmxlZCI6eyJidWNrZXQiOiJvbiIsInZlcnNpb24iOm51bGx9LCJ0ZndfdmlkZW9faGxzX2R5bmFtaWNfbWFuaWZlc3RzXzE1MDgyIjp7ImJ1Y2tldCI6InRydWVfYml0cmF0ZSIsInZlcnNpb24iOm51bGx9LCJ0ZndfbGVnYWN5X3RpbWVsaW5lX3N1bnNldCI6eyJidWNrZXQiOnRydWUsInZlcnNpb24iOm51bGx9LCJ0ZndfdHdlZXRfZWRpdF9mcm9udGVuZCI6eyJidWNrZXQiOiJvbiIsInZlcnNpb24iOm51bGx9fQ%3D%3D&amp;frame=false&amp;hideCard=false&amp;hideThread=false&amp;id=1870889707665805800&amp;lang=es&amp;origin=https%3A%2F%2Fwww.vistazo.com%2Factualidad%2Finternacional%2F2024-12-22-brasil-accidente-aereo-diez-miembros-familia-mueren-XX8514347&amp;sessionId=e2d14a2065c23557c02273c4a464d1e1f06e5ae8&amp;theme=light&amp;widgetsVersion=2615f7e52b7e0%3A1702314776716&amp;width=550px\" frameborder=\"0\" scrolling=\"no\" allowfullscreen=\"allowfullscreen\" data-tweet-id=\"1870889707665805800\" data-mce-fragment=\"1\"><\/iframe><\/div>\n<\/div>\n<\/div>\n<h2 class=\"h2vistazo\">\u00bfC\u00d3MO FUE EL ACCIDENTE?<\/h2>\n<div class=\"paragraph texto\">\n<p class=\"p_7\">El aparato choc\u00f3 primero contra la chimenea de un edificio y luego contra el segundo piso de una casa para despu\u00e9s caer sobre una tienda de muebles, dijo en un comunicado la Secretar\u00eda de Seguridad P\u00fablica regional.<\/p>\n<div id=\"Center2\" class=\"centervist\" data-google-query-id=\"COrc4NPfvYoDFR3llAkdm5sOeA\">\n<div id=\"google_ads_iframe_\/21839199781\/Vistazo\/Vistazo_Center2_0__container__\"><\/div>\n<\/div>\n<p class=\"p_8\">La aeronave despeg\u00f3 poco despu\u00e9s de las 9:00 hora local (12:00 GMT) del aeropuerto regional de Canela, a un par de kil\u00f3metros del lugar del accidente, en\u00a0<b>condiciones de mucha neblina<\/b>.<\/p>\n<p class=\"p_9\">El aparato, un Piper Cheyenne 400 de fabricaci\u00f3n estadounidense, se dirig\u00eda a la ciudad de Jundia\u00ed, en el estado de S\u00e3o Paulo, si bien en un inicio los bomberos dijeron que viajaba a Florian\u00f3polis.<\/p>\n<p class=\"p_10\">Los videos difundidos tras el accidente muestran un\u00a0<b>incendio en una explanada con muebles en exposici\u00f3n<\/b>, en medio de sirenas de bomberos.<\/p>\n<p class=\"p_11\">El gobernador Leite asegur\u00f3 a mediod\u00eda que el \u00e1rea estaba aislada y que la\u00a0<u>prioridad era atender a los heridos y estabilizar la estructura de la tienda de muebles<\/u>, la m\u00e1s afectada por el desplome.<\/p>\n<p class=\"p_12\"><b>\u00abEs una noticia muy triste\u00bb<\/b>, afirm\u00f3 el gobernador, quien dijo que Gramado era el \u00abs\u00edmbolo\u00bb de la Navidad \u00abm\u00e1s bonita\u00bb de Brasil.<\/p>\n<p class=\"p_13\">El presidente de Brasil,\u00a0<u><b>Luiz In\u00e1cio Lula da Silva<\/b><\/u>, expres\u00f3 su solidaridad con los familiares de las v\u00edctimas y asegur\u00f3 que las autoridades aeron\u00e1uticas investigan las causas.<\/p>\n<p class=\"p_14\">Gramado es una de las ciudades m\u00e1s visitadas del sur del pa\u00eds, famosa por su arquitectura de inspiraci\u00f3n alemana y las decoraciones navide\u00f1as que iluminan sus calles por estas fechas. <strong>Fuente: Vistazo<\/strong><\/p>\n<\/div>\n","protected":false},"excerpt":{"rendered":"<p>Una\u00a0aeronave bimotor de peque\u00f1o tama\u00f1o\u00a0se desplom\u00f3 en la ma\u00f1ana de este domingo cerca del centro de la ciudad tur\u00edstica de\u00a0Gramado, en el estado brasile\u00f1o de\u00a0Rio Grande do Sul,\u00a0y las\u00a0diez personas que iban a bordo murieron, detall\u00f3 la Defensa Civil Nacional a media tarde. Las v\u00edctimas, tanto el tripulante como los pasajeros,\u00a0eran de la misma familia, seg\u00fan informaciones preliminares del organismo. Medios locales afirmaron que se trata del empresario\u00a0Luiz Cl\u00e1udio Galeazzi, quien pilotaba la avioneta, y su familia. Adem\u00e1s,\u00a017 personas que se encontraban en el lugar del accidente resultaron heridas, dos de ellas gravemente, por quemaduras o por haber inhalado el humo del incendio que se desat\u00f3 tras el desplome. Algunos de los heridos son\u00a0turistas\u00a0que en ese momento se encontraban en una posada que fue alcanzada por los destrozos. \u00bfC\u00d3MO FUE EL ACCIDENTE? El aparato choc\u00f3 primero contra la chimenea de un edificio y luego contra el segundo piso de una casa para despu\u00e9s caer sobre una tienda de muebles, dijo en un comunicado la Secretar\u00eda de Seguridad P\u00fablica regional. La aeronave despeg\u00f3 poco despu\u00e9s de las 9:00 hora local (12:00 GMT) del aeropuerto regional de Canela, a un par de kil\u00f3metros del lugar del accidente, en\u00a0condiciones de mucha neblina. El aparato, un Piper Cheyenne 400 de fabricaci\u00f3n estadounidense, se dirig\u00eda a la ciudad de Jundia\u00ed, en el estado de S\u00e3o Paulo, si bien en un inicio los bomberos dijeron que viajaba a Florian\u00f3polis. Los videos difundidos tras el accidente muestran un\u00a0incendio en una explanada con muebles en exposici\u00f3n, en medio de sirenas de bomberos. El gobernador Leite asegur\u00f3 a mediod\u00eda que el \u00e1rea estaba aislada y que la\u00a0prioridad era atender a los heridos y estabilizar la estructura de la tienda de muebles, la m\u00e1s afectada por el desplome. \u00abEs una noticia muy triste\u00bb, afirm\u00f3 el gobernador, quien dijo que Gramado era el \u00abs\u00edmbolo\u00bb de la Navidad \u00abm\u00e1s bonita\u00bb de Brasil. El presidente de Brasil,\u00a0Luiz In\u00e1cio Lula da Silva, expres\u00f3 su solidaridad con los familiares de las v\u00edctimas y asegur\u00f3 que las autoridades aeron\u00e1uticas investigan las causas. Gramado es una de las ciudades m\u00e1s visitadas del sur del pa\u00eds, famosa por su arquitectura de inspiraci\u00f3n alemana y las decoraciones navide\u00f1as que iluminan sus calles por estas fechas. Fuente: Vistazo<\/p>\n","protected":false},"author":1,"featured_media":20837,"comment_status":"open","ping_status":"open","sticky":false,"template":"","format":"standard","meta":{"footnotes":""},"categories":[5],"tags":[],"class_list":["post-20836","post","type-post","status-publish","format-standard","has-post-thumbnail","hentry","category-internacionales"],"_links":{"self":[{"href":"https:\/\/www.elamazonico.com\/portal\/wp-json\/wp\/v2\/posts\/20836","targetHints":{"allow":["GET"]}}],"collection":[{"href":"https:\/\/www.elamazonico.com\/portal\/wp-json\/wp\/v2\/posts"}],"about":[{"href":"https:\/\/www.elamazonico.com\/portal\/wp-json\/wp\/v2\/types\/post"}],"author":[{"embeddable":true,"href":"https:\/\/www.elamazonico.com\/portal\/wp-json\/wp\/v2\/users\/1"}],"replies":[{"embeddable":true,"href":"https:\/\/www.elamazonico.com\/portal\/wp-json\/wp\/v2\/comments?post=20836"}],"version-history":[{"count":1,"href":"https:\/\/www.elamazonico.com\/portal\/wp-json\/wp\/v2\/posts\/20836\/revisions"}],"predecessor-version":[{"id":20838,"href":"https:\/\/www.elamazonico.com\/portal\/wp-json\/wp\/v2\/posts\/20836\/revisions\/20838"}],"wp:featuredmedia":[{"embeddable":true,"href":"https:\/\/www.elamazonico.com\/portal\/wp-json\/wp\/v2\/media\/20837"}],"wp:attachment":[{"href":"https:\/\/www.elamazonico.com\/portal\/wp-json\/wp\/v2\/media?parent=20836"}],"wp:term":[{"taxonomy":"category","embeddable":true,"href":"https:\/\/www.elamazonico.com\/portal\/wp-json\/wp\/v2\/categories?post=20836"},{"taxonomy":"post_tag","embeddable":true,"href":"https:\/\/www.elamazonico.com\/portal\/wp-json\/wp\/v2\/tags?post=20836"}],"curies":[{"name":"wp","href":"https:\/\/api.w.org\/{rel}","templated":true}]}}