{"id":20684,"date":"2024-12-13T16:19:12","date_gmt":"2024-12-13T21:19:12","guid":{"rendered":"https:\/\/www.elamazonico.com\/portal\/?p=20684"},"modified":"2024-12-13T16:19:12","modified_gmt":"2024-12-13T21:19:12","slug":"fiscalia-pide-la-pena-maxima-para-wilman-teran-y-maribel-barreno-en-el-caso-independencia-judicial","status":"publish","type":"post","link":"https:\/\/www.elamazonico.com\/portal\/fiscalia-pide-la-pena-maxima-para-wilman-teran-y-maribel-barreno-en-el-caso-independencia-judicial\/","title":{"rendered":"Fiscal\u00eda pide la pena m\u00e1xima para Wilman Ter\u00e1n y Maribel Barreno en el caso Independencia Judicial"},"content":{"rendered":"<p>La audiencia de juicio en el caso Independencia Judicial, en el que son procesados Wilman Ter\u00e1n y otras 10 personas, se reinstal\u00f3 la ma\u00f1ana de este viernes 13 de diciembre de 2024.<\/p>\n<p>En este caso, la Fiscal\u00eda investiga un presunto delito de obstrucci\u00f3n a la justicia.\u00a0 Este d\u00eda, las partes procesales presentaron sus alegatos finales.<\/p>\n<p>Wilman Ter\u00e1n testific\u00f3 en el caso Independencia Judicial: dijo haber sido perseguido por el corre\u00edsmo y habl\u00f3 de sus supuestos chats con la Fiscal<br \/>\nEl fiscal subrogante, Wilson Toa\u00ednga, asegur\u00f3 que, con base en las pruebas presentadas durante el juicio,\u00a0 \u00abse ha probado la comisi\u00f3n del delito de obstrucci\u00f3n de la justicia por parte de los 11 procesados\u00bb.<\/p>\n<p>Por lo que el fiscal pidi\u00f3 al Tribunal pena de c\u00e1rcel para los procesados, en calidad de autores y c\u00f3mplices:<\/p>\n<p>Wilman Ter\u00e1n, expresidente de la Judicatura, acusado en calidad de autor. Fiscal\u00eda pidi\u00f3 una pena de siete a\u00f1os de prisi\u00f3n, m\u00e1s las agravantes, dando en total nueve a\u00f1os y cuatro meses de prisi\u00f3n.<br \/>\nMaribel Barreno, exvocal del Consejo de la Judicatura, acusada en calidad de autora.\u00a0Fiscal\u00eda pidi\u00f3 una pena de siete a\u00f1os de prisi\u00f3n, m\u00e1s las agravantes.<br \/>\nPara los otros nueve procesados, quienes son acusados de c\u00f3mplices del delito, la Fiscal\u00eda pidi\u00f3 una pena de dos a\u00f1os y cuatro meses de prisi\u00f3n.<\/p>\n<p>Tras escuchar los alegatos, el Tribunal dispuso un receso hasta las 14:00, despu\u00e9s del cual, las partes procesales continuar\u00e1n con la presentaci\u00f3n de sus alegatos de cierre.<\/p>\n<p>\u00bfDe qu\u00e9 se acusa a los procesados?<br \/>\nEn su alegato de cierre, el fiscal Toainga asegur\u00f3 que entre mayo y agosto de 2023, tres vocales principales del Consejo de la Judicatura \u00abejecutaron varias conductas ileg\u00edtimas destinadas a intimidar al juez Walter Mac\u00edas\u00bb.<\/p>\n<p>Los tres vocales son Ter\u00e1n, Barreno y Xavier Mu\u00f1oz, quien colabor\u00f3 con la justicia, y fue sentenciado a nueve meses de prisi\u00f3n.<\/p>\n<p>El objetivo de esas conductas \u00abileg\u00edtimas\u00bb era \u00abinterferir\u00bb en la actuaci\u00f3n del juez en una causa que estaba a su cargo por el delito de tr\u00e1fico de influencias: el denominado caso Vocales, en el que una de las investigadas es precisamente Maribel Barreno. <strong>Fuente: Primicias<\/strong><\/p>\n","protected":false},"excerpt":{"rendered":"<p>La audiencia de juicio en el caso Independencia Judicial, en el que son procesados Wilman Ter\u00e1n y otras 10 personas, se reinstal\u00f3 la ma\u00f1ana de este viernes 13 de diciembre de 2024. En este caso, la Fiscal\u00eda investiga un presunto delito de obstrucci\u00f3n a la justicia.\u00a0 Este d\u00eda, las partes procesales presentaron sus alegatos finales. Wilman Ter\u00e1n testific\u00f3 en el caso Independencia Judicial: dijo haber sido perseguido por el corre\u00edsmo y habl\u00f3 de sus supuestos chats con la Fiscal El fiscal subrogante, Wilson Toa\u00ednga, asegur\u00f3 que, con base en las pruebas presentadas durante el juicio,\u00a0 \u00abse ha probado la comisi\u00f3n del delito de obstrucci\u00f3n de la justicia por parte de los 11 procesados\u00bb. Por lo que el fiscal pidi\u00f3 al Tribunal pena de c\u00e1rcel para los procesados, en calidad de autores y c\u00f3mplices: Wilman Ter\u00e1n, expresidente de la Judicatura, acusado en calidad de autor. Fiscal\u00eda pidi\u00f3 una pena de siete a\u00f1os de prisi\u00f3n, m\u00e1s las agravantes, dando en total nueve a\u00f1os y cuatro meses de prisi\u00f3n. Maribel Barreno, exvocal del Consejo de la Judicatura, acusada en calidad de autora.\u00a0Fiscal\u00eda pidi\u00f3 una pena de siete a\u00f1os de prisi\u00f3n, m\u00e1s las agravantes. Para los otros nueve procesados, quienes son acusados de c\u00f3mplices del delito, la Fiscal\u00eda pidi\u00f3 una pena de dos a\u00f1os y cuatro meses de prisi\u00f3n. Tras escuchar los alegatos, el Tribunal dispuso un receso hasta las 14:00, despu\u00e9s del cual, las partes procesales continuar\u00e1n con la presentaci\u00f3n de sus alegatos de cierre. \u00bfDe qu\u00e9 se acusa a los procesados? En su alegato de cierre, el fiscal Toainga asegur\u00f3 que entre mayo y agosto de 2023, tres vocales principales del Consejo de la Judicatura \u00abejecutaron varias conductas ileg\u00edtimas destinadas a intimidar al juez Walter Mac\u00edas\u00bb. Los tres vocales son Ter\u00e1n, Barreno y Xavier Mu\u00f1oz, quien colabor\u00f3 con la justicia, y fue sentenciado a nueve meses de prisi\u00f3n. El objetivo de esas conductas \u00abileg\u00edtimas\u00bb era \u00abinterferir\u00bb en la actuaci\u00f3n del juez en una causa que estaba a su cargo por el delito de tr\u00e1fico de influencias: el denominado caso Vocales, en el que una de las investigadas es precisamente Maribel Barreno. Fuente: Primicias<\/p>\n","protected":false},"author":1,"featured_media":20685,"comment_status":"open","ping_status":"open","sticky":false,"template":"","format":"standard","meta":{"footnotes":""},"categories":[268],"tags":[],"class_list":["post-20684","post","type-post","status-publish","format-standard","has-post-thumbnail","hentry","category-nacionales"],"_links":{"self":[{"href":"https:\/\/www.elamazonico.com\/portal\/wp-json\/wp\/v2\/posts\/20684","targetHints":{"allow":["GET"]}}],"collection":[{"href":"https:\/\/www.elamazonico.com\/portal\/wp-json\/wp\/v2\/posts"}],"about":[{"href":"https:\/\/www.elamazonico.com\/portal\/wp-json\/wp\/v2\/types\/post"}],"author":[{"embeddable":true,"href":"https:\/\/www.elamazonico.com\/portal\/wp-json\/wp\/v2\/users\/1"}],"replies":[{"embeddable":true,"href":"https:\/\/www.elamazonico.com\/portal\/wp-json\/wp\/v2\/comments?post=20684"}],"version-history":[{"count":1,"href":"https:\/\/www.elamazonico.com\/portal\/wp-json\/wp\/v2\/posts\/20684\/revisions"}],"predecessor-version":[{"id":20686,"href":"https:\/\/www.elamazonico.com\/portal\/wp-json\/wp\/v2\/posts\/20684\/revisions\/20686"}],"wp:featuredmedia":[{"embeddable":true,"href":"https:\/\/www.elamazonico.com\/portal\/wp-json\/wp\/v2\/media\/20685"}],"wp:attachment":[{"href":"https:\/\/www.elamazonico.com\/portal\/wp-json\/wp\/v2\/media?parent=20684"}],"wp:term":[{"taxonomy":"category","embeddable":true,"href":"https:\/\/www.elamazonico.com\/portal\/wp-json\/wp\/v2\/categories?post=20684"},{"taxonomy":"post_tag","embeddable":true,"href":"https:\/\/www.elamazonico.com\/portal\/wp-json\/wp\/v2\/tags?post=20684"}],"curies":[{"name":"wp","href":"https:\/\/api.w.org\/{rel}","templated":true}]}}