{"id":20648,"date":"2024-12-12T15:56:11","date_gmt":"2024-12-12T20:56:11","guid":{"rendered":"https:\/\/www.elamazonico.com\/portal\/?p=20648"},"modified":"2024-12-12T15:56:17","modified_gmt":"2024-12-12T20:56:17","slug":"america-latina-enfrenta-la-mayor-epidemia-de-dengue-desde-1980","status":"publish","type":"post","link":"https:\/\/www.elamazonico.com\/portal\/america-latina-enfrenta-la-mayor-epidemia-de-dengue-desde-1980\/","title":{"rendered":"Am\u00e9rica Latina enfrenta la mayor epidemia de dengue desde 1980"},"content":{"rendered":"<p><strong>Am\u00e9rica Latina<\/strong>\u00a0enfrenta la peor epidemia de\u00a0<strong>dengue<\/strong>\u00a0registrada desde\u00a0<strong>1980<\/strong>, con\u00a0<strong>12,6 millones de casos documentados<\/strong>en\u00a0<strong>2024<\/strong>, inform\u00f3 la\u00a0<strong>Organizaci\u00f3n Panamericana de la Salud (OPS)<\/strong>.<\/p>\n<div class=\"google-auto-placed ap_container\">\n<div id=\"aswift_4_host\"><strong>Argentina, Brasil, Colombia y M\u00e9xico<\/strong>\u00a0concentran el\u00a0<strong>90% de los casos<\/strong>\u00a0y el\u00a0<strong>88% de las muertes<\/strong>, siendo\u00a0<strong>Brasil<\/strong>\u00a0el pa\u00eds m\u00e1s afectado.<\/div>\n<p>La <strong>OPS<\/strong>\u00a0alert\u00f3 sobre el\u00a0<strong>mayor riesgo para los ni\u00f1os<\/strong>, quienes representan una parte significativa de los\u00a0<strong>casos graves<\/strong>, como en\u00a0<strong>Guatemala<\/strong>, donde el\u00a0<strong>70% de los decesos<\/strong>\u00a0corresponde a menores.<\/p>\n<\/div>\n<p>El aumento del dengue est\u00e1 relacionado con\u00a0<strong>eventos clim\u00e1ticos<\/strong>,\u00a0<strong>urbanizaci\u00f3n no planificada<\/strong>\u00a0y el manejo deficiente de\u00a0<strong>residuos<\/strong>, que favorecen la proliferaci\u00f3n del mosquito\u00a0<strong>aedes aegypti<\/strong>, vector de la enfermedad.<\/p>\n<p>Aunque algunos pa\u00edses como\u00a0<strong>Brasil, Argentina y Per\u00fa<\/strong>\u00a0introducen\u00a0<strong>vacunas contra el dengue<\/strong>, estas no detendr\u00e1n la propagaci\u00f3n a corto plazo, advirti\u00f3\u00a0<strong>Jarbas Barbosa<\/strong>, director de la\u00a0<strong>OPS<\/strong>, quien inst\u00f3 a intensificar las\u00a0<strong>medidas preventivas<\/strong>, como el uso de\u00a0<strong>repelentes<\/strong>, para frenar los brotes.<\/p>\n<p>Adem\u00e1s, la regi\u00f3n enfrenta la expansi\u00f3n del\u00a0<strong>virus Oropouche<\/strong>, con\u00a0<strong>11.600 casos<\/strong>\u00a0en\u00a0<strong>doce pa\u00edses<\/strong>, principalmente\u00a0<strong>Brasil<\/strong>, y un aumento de la\u00a0<strong>gripe aviar<\/strong>, que registr\u00f3\u00a0<strong>58 casos humanos<\/strong>\u00a0en\u00a0<strong>2024<\/strong>.<\/p>\n<div class=\"google-auto-placed ap_container\">\n<p>&nbsp;<\/p>\n<div id=\"aswift_5_host\"><strong>Barbosa<\/strong>\u00a0enfatiz\u00f3 la importancia de la\u00a0<strong>cooperaci\u00f3n entre pa\u00edses<\/strong>\u00a0y sectores de\u00a0<strong>salud humana, animal y ambiental<\/strong>\u00a0para fortalecer la vigilancia y responder de manera efectiva a estas amenazas sanitarias emergentes.<\/div>\n<p>&nbsp;<\/p>\n<\/div>\n","protected":false},"excerpt":{"rendered":"<p>Am\u00e9rica Latina\u00a0enfrenta la peor epidemia de\u00a0dengue\u00a0registrada desde\u00a01980, con\u00a012,6 millones de casos documentadosen\u00a02024, inform\u00f3 la\u00a0Organizaci\u00f3n Panamericana de la Salud (OPS). Argentina, Brasil, Colombia y M\u00e9xico\u00a0concentran el\u00a090% de los casos\u00a0y el\u00a088% de las muertes, siendo\u00a0Brasil\u00a0el pa\u00eds m\u00e1s afectado. La OPS\u00a0alert\u00f3 sobre el\u00a0mayor riesgo para los ni\u00f1os, quienes representan una parte significativa de los\u00a0casos graves, como en\u00a0Guatemala, donde el\u00a070% de los decesos\u00a0corresponde a menores. El aumento del dengue est\u00e1 relacionado con\u00a0eventos clim\u00e1ticos,\u00a0urbanizaci\u00f3n no planificada\u00a0y el manejo deficiente de\u00a0residuos, que favorecen la proliferaci\u00f3n del mosquito\u00a0aedes aegypti, vector de la enfermedad. Aunque algunos pa\u00edses como\u00a0Brasil, Argentina y Per\u00fa\u00a0introducen\u00a0vacunas contra el dengue, estas no detendr\u00e1n la propagaci\u00f3n a corto plazo, advirti\u00f3\u00a0Jarbas Barbosa, director de la\u00a0OPS, quien inst\u00f3 a intensificar las\u00a0medidas preventivas, como el uso de\u00a0repelentes, para frenar los brotes. Adem\u00e1s, la regi\u00f3n enfrenta la expansi\u00f3n del\u00a0virus Oropouche, con\u00a011.600 casos\u00a0en\u00a0doce pa\u00edses, principalmente\u00a0Brasil, y un aumento de la\u00a0gripe aviar, que registr\u00f3\u00a058 casos humanos\u00a0en\u00a02024. &nbsp; Barbosa\u00a0enfatiz\u00f3 la importancia de la\u00a0cooperaci\u00f3n entre pa\u00edses\u00a0y sectores de\u00a0salud humana, animal y ambiental\u00a0para fortalecer la vigilancia y responder de manera efectiva a estas amenazas sanitarias emergentes. &nbsp;<\/p>\n","protected":false},"author":1,"featured_media":20649,"comment_status":"open","ping_status":"open","sticky":false,"template":"","format":"standard","meta":{"footnotes":""},"categories":[5],"tags":[],"class_list":["post-20648","post","type-post","status-publish","format-standard","has-post-thumbnail","hentry","category-internacionales"],"_links":{"self":[{"href":"https:\/\/www.elamazonico.com\/portal\/wp-json\/wp\/v2\/posts\/20648","targetHints":{"allow":["GET"]}}],"collection":[{"href":"https:\/\/www.elamazonico.com\/portal\/wp-json\/wp\/v2\/posts"}],"about":[{"href":"https:\/\/www.elamazonico.com\/portal\/wp-json\/wp\/v2\/types\/post"}],"author":[{"embeddable":true,"href":"https:\/\/www.elamazonico.com\/portal\/wp-json\/wp\/v2\/users\/1"}],"replies":[{"embeddable":true,"href":"https:\/\/www.elamazonico.com\/portal\/wp-json\/wp\/v2\/comments?post=20648"}],"version-history":[{"count":2,"href":"https:\/\/www.elamazonico.com\/portal\/wp-json\/wp\/v2\/posts\/20648\/revisions"}],"predecessor-version":[{"id":20651,"href":"https:\/\/www.elamazonico.com\/portal\/wp-json\/wp\/v2\/posts\/20648\/revisions\/20651"}],"wp:featuredmedia":[{"embeddable":true,"href":"https:\/\/www.elamazonico.com\/portal\/wp-json\/wp\/v2\/media\/20649"}],"wp:attachment":[{"href":"https:\/\/www.elamazonico.com\/portal\/wp-json\/wp\/v2\/media?parent=20648"}],"wp:term":[{"taxonomy":"category","embeddable":true,"href":"https:\/\/www.elamazonico.com\/portal\/wp-json\/wp\/v2\/categories?post=20648"},{"taxonomy":"post_tag","embeddable":true,"href":"https:\/\/www.elamazonico.com\/portal\/wp-json\/wp\/v2\/tags?post=20648"}],"curies":[{"name":"wp","href":"https:\/\/api.w.org\/{rel}","templated":true}]}}