{"id":20631,"date":"2024-12-12T11:09:14","date_gmt":"2024-12-12T16:09:14","guid":{"rendered":"https:\/\/www.elamazonico.com\/portal\/?p=20631"},"modified":"2024-12-12T11:09:14","modified_gmt":"2024-12-12T16:09:14","slug":"una-nina-de-11-anos-sobrevivio-tres-dias-en-el-mediterraneo-tras-un-naufragio","status":"publish","type":"post","link":"https:\/\/www.elamazonico.com\/portal\/una-nina-de-11-anos-sobrevivio-tres-dias-en-el-mediterraneo-tras-un-naufragio\/","title":{"rendered":"Una ni\u00f1a de 11 a\u00f1os sobrevivi\u00f3 tres d\u00edas en el Mediterr\u00e1neo tras un naufragio"},"content":{"rendered":"<p><strong>Yasmine<\/strong>, una ni\u00f1a de\u00a0<strong>11 a\u00f1os<\/strong>\u00a0originaria de\u00a0<strong>Sierra Leona<\/strong>, es la \u00fanica superviviente de un\u00a0<strong>naufragio<\/strong>\u00a0en el\u00a0<strong>Mediterr\u00e1neo Central<\/strong>, en el que viajaban aproximadamente\u00a0<strong>45 personas<\/strong>.<\/p>\n<p>Fue rescatada por la\u00a0<strong>ONG alemana Compass Collective<\/strong>, despu\u00e9s de haber pasado\u00a0<strong>tres d\u00edas en alta mar<\/strong>.<\/p>\n<p>La menor llevaba un\u00a0<strong>chaleco salvavidas<\/strong>\u00a0y se hab\u00eda aferrado a una\u00a0<strong>c\u00e1mara de aire<\/strong>, lo que le permiti\u00f3 mantenerse a flote mientras viajaba sola con su\u00a0<strong>hermano<\/strong>, quien desapareci\u00f3 durante el naufragio.<\/p>\n<p>La tripulaci\u00f3n del velero\u00a0<strong>Trotamar III<\/strong>, que estaba buscando una\u00a0<strong>patera en apuros<\/strong>, escuch\u00f3 los\u00a0<strong>gritos<\/strong>\u00a0de Yasmine en medio de la tormenta y logr\u00f3 rescatarla.<\/p>\n<p>El capit\u00e1n del velero describi\u00f3 el\u00a0<strong>rescate<\/strong>\u00a0como un\u00a0<strong>milagro<\/strong>, debido a las dif\u00edciles condiciones del mar, con\u00a0<strong>vientos fuertes<\/strong>\u00a0y\u00a0<strong>olas grandes<\/strong>. Yasmine, en estado de\u00a0<strong>hipotermia<\/strong>, fue trasladada a\u00a0<strong>Lampedusa<\/strong>, donde recibi\u00f3\u00a0<strong>atenci\u00f3n m\u00e9dica<\/strong>y pudo contactar con su\u00a0<strong>padre<\/strong>, que a\u00fan se encuentra atrapado en\u00a0<strong>T\u00fanez<\/strong>.<\/p>\n","protected":false},"excerpt":{"rendered":"<p>Yasmine, una ni\u00f1a de\u00a011 a\u00f1os\u00a0originaria de\u00a0Sierra Leona, es la \u00fanica superviviente de un\u00a0naufragio\u00a0en el\u00a0Mediterr\u00e1neo Central, en el que viajaban aproximadamente\u00a045 personas. Fue rescatada por la\u00a0ONG alemana Compass Collective, despu\u00e9s de haber pasado\u00a0tres d\u00edas en alta mar. La menor llevaba un\u00a0chaleco salvavidas\u00a0y se hab\u00eda aferrado a una\u00a0c\u00e1mara de aire, lo que le permiti\u00f3 mantenerse a flote mientras viajaba sola con su\u00a0hermano, quien desapareci\u00f3 durante el naufragio. La tripulaci\u00f3n del velero\u00a0Trotamar III, que estaba buscando una\u00a0patera en apuros, escuch\u00f3 los\u00a0gritos\u00a0de Yasmine en medio de la tormenta y logr\u00f3 rescatarla. El capit\u00e1n del velero describi\u00f3 el\u00a0rescate\u00a0como un\u00a0milagro, debido a las dif\u00edciles condiciones del mar, con\u00a0vientos fuertes\u00a0y\u00a0olas grandes. Yasmine, en estado de\u00a0hipotermia, fue trasladada a\u00a0Lampedusa, donde recibi\u00f3\u00a0atenci\u00f3n m\u00e9dicay pudo contactar con su\u00a0padre, que a\u00fan se encuentra atrapado en\u00a0T\u00fanez.<\/p>\n","protected":false},"author":1,"featured_media":20632,"comment_status":"open","ping_status":"open","sticky":false,"template":"","format":"standard","meta":{"footnotes":""},"categories":[5],"tags":[],"class_list":["post-20631","post","type-post","status-publish","format-standard","has-post-thumbnail","hentry","category-internacionales"],"_links":{"self":[{"href":"https:\/\/www.elamazonico.com\/portal\/wp-json\/wp\/v2\/posts\/20631","targetHints":{"allow":["GET"]}}],"collection":[{"href":"https:\/\/www.elamazonico.com\/portal\/wp-json\/wp\/v2\/posts"}],"about":[{"href":"https:\/\/www.elamazonico.com\/portal\/wp-json\/wp\/v2\/types\/post"}],"author":[{"embeddable":true,"href":"https:\/\/www.elamazonico.com\/portal\/wp-json\/wp\/v2\/users\/1"}],"replies":[{"embeddable":true,"href":"https:\/\/www.elamazonico.com\/portal\/wp-json\/wp\/v2\/comments?post=20631"}],"version-history":[{"count":1,"href":"https:\/\/www.elamazonico.com\/portal\/wp-json\/wp\/v2\/posts\/20631\/revisions"}],"predecessor-version":[{"id":20633,"href":"https:\/\/www.elamazonico.com\/portal\/wp-json\/wp\/v2\/posts\/20631\/revisions\/20633"}],"wp:featuredmedia":[{"embeddable":true,"href":"https:\/\/www.elamazonico.com\/portal\/wp-json\/wp\/v2\/media\/20632"}],"wp:attachment":[{"href":"https:\/\/www.elamazonico.com\/portal\/wp-json\/wp\/v2\/media?parent=20631"}],"wp:term":[{"taxonomy":"category","embeddable":true,"href":"https:\/\/www.elamazonico.com\/portal\/wp-json\/wp\/v2\/categories?post=20631"},{"taxonomy":"post_tag","embeddable":true,"href":"https:\/\/www.elamazonico.com\/portal\/wp-json\/wp\/v2\/tags?post=20631"}],"curies":[{"name":"wp","href":"https:\/\/api.w.org\/{rel}","templated":true}]}}