{"id":20613,"date":"2024-12-12T06:47:06","date_gmt":"2024-12-12T11:47:06","guid":{"rendered":"https:\/\/www.elamazonico.com\/portal\/?p=20613"},"modified":"2024-12-12T09:43:36","modified_gmt":"2024-12-12T14:43:36","slug":"inauguracion-de-talleres-boga-y-servicio-tecnico-de-camiones-man-en-el-sector-quiringue","status":"publish","type":"post","link":"https:\/\/www.elamazonico.com\/portal\/inauguracion-de-talleres-boga-y-servicio-tecnico-de-camiones-man-en-el-sector-quiringue\/","title":{"rendered":"Inauguraci\u00f3n de Talleres BOGA y Servicio T\u00e9cnico de Camiones MAN en el Sector Quiringue"},"content":{"rendered":"<p>En un evento significativo para la provincia de Zamora Chinchipe, el 10 de diciembre se llev\u00f3 a cabo la inauguraci\u00f3n de un moderno taller de mantenimiento y servicio t\u00e9cnico especializado para camiones MAN, ubicado en el sector Quiringue, cant\u00f3n Yantzaza. Este proyecto marca un importante avance en la dinamizaci\u00f3n de la econom\u00eda local y la generaci\u00f3n de empleo, beneficiando a propietarios y transportistas del cant\u00f3n y provincia que tienen veh\u00edculos MAN<\/p>\n<p>Daniel Eleonari, representante de la f\u00e1brica MAN en Alemania, destac\u00f3 la relevancia de este proyecto, se\u00f1alando que es el primer taller de gran envergadura de la marca en el oriente ecuatoriano. \u00abEstamos orgullosos de abrir esta bodega cerca de nuestros clientes, ofreciendo un servicio continuo 24\/7. Este es un compromiso de calidad que hemos mantenido desde nuestra fundaci\u00f3n hace m\u00e1s de 150 a\u00f1os en Alemania\u00bb, expres\u00f3.<\/p>\n<p>El presidente del GAD Parroquial de Chica\u00f1a, Pedro Guallas, celebr\u00f3 la apertura del taller y resalt\u00f3 su impacto positivo para los transportistas de la provincia, quienes anteriormente deb\u00edan trasladarse a ciudades como Cuenca o Ambato para recibir este tipo de servicios. \u201cHoy contamos con este taller cercano que garantizar\u00e1 el mantenimiento preventivo y correctivo de nuestros veh\u00edculos, lo que representa ahorro de tiempo y costos\u201d, afirm\u00f3.<\/p>\n<p>Estuardo Arteaga, propietario de un volquete MAN, comparti\u00f3 su experiencia, resaltando que esta marca es ideal para las exigentes condiciones del territorio zamorano, especialmente en v\u00edas de dif\u00edcil acceso y terrenos adversos. \u201cEstos veh\u00edculos destacan por su alta calidad y resistencia. La apertura de este taller significa una gran mejora en nuestras operaciones diarias\u201d, coment\u00f3.<\/p>\n<p>El gerente propietario de Talleres BOGA, Marcelo Tapia, subray\u00f3 el esfuerzo conjunto realizado para establecer este servicio t\u00e9cnico de alta especializaci\u00f3n en la localidad. \u201cAhora, los due\u00f1os de volquetes o comiones MAN tienen acceso a un mantenimiento de calidad sin necesidad de largos desplazamientos. Este taller refleja nuestra dedicaci\u00f3n a satisfacer las necesidades del sector\u201d, indic\u00f3.<\/p>\n<p>Adem\u00e1s de brindar soluciones t\u00e9cnicas de primer nivel, este emprendimiento genera empleo directo e indirecto, fortaleciendo la econom\u00eda del sector Quiringue y su entorno. Transportistas, emprendedores y comunidades locales se benefician de esta iniciativa, que fomenta el crecimiento sostenible en Zamora Chinchipe.<\/p>\n<p>La inauguraci\u00f3n de este taller consolida a Zamora Chinchipe como un territorio estrat\u00e9gico para la marca MAN y demuestra el impacto positivo de alianzas entre empresas internacionales y actores locales. Con visi\u00f3n y compromiso, este proyecto se posiciona como un ejemplo de desarrollo y progreso en la provincia.<\/p>\n","protected":false},"excerpt":{"rendered":"<p>En un evento significativo para la provincia de Zamora Chinchipe, el 10 de diciembre se llev\u00f3 a cabo la inauguraci\u00f3n de un moderno taller de mantenimiento y servicio t\u00e9cnico especializado para camiones MAN, ubicado en el sector Quiringue, cant\u00f3n Yantzaza. Este proyecto marca un importante avance en la dinamizaci\u00f3n de la econom\u00eda local y la generaci\u00f3n de empleo, beneficiando a propietarios y transportistas del cant\u00f3n y provincia que tienen veh\u00edculos MAN Daniel Eleonari, representante de la f\u00e1brica MAN en Alemania, destac\u00f3 la relevancia de este proyecto, se\u00f1alando que es el primer taller de gran envergadura de la marca en el oriente ecuatoriano. \u00abEstamos orgullosos de abrir esta bodega cerca de nuestros clientes, ofreciendo un servicio continuo 24\/7. Este es un compromiso de calidad que hemos mantenido desde nuestra fundaci\u00f3n hace m\u00e1s de 150 a\u00f1os en Alemania\u00bb, expres\u00f3. El presidente del GAD Parroquial de Chica\u00f1a, Pedro Guallas, celebr\u00f3 la apertura del taller y resalt\u00f3 su impacto positivo para los transportistas de la provincia, quienes anteriormente deb\u00edan trasladarse a ciudades como Cuenca o Ambato para recibir este tipo de servicios. \u201cHoy contamos con este taller cercano que garantizar\u00e1 el mantenimiento preventivo y correctivo de nuestros veh\u00edculos, lo que representa ahorro de tiempo y costos\u201d, afirm\u00f3. Estuardo Arteaga, propietario de un volquete MAN, comparti\u00f3 su experiencia, resaltando que esta marca es ideal para las exigentes condiciones del territorio zamorano, especialmente en v\u00edas de dif\u00edcil acceso y terrenos adversos. \u201cEstos veh\u00edculos destacan por su alta calidad y resistencia. La apertura de este taller significa una gran mejora en nuestras operaciones diarias\u201d, coment\u00f3. El gerente propietario de Talleres BOGA, Marcelo Tapia, subray\u00f3 el esfuerzo conjunto realizado para establecer este servicio t\u00e9cnico de alta especializaci\u00f3n en la localidad. \u201cAhora, los due\u00f1os de volquetes o comiones MAN tienen acceso a un mantenimiento de calidad sin necesidad de largos desplazamientos. Este taller refleja nuestra dedicaci\u00f3n a satisfacer las necesidades del sector\u201d, indic\u00f3. Adem\u00e1s de brindar soluciones t\u00e9cnicas de primer nivel, este emprendimiento genera empleo directo e indirecto, fortaleciendo la econom\u00eda del sector Quiringue y su entorno. Transportistas, emprendedores y comunidades locales se benefician de esta iniciativa, que fomenta el crecimiento sostenible en Zamora Chinchipe. La inauguraci\u00f3n de este taller consolida a Zamora Chinchipe como un territorio estrat\u00e9gico para la marca MAN y demuestra el impacto positivo de alianzas entre empresas internacionales y actores locales. Con visi\u00f3n y compromiso, este proyecto se posiciona como un ejemplo de desarrollo y progreso en la provincia.<\/p>\n","protected":false},"author":1,"featured_media":20614,"comment_status":"open","ping_status":"open","sticky":false,"template":"","format":"standard","meta":{"footnotes":""},"categories":[243],"tags":[],"class_list":["post-20613","post","type-post","status-publish","format-standard","has-post-thumbnail","hentry","category-noticias-zamora"],"_links":{"self":[{"href":"https:\/\/www.elamazonico.com\/portal\/wp-json\/wp\/v2\/posts\/20613","targetHints":{"allow":["GET"]}}],"collection":[{"href":"https:\/\/www.elamazonico.com\/portal\/wp-json\/wp\/v2\/posts"}],"about":[{"href":"https:\/\/www.elamazonico.com\/portal\/wp-json\/wp\/v2\/types\/post"}],"author":[{"embeddable":true,"href":"https:\/\/www.elamazonico.com\/portal\/wp-json\/wp\/v2\/users\/1"}],"replies":[{"embeddable":true,"href":"https:\/\/www.elamazonico.com\/portal\/wp-json\/wp\/v2\/comments?post=20613"}],"version-history":[{"count":2,"href":"https:\/\/www.elamazonico.com\/portal\/wp-json\/wp\/v2\/posts\/20613\/revisions"}],"predecessor-version":[{"id":20620,"href":"https:\/\/www.elamazonico.com\/portal\/wp-json\/wp\/v2\/posts\/20613\/revisions\/20620"}],"wp:featuredmedia":[{"embeddable":true,"href":"https:\/\/www.elamazonico.com\/portal\/wp-json\/wp\/v2\/media\/20614"}],"wp:attachment":[{"href":"https:\/\/www.elamazonico.com\/portal\/wp-json\/wp\/v2\/media?parent=20613"}],"wp:term":[{"taxonomy":"category","embeddable":true,"href":"https:\/\/www.elamazonico.com\/portal\/wp-json\/wp\/v2\/categories?post=20613"},{"taxonomy":"post_tag","embeddable":true,"href":"https:\/\/www.elamazonico.com\/portal\/wp-json\/wp\/v2\/tags?post=20613"}],"curies":[{"name":"wp","href":"https:\/\/api.w.org\/{rel}","templated":true}]}}