{"id":20587,"date":"2024-12-11T06:53:41","date_gmt":"2024-12-11T11:53:41","guid":{"rendered":"https:\/\/www.elamazonico.com\/portal\/?p=20587"},"modified":"2024-12-11T06:54:51","modified_gmt":"2024-12-11T11:54:51","slug":"mineria-un-llamado-urgente-a-la-accion-y-a-la-justicia","status":"publish","type":"post","link":"https:\/\/www.elamazonico.com\/portal\/mineria-un-llamado-urgente-a-la-accion-y-a-la-justicia\/","title":{"rendered":"Miner\u00eda: Un llamado urgente a la acci\u00f3n y a la justicia"},"content":{"rendered":"<p>Por:\u00a0<span class=\"xt0psk2\"><a class=\"x1i10hfl xjbqb8w x1ejq31n xd10rxx x1sy0etr x17r0tee x972fbf xcfux6l x1qhh985 xm0m39n x9f619 x1ypdohk xt0psk2 xe8uvvx xdj266r x11i5rnm xat24cr x1mh8g0r xexx8yu x4uap5 x18d9i69 xkhd6sd x16tdsg8 x1hl2dhg xggy1nq x1a2a7pz x1sur9pj xkrqix3 xzsf02u x1s688f\" tabindex=\"0\" role=\"link\" href=\"https:\/\/www.facebook.com\/profile.php?id=100076063942295&amp;__cft__[0]=AZXJhIG22thxJkKaKVcwfc7TqtvYWZBm_qx6SoYt-G2twY_75LK0yKBeJYZdn3QmGMisKnK0T9KXEqZh1PhY6gKcNFxroTBS3R1g0QwqEXiePatYJ05gS2GlrcRM-dCuzViYpRmrlXoCeisOLug3uSpmOLJ2gqmu1Ee_3LY-aYP-IQ&amp;__tn__=-UC%2CP-R\"><strong class=\"html-strong xdj266r x11i5rnm xat24cr x1mh8g0r xexx8yu x4uap5 x18d9i69 xkhd6sd x1hl2dhg x16tdsg8 x1vvkbs x1s688f\"><span class=\"html-span xdj266r x11i5rnm xat24cr x1mh8g0r xexx8yu x4uap5 x18d9i69 xkhd6sd x1hl2dhg x16tdsg8 x1vvkbs\">Alcibar Lupercio<\/span><\/strong><\/a><\/span><\/p>\n<p>Estimado Oswaldo Medina, reciba mi m\u00e1s profunda solidaridad en este momento de dolor e indignaci\u00f3n que atraviesa usted y su familia. Los hechos que han llevado a la desaparici\u00f3n del joven no solo son una tragedia personal, sino tambi\u00e9n un reflejo de la negligencia y la falta de responsabilidad de las autoridades involucradas, desde el gobierno central hasta los representantes provinciales y locales, incluidas las fuerzas armadas.<\/p>\n<p>El uso de la fuerza indiscriminada en una mina, un espacio donde trabajadores luchan d\u00eda a d\u00eda por subsistir, es una muestra alarmante de una ausencia total de estrategia e inteligencia operativa. Si las autoridades encargadas realmente aplicaran procesos de inteligencia, esta tragedia no habr\u00eda ocurrido. Es inadmisible que una familia pague con su sufrimiento las consecuencias de un accionar negligente e inhumano.<\/p>\n<p>Por otro lado, sabemos que la miner\u00eda genera un impacto ambiental innegable, pero tambi\u00e9n nos cuestionamos: \u00bfqu\u00e9 han hecho las autoridades para regularizar esta actividad? \u00bfHan delimitado con claridad d\u00f3nde se puede y d\u00f3nde no se debe hacer miner\u00eda? La respuesta es evidente: no lo han hecho porque no les conviene, porque as\u00ed mantienen intacta la \u00abvaquita lechera\u00bb que representa esta actividad para ciertos sectores corruptos.<\/p>\n<p>Adem\u00e1s, \u00bfqu\u00e9 alternativas han ofrecido a los peque\u00f1os mineros y mineros artesanales, quienes son pilares en la generaci\u00f3n de empleo y dinamizaci\u00f3n de la econom\u00eda local? Negarles el derecho a trabajar sin presentar opciones viables demuestra una falta de visi\u00f3n y compromiso con el desarrollo de la provincia.<\/p>\n<p>Y ahora nos preguntamos tambi\u00e9n: \u00bfpor qu\u00e9 el silencio de aquellos que se autoproclaman defensores de derechos humanos y representantes del pueblo? \u00bfSer\u00e1 que est\u00e1n calculando sus propios intereses pol\u00edticos? Si hoy no se pronuncian ante esta injusticia, seguramente esa ser\u00e1 su actitud en caso de que lleguen a ocupar posiciones de poder.<\/p>\n<p>Se\u00f1or Presidente Daniel Noboa Azin, es imperativo que tome acciones concretas y definitivas a favor de los mineros, garantizando sus derechos y protegiendo sus vidas. La corrupci\u00f3n enquistada en las instituciones debe ser erradicada con sanciones ejemplares para quienes, desde posiciones de poder, abusan de su autoridad para extorsionar y perpetuar el desamparo de los m\u00e1s vulnerables.<\/p>\n<p>Finalmente, fuerza amigos mineros. Nos solidarizamos con ustedes, quienes hoy son perseguidos de manera cruel e injusta por un sistema que, en lugar de protegerlos, los criminaliza. Este no es solo un llamado de indignaci\u00f3n, sino un clamor de justicia. La vida y la dignidad de los trabajadores no pueden seguir siendo el precio de la corrupci\u00f3n y la incompetencia estatal.<\/p>\n","protected":false},"excerpt":{"rendered":"<p>Por:\u00a0Alcibar Lupercio Estimado Oswaldo Medina, reciba mi m\u00e1s profunda solidaridad en este momento de dolor e indignaci\u00f3n que atraviesa usted y su familia. Los hechos que han llevado a la desaparici\u00f3n del joven no solo son una tragedia personal, sino tambi\u00e9n un reflejo de la negligencia y la falta de responsabilidad de las autoridades involucradas, desde el gobierno central hasta los representantes provinciales y locales, incluidas las fuerzas armadas. El uso de la fuerza indiscriminada en una mina, un espacio donde trabajadores luchan d\u00eda a d\u00eda por subsistir, es una muestra alarmante de una ausencia total de estrategia e inteligencia operativa. Si las autoridades encargadas realmente aplicaran procesos de inteligencia, esta tragedia no habr\u00eda ocurrido. Es inadmisible que una familia pague con su sufrimiento las consecuencias de un accionar negligente e inhumano. Por otro lado, sabemos que la miner\u00eda genera un impacto ambiental innegable, pero tambi\u00e9n nos cuestionamos: \u00bfqu\u00e9 han hecho las autoridades para regularizar esta actividad? \u00bfHan delimitado con claridad d\u00f3nde se puede y d\u00f3nde no se debe hacer miner\u00eda? La respuesta es evidente: no lo han hecho porque no les conviene, porque as\u00ed mantienen intacta la \u00abvaquita lechera\u00bb que representa esta actividad para ciertos sectores corruptos. Adem\u00e1s, \u00bfqu\u00e9 alternativas han ofrecido a los peque\u00f1os mineros y mineros artesanales, quienes son pilares en la generaci\u00f3n de empleo y dinamizaci\u00f3n de la econom\u00eda local? Negarles el derecho a trabajar sin presentar opciones viables demuestra una falta de visi\u00f3n y compromiso con el desarrollo de la provincia. Y ahora nos preguntamos tambi\u00e9n: \u00bfpor qu\u00e9 el silencio de aquellos que se autoproclaman defensores de derechos humanos y representantes del pueblo? \u00bfSer\u00e1 que est\u00e1n calculando sus propios intereses pol\u00edticos? Si hoy no se pronuncian ante esta injusticia, seguramente esa ser\u00e1 su actitud en caso de que lleguen a ocupar posiciones de poder. Se\u00f1or Presidente Daniel Noboa Azin, es imperativo que tome acciones concretas y definitivas a favor de los mineros, garantizando sus derechos y protegiendo sus vidas. La corrupci\u00f3n enquistada en las instituciones debe ser erradicada con sanciones ejemplares para quienes, desde posiciones de poder, abusan de su autoridad para extorsionar y perpetuar el desamparo de los m\u00e1s vulnerables. Finalmente, fuerza amigos mineros. Nos solidarizamos con ustedes, quienes hoy son perseguidos de manera cruel e injusta por un sistema que, en lugar de protegerlos, los criminaliza. Este no es solo un llamado de indignaci\u00f3n, sino un clamor de justicia. La vida y la dignidad de los trabajadores no pueden seguir siendo el precio de la corrupci\u00f3n y la incompetencia estatal.<\/p>\n","protected":false},"author":1,"featured_media":20589,"comment_status":"open","ping_status":"open","sticky":false,"template":"","format":"standard","meta":{"footnotes":""},"categories":[243],"tags":[],"class_list":["post-20587","post","type-post","status-publish","format-standard","has-post-thumbnail","hentry","category-noticias-zamora"],"_links":{"self":[{"href":"https:\/\/www.elamazonico.com\/portal\/wp-json\/wp\/v2\/posts\/20587","targetHints":{"allow":["GET"]}}],"collection":[{"href":"https:\/\/www.elamazonico.com\/portal\/wp-json\/wp\/v2\/posts"}],"about":[{"href":"https:\/\/www.elamazonico.com\/portal\/wp-json\/wp\/v2\/types\/post"}],"author":[{"embeddable":true,"href":"https:\/\/www.elamazonico.com\/portal\/wp-json\/wp\/v2\/users\/1"}],"replies":[{"embeddable":true,"href":"https:\/\/www.elamazonico.com\/portal\/wp-json\/wp\/v2\/comments?post=20587"}],"version-history":[{"count":3,"href":"https:\/\/www.elamazonico.com\/portal\/wp-json\/wp\/v2\/posts\/20587\/revisions"}],"predecessor-version":[{"id":20592,"href":"https:\/\/www.elamazonico.com\/portal\/wp-json\/wp\/v2\/posts\/20587\/revisions\/20592"}],"wp:featuredmedia":[{"embeddable":true,"href":"https:\/\/www.elamazonico.com\/portal\/wp-json\/wp\/v2\/media\/20589"}],"wp:attachment":[{"href":"https:\/\/www.elamazonico.com\/portal\/wp-json\/wp\/v2\/media?parent=20587"}],"wp:term":[{"taxonomy":"category","embeddable":true,"href":"https:\/\/www.elamazonico.com\/portal\/wp-json\/wp\/v2\/categories?post=20587"},{"taxonomy":"post_tag","embeddable":true,"href":"https:\/\/www.elamazonico.com\/portal\/wp-json\/wp\/v2\/tags?post=20587"}],"curies":[{"name":"wp","href":"https:\/\/api.w.org\/{rel}","templated":true}]}}