{"id":20558,"date":"2024-12-10T04:02:36","date_gmt":"2024-12-10T09:02:36","guid":{"rendered":"https:\/\/www.elamazonico.com\/portal\/?p=20558"},"modified":"2024-12-09T17:10:30","modified_gmt":"2024-12-09T22:10:30","slug":"asopromas-realizo-actividades-deportivas-para-fortalecer-la-unidad-de-la-organizacion","status":"publish","type":"post","link":"https:\/\/www.elamazonico.com\/portal\/asopromas-realizo-actividades-deportivas-para-fortalecer-la-unidad-de-la-organizacion\/","title":{"rendered":"ASOPROMAS realiz\u00f3 actividades deportivas para fortalecer la unidad de la organizaci\u00f3n"},"content":{"rendered":"<p>En un emotivo programa deportivo el pasado viernes 6 de diciembre, la Asociaci\u00f3n de Producci\u00f3n de Cacao y Derivados Aromas del Sur (ASOPROMAS) conmemor\u00f3 un a\u00f1o m\u00e1s de vida institucional, marcando un espacio significativo en el desarrollo y fortalecimiento del sector cacaotero. La actividad se realiz\u00f3 en su sede ubicada en las Playas de Cuje, en el cant\u00f3n Centinela del C\u00f3ndor, una zona con una hist\u00f3rica tradici\u00f3n en la producci\u00f3n de cacao de alta calidad.<\/p>\n<p>Nancy Paz, representante legal de ASOPROMAS, expres\u00f3 con entusiasmo que la organizaci\u00f3n agrupa actualmente a 200 socios provenientes de las provincias de Zamora-Chinchipe y Morona Santiago, espec\u00edficamente de la parroquia Bomboiza. En su intervenci\u00f3n, destac\u00f3 los avances alcanzados durante el \u00faltimo a\u00f1o, en especial en t\u00e9rminos de crecimiento organizativo y la integraci\u00f3n sociocultural entre las dos provincias. \u00abEste es un a\u00f1o lleno de logros, avances y desaf\u00edos\u00bb, afirm\u00f3 la licenciada Paz.<\/p>\n<p>Uno de los aspectos m\u00e1s destacados de la jornada fue la presentaci\u00f3n del proyecto <strong>\u00abRuta del Cacao Ancestral\u00bb<\/strong>, una iniciativa que busca poner en valor los vestigios del cacao ancestral en lugar. La ruta permitir\u00e1 a los visitantes conocer los \u00e1rboles nativos de cacao, algunos de los cuales tienen entre 150 y 200 a\u00f1os de antig\u00fcedad, como los ejemplares ubicados en la finca Don Juanito Sarango, en Cuje Alto. Este proyecto cuenta con el apoyo de la Instituci\u00f3n Nacional de Investigaciones Agrarias (INEA), que desde hace m\u00e1s de diez a\u00f1os ha estado promoviendo investigaciones sobre estos \u00e1rboles nativos y su legado cultural.<\/p>\n<p>Adem\u00e1s de la integraci\u00f3n sociocultural, se abordaron temas cruciales para los productores de cacao, como la mejora de los precios en el mercado, que han experimentado una notable recuperaci\u00f3n en los \u00faltimos a\u00f1os. \u00abHoy, el cacao es nuevamente el oro de la tierra, un oro que no agota el recurso natural, sino que lo cuida\u00bb, enfatiz\u00f3 Paz. La producci\u00f3n de cacao, especialmente el cacao nacional fino de aroma, es un motor econ\u00f3mico que beneficia a las familias rurales, que, a trav\u00e9s de pr\u00e1cticas org\u00e1nicas y sostenibles, contribuyen a la conservaci\u00f3n del medio ambiente y la biodiversidad.<\/p>\n<p>En este sentido, ASOPROMAS promueve productos de alta calidad bajo la marca \u00abCuje\u00f1ito\u00bb, que incluye chocolates 100% puros y 65%, as\u00ed como licores derivados del cacao. Esta marca ha ganado un lugar destacado en diversas ferias nacionales e internacionales, consolid\u00e1ndose como un referente de la calidad del cacao ecuatoriano.<\/p>\n<p>El evento tambi\u00e9n cont\u00f3 con la participaci\u00f3n del productor <strong>Eduardo Lituma<\/strong>, quien record\u00f3 los inicios de ASOPROMAS en 2013, cuando un peque\u00f1o grupo de productores decidi\u00f3 organizarse para fortalecer la cadena productiva del cacao y evitar la intermediaci\u00f3n, asegurando as\u00ed mejores precios y beneficios para los socios. Lituma subray\u00f3 la importancia de continuar con este esfuerzo colectivo para lograr un mayor valor agregado en los productos y asegurar la estabilidad econ\u00f3mica de los agricultores.<\/p>\n<p>Finalmente, la licenciada Nancy Paz concluy\u00f3 invitando a la ciudadan\u00eda, instituciones y turistas a visitar la sede de ASOPROMAS y experimentar de primera mano la calidad de sus productos. \u00abLa casa de ASOPROMAS siempre est\u00e1 abierta para quienes deseen conocer la historia y la riqueza de nuestra producci\u00f3n cacaotera\u00bb, dijo con entusiasmo.<\/p>\n<p>Con este tipo de iniciativas, ASOPROMAS no solo est\u00e1 promoviendo la producci\u00f3n de cacao como un motor econ\u00f3mico regional, sino tambi\u00e9n como un s\u00edmbolo de la identidad cultural y el compromiso con la sostenibilidad. El legado del cacao ancestral contin\u00faa vivo y se proyecta hacia un futuro de crecimiento y consolidaci\u00f3n, con una mirada puesta en la preservaci\u00f3n del medio ambiente y el fortalecimiento del tejido social.<\/p>\n","protected":false},"excerpt":{"rendered":"<p>En un emotivo programa deportivo el pasado viernes 6 de diciembre, la Asociaci\u00f3n de Producci\u00f3n de Cacao y Derivados Aromas del Sur (ASOPROMAS) conmemor\u00f3 un a\u00f1o m\u00e1s de vida institucional, marcando un espacio significativo en el desarrollo y fortalecimiento del sector cacaotero. La actividad se realiz\u00f3 en su sede ubicada en las Playas de Cuje, en el cant\u00f3n Centinela del C\u00f3ndor, una zona con una hist\u00f3rica tradici\u00f3n en la producci\u00f3n de cacao de alta calidad. Nancy Paz, representante legal de ASOPROMAS, expres\u00f3 con entusiasmo que la organizaci\u00f3n agrupa actualmente a 200 socios provenientes de las provincias de Zamora-Chinchipe y Morona Santiago, espec\u00edficamente de la parroquia Bomboiza. En su intervenci\u00f3n, destac\u00f3 los avances alcanzados durante el \u00faltimo a\u00f1o, en especial en t\u00e9rminos de crecimiento organizativo y la integraci\u00f3n sociocultural entre las dos provincias. \u00abEste es un a\u00f1o lleno de logros, avances y desaf\u00edos\u00bb, afirm\u00f3 la licenciada Paz. Uno de los aspectos m\u00e1s destacados de la jornada fue la presentaci\u00f3n del proyecto \u00abRuta del Cacao Ancestral\u00bb, una iniciativa que busca poner en valor los vestigios del cacao ancestral en lugar. La ruta permitir\u00e1 a los visitantes conocer los \u00e1rboles nativos de cacao, algunos de los cuales tienen entre 150 y 200 a\u00f1os de antig\u00fcedad, como los ejemplares ubicados en la finca Don Juanito Sarango, en Cuje Alto. Este proyecto cuenta con el apoyo de la Instituci\u00f3n Nacional de Investigaciones Agrarias (INEA), que desde hace m\u00e1s de diez a\u00f1os ha estado promoviendo investigaciones sobre estos \u00e1rboles nativos y su legado cultural. Adem\u00e1s de la integraci\u00f3n sociocultural, se abordaron temas cruciales para los productores de cacao, como la mejora de los precios en el mercado, que han experimentado una notable recuperaci\u00f3n en los \u00faltimos a\u00f1os. \u00abHoy, el cacao es nuevamente el oro de la tierra, un oro que no agota el recurso natural, sino que lo cuida\u00bb, enfatiz\u00f3 Paz. La producci\u00f3n de cacao, especialmente el cacao nacional fino de aroma, es un motor econ\u00f3mico que beneficia a las familias rurales, que, a trav\u00e9s de pr\u00e1cticas org\u00e1nicas y sostenibles, contribuyen a la conservaci\u00f3n del medio ambiente y la biodiversidad. En este sentido, ASOPROMAS promueve productos de alta calidad bajo la marca \u00abCuje\u00f1ito\u00bb, que incluye chocolates 100% puros y 65%, as\u00ed como licores derivados del cacao. Esta marca ha ganado un lugar destacado en diversas ferias nacionales e internacionales, consolid\u00e1ndose como un referente de la calidad del cacao ecuatoriano. El evento tambi\u00e9n cont\u00f3 con la participaci\u00f3n del productor Eduardo Lituma, quien record\u00f3 los inicios de ASOPROMAS en 2013, cuando un peque\u00f1o grupo de productores decidi\u00f3 organizarse para fortalecer la cadena productiva del cacao y evitar la intermediaci\u00f3n, asegurando as\u00ed mejores precios y beneficios para los socios. Lituma subray\u00f3 la importancia de continuar con este esfuerzo colectivo para lograr un mayor valor agregado en los productos y asegurar la estabilidad econ\u00f3mica de los agricultores. Finalmente, la licenciada Nancy Paz concluy\u00f3 invitando a la ciudadan\u00eda, instituciones y turistas a visitar la sede de ASOPROMAS y experimentar de primera mano la calidad de sus productos. \u00abLa casa de ASOPROMAS siempre est\u00e1 abierta para quienes deseen conocer la historia y la riqueza de nuestra producci\u00f3n cacaotera\u00bb, dijo con entusiasmo. Con este tipo de iniciativas, ASOPROMAS no solo est\u00e1 promoviendo la producci\u00f3n de cacao como un motor econ\u00f3mico regional, sino tambi\u00e9n como un s\u00edmbolo de la identidad cultural y el compromiso con la sostenibilidad. El legado del cacao ancestral contin\u00faa vivo y se proyecta hacia un futuro de crecimiento y consolidaci\u00f3n, con una mirada puesta en la preservaci\u00f3n del medio ambiente y el fortalecimiento del tejido social.<\/p>\n","protected":false},"author":1,"featured_media":20559,"comment_status":"open","ping_status":"open","sticky":false,"template":"","format":"standard","meta":{"footnotes":""},"categories":[243],"tags":[],"class_list":["post-20558","post","type-post","status-publish","format-standard","has-post-thumbnail","hentry","category-noticias-zamora"],"_links":{"self":[{"href":"https:\/\/www.elamazonico.com\/portal\/wp-json\/wp\/v2\/posts\/20558","targetHints":{"allow":["GET"]}}],"collection":[{"href":"https:\/\/www.elamazonico.com\/portal\/wp-json\/wp\/v2\/posts"}],"about":[{"href":"https:\/\/www.elamazonico.com\/portal\/wp-json\/wp\/v2\/types\/post"}],"author":[{"embeddable":true,"href":"https:\/\/www.elamazonico.com\/portal\/wp-json\/wp\/v2\/users\/1"}],"replies":[{"embeddable":true,"href":"https:\/\/www.elamazonico.com\/portal\/wp-json\/wp\/v2\/comments?post=20558"}],"version-history":[{"count":1,"href":"https:\/\/www.elamazonico.com\/portal\/wp-json\/wp\/v2\/posts\/20558\/revisions"}],"predecessor-version":[{"id":20560,"href":"https:\/\/www.elamazonico.com\/portal\/wp-json\/wp\/v2\/posts\/20558\/revisions\/20560"}],"wp:featuredmedia":[{"embeddable":true,"href":"https:\/\/www.elamazonico.com\/portal\/wp-json\/wp\/v2\/media\/20559"}],"wp:attachment":[{"href":"https:\/\/www.elamazonico.com\/portal\/wp-json\/wp\/v2\/media?parent=20558"}],"wp:term":[{"taxonomy":"category","embeddable":true,"href":"https:\/\/www.elamazonico.com\/portal\/wp-json\/wp\/v2\/categories?post=20558"},{"taxonomy":"post_tag","embeddable":true,"href":"https:\/\/www.elamazonico.com\/portal\/wp-json\/wp\/v2\/tags?post=20558"}],"curies":[{"name":"wp","href":"https:\/\/api.w.org\/{rel}","templated":true}]}}