{"id":20528,"date":"2024-12-06T12:04:06","date_gmt":"2024-12-06T17:04:06","guid":{"rendered":"https:\/\/www.elamazonico.com\/portal\/?p=20528"},"modified":"2024-12-06T12:04:06","modified_gmt":"2024-12-06T17:04:06","slug":"cinco-dias-de-descanso-daniel-noboa-decreta-feriado-largo-en-ano-nuevo-en-ecuador","status":"publish","type":"post","link":"https:\/\/www.elamazonico.com\/portal\/cinco-dias-de-descanso-daniel-noboa-decreta-feriado-largo-en-ano-nuevo-en-ecuador\/","title":{"rendered":"\u00a1Cinco d\u00edas de descanso! Daniel Noboa decreta feriado largo en A\u00f1o Nuevo en Ecuador"},"content":{"rendered":"<p>Ecuador vivir\u00e1 un feriado largo en A\u00f1o Nuevo. El presidente Daniel Noboa decreto que desde el mi\u00e9rcoles 1 hasta el viernes 3 enero del 2025 sean d\u00edas de descanso no recuperables a escala nacional. Al asueto obligatorio del 1 de enero se sumar\u00e1n dos d\u00edas, el jueves 2 y viernes 3, y se unir\u00e1 con el fin de semana.<\/p>\n<p>El presidente Daniel Noboa oficializ\u00f3 la decisi\u00f3n con el Decreto Ejecutivo 474, emitido este viernes 6 de diciembre del 2024. En el documento enfatiz\u00f3 que el feriado nacional no ser\u00e1 recuperable y tiene como objetivo fortalecer el turismo en el pa\u00eds golpeado por la ola de inseguridad y los cortes de energ\u00eda programados.<\/p>\n<p>\u00abEl feriado aplica para el sector p\u00fablico y privado con el prop\u00f3sito de incorporarlos al descaso de A\u00f1o Nuevo e incentivar el flujo tur\u00edstico\u00bb, se\u00f1al\u00f3 el Gobierno en un comunica.<\/p>\n<p>La noticia se confirm\u00f3 horas despu\u00e9s de las declaraciones del ministro de Turismo, Mateo Estrella. El funcionario indic\u00f3, durante una entrevista a Teleamazonas, que la medida se aplicar\u00eda en fin de a\u00f1o para incentivar a que los ecuatorianos conozcan el pa\u00eds.<\/p>\n<p>\u00abHabr\u00e1 buenas noticias en las pr\u00f3ximas horas sobre el tema de feriados. Lo que va a potenciar la posibilidad de que el visitante ecuatoriano viaje por su pa\u00eds y lo conozcan. Se van a dar pronto las noticias para que pueda haber una planificaci\u00f3n efectiva de las cosas. (El feriado largo ser\u00e1) para fin de a\u00f1o. 25 de diciembre se mantiene tal cual\u00bb, adelant\u00f3 Estrella.<\/p>\n<p>Tambi\u00e9n, el titular de la Cartera de Turismo indic\u00f3 que el Gobierno est\u00e1 convencido que el apoyo al sector tur\u00edstico se realiza con los feriados nacionales y por ello se evalu\u00f3 el impacto econ\u00f3mico que podr\u00eda generar estos \u2026 d\u00edas de asueto.<\/p>\n<p>El asueto nacional terminar\u00e1 el domingo 5 de enero del 2025, el mismo d\u00eda que arranca la campa\u00f1a electoral, donde Daniel Noboa buscar\u00e1 la reelecci\u00f3n.<\/p>\n<h2 class=\"wp-block-heading\">Calendario de feriados de 2025<\/h2>\n<p>Con esta decisi\u00f3n, el 2025 contar\u00e1 con 11 feriados. El siguiente se aplicar\u00e1 el lunes 3 y martes 4 de marzo por Carnaval. Los otros d\u00edas de asueto ser\u00e1n de la siguiente forma:<\/p>\n<ul class=\"wp-block-list\">\n<li>Viernes Santo: viernes 18 de abril<\/li>\n<li>D\u00eda del Trabajo: jueves 1 de mayo se traslada al viernes 2 de mayo<\/li>\n<li>Batalla de Pichincha: s\u00e1bado 24 de mayo se traslada al viernes 23 de mayo<\/li>\n<li>Primer Grito de Independencia: domingo 10 de agosto se traslada al lunes 11 de agosto<\/li>\n<li>Independencia de Guayaquil: jueves 9 de octubre se traslada al viernes 10 de octubre<\/li>\n<li>D\u00eda de Difuntos: domingo 2 se traslada al martes 4 de noviembre<\/li>\n<li>Independencia de Cuenca: lunes 3 de noviembre<\/li>\n<li>Navidad: jueves 25 de diciembre<\/li>\n<\/ul>\n","protected":false},"excerpt":{"rendered":"<p>Ecuador vivir\u00e1 un feriado largo en A\u00f1o Nuevo. El presidente Daniel Noboa decreto que desde el mi\u00e9rcoles 1 hasta el viernes 3 enero del 2025 sean d\u00edas de descanso no recuperables a escala nacional. Al asueto obligatorio del 1 de enero se sumar\u00e1n dos d\u00edas, el jueves 2 y viernes 3, y se unir\u00e1 con el fin de semana. El presidente Daniel Noboa oficializ\u00f3 la decisi\u00f3n con el Decreto Ejecutivo 474, emitido este viernes 6 de diciembre del 2024. En el documento enfatiz\u00f3 que el feriado nacional no ser\u00e1 recuperable y tiene como objetivo fortalecer el turismo en el pa\u00eds golpeado por la ola de inseguridad y los cortes de energ\u00eda programados. \u00abEl feriado aplica para el sector p\u00fablico y privado con el prop\u00f3sito de incorporarlos al descaso de A\u00f1o Nuevo e incentivar el flujo tur\u00edstico\u00bb, se\u00f1al\u00f3 el Gobierno en un comunica. La noticia se confirm\u00f3 horas despu\u00e9s de las declaraciones del ministro de Turismo, Mateo Estrella. El funcionario indic\u00f3, durante una entrevista a Teleamazonas, que la medida se aplicar\u00eda en fin de a\u00f1o para incentivar a que los ecuatorianos conozcan el pa\u00eds. \u00abHabr\u00e1 buenas noticias en las pr\u00f3ximas horas sobre el tema de feriados. Lo que va a potenciar la posibilidad de que el visitante ecuatoriano viaje por su pa\u00eds y lo conozcan. Se van a dar pronto las noticias para que pueda haber una planificaci\u00f3n efectiva de las cosas. (El feriado largo ser\u00e1) para fin de a\u00f1o. 25 de diciembre se mantiene tal cual\u00bb, adelant\u00f3 Estrella. Tambi\u00e9n, el titular de la Cartera de Turismo indic\u00f3 que el Gobierno est\u00e1 convencido que el apoyo al sector tur\u00edstico se realiza con los feriados nacionales y por ello se evalu\u00f3 el impacto econ\u00f3mico que podr\u00eda generar estos \u2026 d\u00edas de asueto. El asueto nacional terminar\u00e1 el domingo 5 de enero del 2025, el mismo d\u00eda que arranca la campa\u00f1a electoral, donde Daniel Noboa buscar\u00e1 la reelecci\u00f3n. Calendario de feriados de 2025 Con esta decisi\u00f3n, el 2025 contar\u00e1 con 11 feriados. El siguiente se aplicar\u00e1 el lunes 3 y martes 4 de marzo por Carnaval. Los otros d\u00edas de asueto ser\u00e1n de la siguiente forma: Viernes Santo: viernes 18 de abril D\u00eda del Trabajo: jueves 1 de mayo se traslada al viernes 2 de mayo Batalla de Pichincha: s\u00e1bado 24 de mayo se traslada al viernes 23 de mayo Primer Grito de Independencia: domingo 10 de agosto se traslada al lunes 11 de agosto Independencia de Guayaquil: jueves 9 de octubre se traslada al viernes 10 de octubre D\u00eda de Difuntos: domingo 2 se traslada al martes 4 de noviembre Independencia de Cuenca: lunes 3 de noviembre Navidad: jueves 25 de diciembre<\/p>\n","protected":false},"author":1,"featured_media":20529,"comment_status":"open","ping_status":"open","sticky":false,"template":"","format":"standard","meta":{"footnotes":""},"categories":[268],"tags":[],"class_list":["post-20528","post","type-post","status-publish","format-standard","has-post-thumbnail","hentry","category-nacionales"],"_links":{"self":[{"href":"https:\/\/www.elamazonico.com\/portal\/wp-json\/wp\/v2\/posts\/20528","targetHints":{"allow":["GET"]}}],"collection":[{"href":"https:\/\/www.elamazonico.com\/portal\/wp-json\/wp\/v2\/posts"}],"about":[{"href":"https:\/\/www.elamazonico.com\/portal\/wp-json\/wp\/v2\/types\/post"}],"author":[{"embeddable":true,"href":"https:\/\/www.elamazonico.com\/portal\/wp-json\/wp\/v2\/users\/1"}],"replies":[{"embeddable":true,"href":"https:\/\/www.elamazonico.com\/portal\/wp-json\/wp\/v2\/comments?post=20528"}],"version-history":[{"count":1,"href":"https:\/\/www.elamazonico.com\/portal\/wp-json\/wp\/v2\/posts\/20528\/revisions"}],"predecessor-version":[{"id":20530,"href":"https:\/\/www.elamazonico.com\/portal\/wp-json\/wp\/v2\/posts\/20528\/revisions\/20530"}],"wp:featuredmedia":[{"embeddable":true,"href":"https:\/\/www.elamazonico.com\/portal\/wp-json\/wp\/v2\/media\/20529"}],"wp:attachment":[{"href":"https:\/\/www.elamazonico.com\/portal\/wp-json\/wp\/v2\/media?parent=20528"}],"wp:term":[{"taxonomy":"category","embeddable":true,"href":"https:\/\/www.elamazonico.com\/portal\/wp-json\/wp\/v2\/categories?post=20528"},{"taxonomy":"post_tag","embeddable":true,"href":"https:\/\/www.elamazonico.com\/portal\/wp-json\/wp\/v2\/tags?post=20528"}],"curies":[{"name":"wp","href":"https:\/\/api.w.org\/{rel}","templated":true}]}}