{"id":20520,"date":"2024-12-06T10:49:13","date_gmt":"2024-12-06T15:49:13","guid":{"rendered":"https:\/\/www.elamazonico.com\/portal\/?p=20520"},"modified":"2024-12-06T10:49:13","modified_gmt":"2024-12-06T15:49:13","slug":"jan-topic-pierde-ultimo-recurso-para-ser-candidato","status":"publish","type":"post","link":"https:\/\/www.elamazonico.com\/portal\/jan-topic-pierde-ultimo-recurso-para-ser-candidato\/","title":{"rendered":"Jan Topic pierde \u00faltimo recurso para ser candidato"},"content":{"rendered":"<p><strong>El empresario Jan Topic perdi\u00f3 el \u00faltimo recurso que ten\u00eda para ser aspirante presidencia<\/strong>l. La noche del jueves 5 de diciembre de 2024 la Corte Constitucional del Ecuador (CC) rechaz\u00f3 una acci\u00f3n extraordinaria de protecci\u00f3n que pretend\u00eda dejar sin efecto la inhabilitaci\u00f3n de su candidatura.<\/p>\n<p>En su resoluci\u00f3n, los jueces constitucionales\u00a0<strong>Carmen Corral, Enrique Herrer\u00eda y Richard Ortiz<\/strong>\u00a0determinaron que la solicitud contraviene la Ley Org\u00e1nica de Garant\u00edas Jurisdiccionales y de Control Constitucional.<\/p>\n<p>La candidatura de Topic hab\u00eda sido objetada por Pachakutik y el Partido Sociedad Patri\u00f3tica, debido a un posible conflicto de intereses, por presuntas vinculaciones de empresas propiedad de Topic en contratos con el sector p\u00fablico, algo prohibido por la Ley Org\u00e1nica Electoral y de Organizaciones Pol\u00edticas del Ecuador.<\/p>\n<p>El 11 de noviembre de 2024<strong>, el Tribunal Contencioso Electoral (TCE) neg\u00f3 la inscripci\u00f3n de su candidatura por el movimiento SUMA<\/strong>, con el voto de cuatro de cinco jueces del organismo. En la resoluci\u00f3n se estableci\u00f3 que el candidato es el \u00abbeneficiario final\u00bb de empresas que mantienen v\u00ednculos contractuales con el Estado ecuatoriano.<\/p>\n<p><strong>El juez ponente \u00c1ngel Torres bas\u00f3 su resoluci\u00f3n en informaci\u00f3n que recibi\u00f3 de manera reservada<\/strong>\u00a0del Servicio de Rentas Internas, el Servicio Nacional de Contrataci\u00f3n P\u00fablica y la Superintendencia de Compa\u00f1\u00edas.<\/p>\n<p>Sobre la acci\u00f3n extraordinaria de protecci\u00f3n solicitada por Topic, la Corte Constitucional se\u00f1al\u00f3 que el art\u00edculo 62, numeral 7 de la Ley Org\u00e1nica de Garant\u00edas Jurisdiccionales y Control Constitucional, impide al organismo conocer acciones extraordinarias de protecci\u00f3n que se planteen en contra del Tribunal Contencioso Electoral (TCE) durante los procesos electorales.<\/p>\n<p>Adem\u00e1s,\u00a0<strong>la CC declar\u00f3 que el pedido no es procedente al encontrarse en la continuaci\u00f3n y desarrollo de un proceso electoral<\/strong>. \u00abLa demanda se present\u00f3 a menos de dos meses de la fase de campa\u00f1a electoral, la cual inicia el 5 de enero de 2025\u00bb.<\/p>\n<div class=\"google-auto-placed ap_container\"><ins class=\"adsbygoogle adsbygoogle-noablate\" data-ad-format=\"auto\" data-ad-client=\"ca-pub-4257119852434871\" data-adsbygoogle-status=\"done\" data-ad-status=\"filled\"><\/p>\n<div id=\"aswift_4_host\">El organismo aclar\u00f3 que si bien existen circunstancias excepcionales para proceder a una acci\u00f3n extraordinaria de protecci\u00f3n en un per\u00edodo electoral,\u00bbeste caso no se ajusta a los precedentes establecidos\u00bb.<\/div>\n<p><\/ins><\/div>\n<p>Con el recurso inadmitido,<strong>\u00a0Topic no podr\u00e1 ser aspirante presidencial<\/strong>, al haber agotado la \u00faltima instancia judicial.<\/p>\n","protected":false},"excerpt":{"rendered":"<p>El empresario Jan Topic perdi\u00f3 el \u00faltimo recurso que ten\u00eda para ser aspirante presidencial. La noche del jueves 5 de diciembre de 2024 la Corte Constitucional del Ecuador (CC) rechaz\u00f3 una acci\u00f3n extraordinaria de protecci\u00f3n que pretend\u00eda dejar sin efecto la inhabilitaci\u00f3n de su candidatura. En su resoluci\u00f3n, los jueces constitucionales\u00a0Carmen Corral, Enrique Herrer\u00eda y Richard Ortiz\u00a0determinaron que la solicitud contraviene la Ley Org\u00e1nica de Garant\u00edas Jurisdiccionales y de Control Constitucional. La candidatura de Topic hab\u00eda sido objetada por Pachakutik y el Partido Sociedad Patri\u00f3tica, debido a un posible conflicto de intereses, por presuntas vinculaciones de empresas propiedad de Topic en contratos con el sector p\u00fablico, algo prohibido por la Ley Org\u00e1nica Electoral y de Organizaciones Pol\u00edticas del Ecuador. El 11 de noviembre de 2024, el Tribunal Contencioso Electoral (TCE) neg\u00f3 la inscripci\u00f3n de su candidatura por el movimiento SUMA, con el voto de cuatro de cinco jueces del organismo. En la resoluci\u00f3n se estableci\u00f3 que el candidato es el \u00abbeneficiario final\u00bb de empresas que mantienen v\u00ednculos contractuales con el Estado ecuatoriano. El juez ponente \u00c1ngel Torres bas\u00f3 su resoluci\u00f3n en informaci\u00f3n que recibi\u00f3 de manera reservada\u00a0del Servicio de Rentas Internas, el Servicio Nacional de Contrataci\u00f3n P\u00fablica y la Superintendencia de Compa\u00f1\u00edas. Sobre la acci\u00f3n extraordinaria de protecci\u00f3n solicitada por Topic, la Corte Constitucional se\u00f1al\u00f3 que el art\u00edculo 62, numeral 7 de la Ley Org\u00e1nica de Garant\u00edas Jurisdiccionales y Control Constitucional, impide al organismo conocer acciones extraordinarias de protecci\u00f3n que se planteen en contra del Tribunal Contencioso Electoral (TCE) durante los procesos electorales. Adem\u00e1s,\u00a0la CC declar\u00f3 que el pedido no es procedente al encontrarse en la continuaci\u00f3n y desarrollo de un proceso electoral. \u00abLa demanda se present\u00f3 a menos de dos meses de la fase de campa\u00f1a electoral, la cual inicia el 5 de enero de 2025\u00bb. El organismo aclar\u00f3 que si bien existen circunstancias excepcionales para proceder a una acci\u00f3n extraordinaria de protecci\u00f3n en un per\u00edodo electoral,\u00bbeste caso no se ajusta a los precedentes establecidos\u00bb. Con el recurso inadmitido,\u00a0Topic no podr\u00e1 ser aspirante presidencial, al haber agotado la \u00faltima instancia judicial.<\/p>\n","protected":false},"author":1,"featured_media":20521,"comment_status":"open","ping_status":"open","sticky":false,"template":"","format":"standard","meta":{"footnotes":""},"categories":[268],"tags":[],"class_list":["post-20520","post","type-post","status-publish","format-standard","has-post-thumbnail","hentry","category-nacionales"],"_links":{"self":[{"href":"https:\/\/www.elamazonico.com\/portal\/wp-json\/wp\/v2\/posts\/20520","targetHints":{"allow":["GET"]}}],"collection":[{"href":"https:\/\/www.elamazonico.com\/portal\/wp-json\/wp\/v2\/posts"}],"about":[{"href":"https:\/\/www.elamazonico.com\/portal\/wp-json\/wp\/v2\/types\/post"}],"author":[{"embeddable":true,"href":"https:\/\/www.elamazonico.com\/portal\/wp-json\/wp\/v2\/users\/1"}],"replies":[{"embeddable":true,"href":"https:\/\/www.elamazonico.com\/portal\/wp-json\/wp\/v2\/comments?post=20520"}],"version-history":[{"count":1,"href":"https:\/\/www.elamazonico.com\/portal\/wp-json\/wp\/v2\/posts\/20520\/revisions"}],"predecessor-version":[{"id":20522,"href":"https:\/\/www.elamazonico.com\/portal\/wp-json\/wp\/v2\/posts\/20520\/revisions\/20522"}],"wp:featuredmedia":[{"embeddable":true,"href":"https:\/\/www.elamazonico.com\/portal\/wp-json\/wp\/v2\/media\/20521"}],"wp:attachment":[{"href":"https:\/\/www.elamazonico.com\/portal\/wp-json\/wp\/v2\/media?parent=20520"}],"wp:term":[{"taxonomy":"category","embeddable":true,"href":"https:\/\/www.elamazonico.com\/portal\/wp-json\/wp\/v2\/categories?post=20520"},{"taxonomy":"post_tag","embeddable":true,"href":"https:\/\/www.elamazonico.com\/portal\/wp-json\/wp\/v2\/tags?post=20520"}],"curies":[{"name":"wp","href":"https:\/\/api.w.org\/{rel}","templated":true}]}}