{"id":20504,"date":"2024-12-05T14:08:50","date_gmt":"2024-12-05T19:08:50","guid":{"rendered":"https:\/\/www.elamazonico.com\/portal\/?p=20504"},"modified":"2024-12-05T14:08:50","modified_gmt":"2024-12-05T19:08:50","slug":"la-prefectura-impulsa-el-desarrollo-rural-con-nuevas-vias-de-conexion","status":"publish","type":"post","link":"https:\/\/www.elamazonico.com\/portal\/la-prefectura-impulsa-el-desarrollo-rural-con-nuevas-vias-de-conexion\/","title":{"rendered":"La prefectura impulsa el desarrollo rural con nuevas v\u00edas de conexi\u00f3n"},"content":{"rendered":"<p><span lang=\"ES\">La Prefectura de Zamora Chinchipe contin\u00faa en el fortalecimiento de la conectividad rural con la\u00a0<b>apertura de la v\u00eda<\/b>\u00a0que une el sector Playita Escondida con el barrio\u00a0<b>El Queque<\/b>, en la parroquia Sabanilla. Esta arteria vial, de\u00a0<b>2,2 kil\u00f3metros de longitud<\/b>, representa un paso significativo para mejorar el acceso educativo, productivo y ganadero de la zona.<\/span><\/p>\n<p><span lang=\"ES\">Durante un recorrido simb\u00f3lico de verificaci\u00f3n, los beneficiarios expresaron su alegr\u00eda y gratitud por esta obra que transforma la calidad de vida de al menos 26 familias. La prefecta Karla Re\u00e1tegui, presente en el evento, destac\u00f3 el impacto positivo de esta gesti\u00f3n:\u00a0<b>\u201cMe llena de orgullo ser parte de esta historia de progreso en el barrio El Queque. Esta v\u00eda es de ustedes y para ustedes, como s\u00edmbolo del desarrollo que buscamos para toda la provincia\u201d<\/b>.<\/span><\/p>\n<p><span lang=\"ES\">Los trabajos realizados incluyen: apertura de la v\u00eda, asentado de la mesa, ensanchamiento, lastrado y mantenimiento continuo, asegurando su operatividad en el tiempo. Nelson Jap\u00f3n, morador del sector, destac\u00f3 la importancia de esta conexi\u00f3n vial.\u00a0<b>\u201cHoy vemos como este sue\u00f1o se convierte en realidad. Esta v\u00eda, que incluso llega hasta la escuela, es una misi\u00f3n cumplida. Gracias, se\u00f1ora Prefecta, por hacer esto posible\u201d<\/b>, manifest\u00f3.<\/span><\/p>\n<p><b><span lang=\"ES\">Dato:<\/span><\/b><\/p>\n<p><span lang=\"ES\">Con corte a 2024, la administraci\u00f3n de la prefecta Karla Re\u00e1tegui, ha construido m\u00e1s de 130 Km de nuevas arterias viales en toda la provincia<\/span><\/p>\n","protected":false},"excerpt":{"rendered":"<p>La Prefectura de Zamora Chinchipe contin\u00faa en el fortalecimiento de la conectividad rural con la\u00a0apertura de la v\u00eda\u00a0que une el sector Playita Escondida con el barrio\u00a0El Queque, en la parroquia Sabanilla. Esta arteria vial, de\u00a02,2 kil\u00f3metros de longitud, representa un paso significativo para mejorar el acceso educativo, productivo y ganadero de la zona. Durante un recorrido simb\u00f3lico de verificaci\u00f3n, los beneficiarios expresaron su alegr\u00eda y gratitud por esta obra que transforma la calidad de vida de al menos 26 familias. La prefecta Karla Re\u00e1tegui, presente en el evento, destac\u00f3 el impacto positivo de esta gesti\u00f3n:\u00a0\u201cMe llena de orgullo ser parte de esta historia de progreso en el barrio El Queque. Esta v\u00eda es de ustedes y para ustedes, como s\u00edmbolo del desarrollo que buscamos para toda la provincia\u201d. Los trabajos realizados incluyen: apertura de la v\u00eda, asentado de la mesa, ensanchamiento, lastrado y mantenimiento continuo, asegurando su operatividad en el tiempo. Nelson Jap\u00f3n, morador del sector, destac\u00f3 la importancia de esta conexi\u00f3n vial.\u00a0\u201cHoy vemos como este sue\u00f1o se convierte en realidad. Esta v\u00eda, que incluso llega hasta la escuela, es una misi\u00f3n cumplida. Gracias, se\u00f1ora Prefecta, por hacer esto posible\u201d, manifest\u00f3. Dato: Con corte a 2024, la administraci\u00f3n de la prefecta Karla Re\u00e1tegui, ha construido m\u00e1s de 130 Km de nuevas arterias viales en toda la provincia<\/p>\n","protected":false},"author":1,"featured_media":20505,"comment_status":"open","ping_status":"open","sticky":false,"template":"","format":"standard","meta":{"footnotes":""},"categories":[243],"tags":[],"class_list":["post-20504","post","type-post","status-publish","format-standard","has-post-thumbnail","hentry","category-noticias-zamora"],"_links":{"self":[{"href":"https:\/\/www.elamazonico.com\/portal\/wp-json\/wp\/v2\/posts\/20504","targetHints":{"allow":["GET"]}}],"collection":[{"href":"https:\/\/www.elamazonico.com\/portal\/wp-json\/wp\/v2\/posts"}],"about":[{"href":"https:\/\/www.elamazonico.com\/portal\/wp-json\/wp\/v2\/types\/post"}],"author":[{"embeddable":true,"href":"https:\/\/www.elamazonico.com\/portal\/wp-json\/wp\/v2\/users\/1"}],"replies":[{"embeddable":true,"href":"https:\/\/www.elamazonico.com\/portal\/wp-json\/wp\/v2\/comments?post=20504"}],"version-history":[{"count":1,"href":"https:\/\/www.elamazonico.com\/portal\/wp-json\/wp\/v2\/posts\/20504\/revisions"}],"predecessor-version":[{"id":20506,"href":"https:\/\/www.elamazonico.com\/portal\/wp-json\/wp\/v2\/posts\/20504\/revisions\/20506"}],"wp:featuredmedia":[{"embeddable":true,"href":"https:\/\/www.elamazonico.com\/portal\/wp-json\/wp\/v2\/media\/20505"}],"wp:attachment":[{"href":"https:\/\/www.elamazonico.com\/portal\/wp-json\/wp\/v2\/media?parent=20504"}],"wp:term":[{"taxonomy":"category","embeddable":true,"href":"https:\/\/www.elamazonico.com\/portal\/wp-json\/wp\/v2\/categories?post=20504"},{"taxonomy":"post_tag","embeddable":true,"href":"https:\/\/www.elamazonico.com\/portal\/wp-json\/wp\/v2\/tags?post=20504"}],"curies":[{"name":"wp","href":"https:\/\/api.w.org\/{rel}","templated":true}]}}