{"id":20488,"date":"2024-12-05T11:02:53","date_gmt":"2024-12-05T16:02:53","guid":{"rendered":"https:\/\/www.elamazonico.com\/portal\/?p=20488"},"modified":"2024-12-05T11:02:53","modified_gmt":"2024-12-05T16:02:53","slug":"veronica-abad-jueza-difiere-audiencia-clave-sobre-el-futuro-de-la-vicepresidenta-para-el-9-de-diciembre","status":"publish","type":"post","link":"https:\/\/www.elamazonico.com\/portal\/veronica-abad-jueza-difiere-audiencia-clave-sobre-el-futuro-de-la-vicepresidenta-para-el-9-de-diciembre\/","title":{"rendered":"Ver\u00f3nica Abad: jueza difiere audiencia clave sobre el futuro de la Vicepresidenta, para el 9 de diciembre"},"content":{"rendered":"<div class=\"paragraph texto\">\n<p class=\"p_0\">La audiencia que definir\u00e1 el futuro de la\u00a0<b>vicepresidenta\u00a0<\/b>de la Rep\u00fablica,\u00a0<b>Ver\u00f3nica Abad<\/b>, fue diferida para el pr\u00f3ximo lunes 9 de diciembre.<\/p>\n<p class=\"p_1\">Este jueves 5 de diciembre, en el Complejo Judicial Norte de Quito, estaba prevista la reinstalaci\u00f3n de la audiencia de\u00a0<b>acci\u00f3n de protecci\u00f3n<\/b>\u00a0que Abad interpuso contra el\u00a0<b>Ministerio de Trabajo<\/b>, tras ser\u00a0<b>suspendida\u00a0<\/b>de su cargo por 150 d\u00edas. La fecha, inicialmente se\u00f1alada para el 9 de diciembre, fue adelantada para este d\u00eda.<\/p>\n<p class=\"p_3\">Sin embargo, minutos antes de que comenzara la diligencia, la vicepresidenta present\u00f3 un escrito solicitando el cambio de fecha, ya que sus <b>abogados<\/b>\u00a0tienen otros compromisos y residen fuera de Quito.<\/p>\n<div>\n<div class=\"trv-player-container\">\n<div class=\"trv-wrapper\">\n<div id=\"br_video_player_f507f9e4c852c548c09e537347c46c5a7a4d6079\" class=\"trvd_video_player trvdfloater trv-right\">\n<div class=\"media-player\">\n<div class=\"trv-video\">\n<div id=\"truvid_ima_container45102\" class=\"truvid_ima_container\">Por su parte, el Ministerio de Trabajo tambi\u00e9n solicit\u00f3 el diferimiento de la audiencia. La ministra <b>Ivonne N\u00fa\u00f1ez<\/b>\u00a0inform\u00f3 que presentar\u00e1 su defensa, que consta de 459 fojas.<\/div>\n<\/div>\n<\/div>\n<\/div>\n<\/div>\n<\/div>\n<\/div>\n<p class=\"p_5\">La sanci\u00f3n contra Abad fue impuesta el pasado 9 de noviembre, luego de que el Gobierno la acusara de \u00ababandono injustificado del trabajo por tres o m\u00e1s d\u00edas laborales\u00bb. Seg\u00fan las autoridades, la Vicepresidenta no lleg\u00f3 a Turqu\u00eda desde Israel en la fecha establecida.<\/p>\n<p class=\"p_6\">Para suplir a Abad, el presidente Daniel Noboa nombr\u00f3 como \u00abvicepresidenta encargada\u00bb a la secretaria nacional de Planificaci\u00f3n\u00a0<b>Sariha Moya<\/b>.<\/p>\n<p class=\"p_7\">Con la acci\u00f3n de protecci\u00f3n, Abad busca que la justicia anule la sanci\u00f3n impuesta, argumentando una vulneraci\u00f3n de sus derechos. Su solicitud incluye el archivo del\u00a0<b>sumario administrativo<\/b>, la restituci\u00f3n inmediata en su cargo,\u00a0<b>disculpas\u00a0<\/b>p\u00fablicas del Gobierno y que la ministra de Trabajo,\u00a0<b>Ivonne N\u00fa\u00f1ez<\/b>, reciba capacitaci\u00f3n en garant\u00edas constitucionales.<\/p>\n<div id=\"Center2\" class=\"centervist\" data-google-query-id=\"CIG3xoOAkYoDFVyzywEdKDoWEw\">\n<div id=\"google_ads_iframe_\/21839199781\/Vistazo\/Vistazo_Center2_0__container__\"><strong>Sanci\u00f3n contra Abad<\/strong><\/div>\n<\/div>\n<\/div>\n<div class=\"paragraph texto\">\n<p class=\"p_8\">La suspendida vicepresidenta, Ver\u00f3nica Abad, pide a la Justicia anular la sanci\u00f3n impuesta por el Gobierno que le impide ejercer el cargo por cinco meses y, por tanto, asumir las funciones presidenciales cuando el presidente\u00a0<b>Daniel Noboa<\/b>\u00a0deba pedir licencia para la campa\u00f1a electoral de los comicios de 2025, donde busca su reelecci\u00f3n.<\/p>\n<p class=\"p_9\">Uno de los momentos clave, de la audiencia p\u00fablica celebrada el viernes 29 de noviembre, se produjo cuando la\u00a0<b>jueza Nubia Vera<\/b>\u00a0le pidi\u00f3 al abogado del Ministerio que le especifique en qu\u00e9 parte de la legislaci\u00f3n ecuatoriana se determina que la sanci\u00f3n que recibi\u00f3 la vicepresidenta deb\u00eda ser de 150 d\u00edas.<\/p>\n<p class=\"p_10\">La defensa se tom\u00f3 varios minutos para buscar el sustento normativo y al final admiti\u00f3 que, ante una falta grave, la Ley de Servicio P\u00fablico (Losep) no determina un l\u00edmite de d\u00edas de suspensi\u00f3n temporal, por lo que la decisi\u00f3n se tom\u00f3 \u00abcon base en las reglas de la\u00a0<b>sana cr\u00edtica<\/b>\u00ab.<\/p>\n<p class=\"p_11\">\u00abConsiderando la imposibilidad de destituci\u00f3n de la vicepresidenta, se ha tomado la decisi\u00f3n menos gravosa\u00bb, agreg\u00f3 el jurista.<\/p>\n<p class=\"p_12\">En otro momento, la jueza pregunt\u00f3 al abogado si se hab\u00eda tomado en cuenta la Ley de Servicio Exterior que se\u00f1ala que los embajadores tienen 30 d\u00edas para trasladarse a su nueva sede. El jurista respondi\u00f3 que no, porque solo eran competentes para conocer sumarios basados en la Losep.<\/p>\n<p class=\"p_13\">Abad, quien denunci\u00f3 al mandatario por presunta violencia pol\u00edtica de g\u00e9nero, ha se\u00f1alado que el gobierno de Noboa \u00abmiente\u00bb al justificar la sanci\u00f3n emitida en su contra para suspenderla del cargo. Asegura que, con esta medida, se est\u00e1n utilizando todas las v\u00edas posibles, \u00abviolentando el orden constitucional\u00bb con el \u00ab\u00fanico fin de forzar su renuncia\u00bb.<\/p>\n<p class=\"p_14\">El distanciamiento entre Noboa y Abad comenz\u00f3 en la campa\u00f1a electoral de las elecciones de 2023 y se plasm\u00f3 al asumir sus cargos, cuando el gobernante la envi\u00f3 a Israel como embajadora del pa\u00eds. <strong>Fuente: Vistazo<\/strong><\/p>\n<\/div>\n","protected":false},"excerpt":{"rendered":"<p>La audiencia que definir\u00e1 el futuro de la\u00a0vicepresidenta\u00a0de la Rep\u00fablica,\u00a0Ver\u00f3nica Abad, fue diferida para el pr\u00f3ximo lunes 9 de diciembre. Este jueves 5 de diciembre, en el Complejo Judicial Norte de Quito, estaba prevista la reinstalaci\u00f3n de la audiencia de\u00a0acci\u00f3n de protecci\u00f3n\u00a0que Abad interpuso contra el\u00a0Ministerio de Trabajo, tras ser\u00a0suspendida\u00a0de su cargo por 150 d\u00edas. La fecha, inicialmente se\u00f1alada para el 9 de diciembre, fue adelantada para este d\u00eda. Sin embargo, minutos antes de que comenzara la diligencia, la vicepresidenta present\u00f3 un escrito solicitando el cambio de fecha, ya que sus abogados\u00a0tienen otros compromisos y residen fuera de Quito. Por su parte, el Ministerio de Trabajo tambi\u00e9n solicit\u00f3 el diferimiento de la audiencia. La ministra Ivonne N\u00fa\u00f1ez\u00a0inform\u00f3 que presentar\u00e1 su defensa, que consta de 459 fojas. La sanci\u00f3n contra Abad fue impuesta el pasado 9 de noviembre, luego de que el Gobierno la acusara de \u00ababandono injustificado del trabajo por tres o m\u00e1s d\u00edas laborales\u00bb. Seg\u00fan las autoridades, la Vicepresidenta no lleg\u00f3 a Turqu\u00eda desde Israel en la fecha establecida. Para suplir a Abad, el presidente Daniel Noboa nombr\u00f3 como \u00abvicepresidenta encargada\u00bb a la secretaria nacional de Planificaci\u00f3n\u00a0Sariha Moya. Con la acci\u00f3n de protecci\u00f3n, Abad busca que la justicia anule la sanci\u00f3n impuesta, argumentando una vulneraci\u00f3n de sus derechos. Su solicitud incluye el archivo del\u00a0sumario administrativo, la restituci\u00f3n inmediata en su cargo,\u00a0disculpas\u00a0p\u00fablicas del Gobierno y que la ministra de Trabajo,\u00a0Ivonne N\u00fa\u00f1ez, reciba capacitaci\u00f3n en garant\u00edas constitucionales. Sanci\u00f3n contra Abad La suspendida vicepresidenta, Ver\u00f3nica Abad, pide a la Justicia anular la sanci\u00f3n impuesta por el Gobierno que le impide ejercer el cargo por cinco meses y, por tanto, asumir las funciones presidenciales cuando el presidente\u00a0Daniel Noboa\u00a0deba pedir licencia para la campa\u00f1a electoral de los comicios de 2025, donde busca su reelecci\u00f3n. Uno de los momentos clave, de la audiencia p\u00fablica celebrada el viernes 29 de noviembre, se produjo cuando la\u00a0jueza Nubia Vera\u00a0le pidi\u00f3 al abogado del Ministerio que le especifique en qu\u00e9 parte de la legislaci\u00f3n ecuatoriana se determina que la sanci\u00f3n que recibi\u00f3 la vicepresidenta deb\u00eda ser de 150 d\u00edas. La defensa se tom\u00f3 varios minutos para buscar el sustento normativo y al final admiti\u00f3 que, ante una falta grave, la Ley de Servicio P\u00fablico (Losep) no determina un l\u00edmite de d\u00edas de suspensi\u00f3n temporal, por lo que la decisi\u00f3n se tom\u00f3 \u00abcon base en las reglas de la\u00a0sana cr\u00edtica\u00ab. \u00abConsiderando la imposibilidad de destituci\u00f3n de la vicepresidenta, se ha tomado la decisi\u00f3n menos gravosa\u00bb, agreg\u00f3 el jurista. En otro momento, la jueza pregunt\u00f3 al abogado si se hab\u00eda tomado en cuenta la Ley de Servicio Exterior que se\u00f1ala que los embajadores tienen 30 d\u00edas para trasladarse a su nueva sede. El jurista respondi\u00f3 que no, porque solo eran competentes para conocer sumarios basados en la Losep. Abad, quien denunci\u00f3 al mandatario por presunta violencia pol\u00edtica de g\u00e9nero, ha se\u00f1alado que el gobierno de Noboa \u00abmiente\u00bb al justificar la sanci\u00f3n emitida en su contra para suspenderla del cargo. Asegura que, con esta medida, se est\u00e1n utilizando todas las v\u00edas posibles, \u00abviolentando el orden constitucional\u00bb con el \u00ab\u00fanico fin de forzar su renuncia\u00bb. El distanciamiento entre Noboa y Abad comenz\u00f3 en la campa\u00f1a electoral de las elecciones de 2023 y se plasm\u00f3 al asumir sus cargos, cuando el gobernante la envi\u00f3 a Israel como embajadora del pa\u00eds. Fuente: Vistazo<\/p>\n","protected":false},"author":1,"featured_media":20489,"comment_status":"open","ping_status":"open","sticky":false,"template":"","format":"standard","meta":{"footnotes":""},"categories":[268],"tags":[],"class_list":["post-20488","post","type-post","status-publish","format-standard","has-post-thumbnail","hentry","category-nacionales"],"_links":{"self":[{"href":"https:\/\/www.elamazonico.com\/portal\/wp-json\/wp\/v2\/posts\/20488","targetHints":{"allow":["GET"]}}],"collection":[{"href":"https:\/\/www.elamazonico.com\/portal\/wp-json\/wp\/v2\/posts"}],"about":[{"href":"https:\/\/www.elamazonico.com\/portal\/wp-json\/wp\/v2\/types\/post"}],"author":[{"embeddable":true,"href":"https:\/\/www.elamazonico.com\/portal\/wp-json\/wp\/v2\/users\/1"}],"replies":[{"embeddable":true,"href":"https:\/\/www.elamazonico.com\/portal\/wp-json\/wp\/v2\/comments?post=20488"}],"version-history":[{"count":1,"href":"https:\/\/www.elamazonico.com\/portal\/wp-json\/wp\/v2\/posts\/20488\/revisions"}],"predecessor-version":[{"id":20490,"href":"https:\/\/www.elamazonico.com\/portal\/wp-json\/wp\/v2\/posts\/20488\/revisions\/20490"}],"wp:featuredmedia":[{"embeddable":true,"href":"https:\/\/www.elamazonico.com\/portal\/wp-json\/wp\/v2\/media\/20489"}],"wp:attachment":[{"href":"https:\/\/www.elamazonico.com\/portal\/wp-json\/wp\/v2\/media?parent=20488"}],"wp:term":[{"taxonomy":"category","embeddable":true,"href":"https:\/\/www.elamazonico.com\/portal\/wp-json\/wp\/v2\/categories?post=20488"},{"taxonomy":"post_tag","embeddable":true,"href":"https:\/\/www.elamazonico.com\/portal\/wp-json\/wp\/v2\/tags?post=20488"}],"curies":[{"name":"wp","href":"https:\/\/api.w.org\/{rel}","templated":true}]}}