{"id":20478,"date":"2024-12-05T10:05:58","date_gmt":"2024-12-05T15:05:58","guid":{"rendered":"https:\/\/www.elamazonico.com\/portal\/?p=20478"},"modified":"2024-12-05T10:05:58","modified_gmt":"2024-12-05T15:05:58","slug":"prefectura-de-zamora-chinchipe-impulsa-el-desarrollo-de-palanda-como-territorio-del-origen-del-cacao","status":"publish","type":"post","link":"https:\/\/www.elamazonico.com\/portal\/prefectura-de-zamora-chinchipe-impulsa-el-desarrollo-de-palanda-como-territorio-del-origen-del-cacao\/","title":{"rendered":"Prefectura de Zamora Chinchipe Impulsa el Desarrollo de Palanda como Territorio del Origen del Cacao"},"content":{"rendered":"<p>En el marco de los festejos de aniversario del cant\u00f3n Palanda, la prefecta de la provincia, Karla Re\u00e1tegui, destac\u00f3 los avances logrados gracias al trabajo coordinado con las autoridades cantonales y parroquiales. En su intervenci\u00f3n, enfatiz\u00f3 que la unidad entre instituciones ha permitido materializar resultados significativos para la comunidad, consolidando a Palanda como un referente cultural, productivo y tur\u00edstico.<\/p>\n<p>\u201cDesde la Prefectura nos sumamos a este homenaje a Palanda con trabajo y compromiso. En este a\u00f1o y medio de gesti\u00f3n hemos fortalecido la promoci\u00f3n de Palanda como el territorio del origen del cacao. Este es un potencial que, aunque estuvo dormido por mucho tiempo, hoy se posiciona gracias a un esfuerzo articulado,\u201d manifest\u00f3 la prefecta.<\/p>\n<p><strong>Logros destacados en el marco de la gesti\u00f3n:<\/strong><\/p>\n<p>Promoci\u00f3n del Cacao como Producto Identitario.<\/p>\n<p>Participaci\u00f3n hist\u00f3rica en el Sal\u00f3n del Chocolate en Par\u00eds, donde un chocolatero local represent\u00f3 a la provincia.<\/p>\n<p>Distribuci\u00f3n de r\u00e9plicas de la vasija arqueol\u00f3gica de Santa Ana, evidencia cient\u00edfica del origen del cacao, en m\u00e1s de 50 museos a nivel mundial.<\/p>\n<p><strong>Incremento del Turismo Cultural:<\/strong><\/p>\n<p>M\u00e1s de 1,000 visitas al sitio arqueol\u00f3gico Santa Ana durante 2024, generando una din\u00e1mica econ\u00f3mica positiva para el transporte, la hoteler\u00eda y la gastronom\u00eda local.<\/p>\n<p>Descentralizaci\u00f3n de la Unidad de Turismo, que ahora opera desde Palanda, fortaleciendo la atenci\u00f3n directa a las iniciativas locales.<\/p>\n<p>Desarrollo de fincas agrotur\u00edsticas que ofrecen hospedaje, alimentaci\u00f3n y experiencias inmersivas en la producci\u00f3n de cacao y caf\u00e9.<\/p>\n<p><strong>Infraestructura y Conectividad:<\/strong><\/p>\n<p>Construcci\u00f3n y mantenimiento de v\u00edas productivas, incluyendo la ruta Pajas Alto-La Misi\u00f3n y la v\u00eda Calima, que benefician a agricultores y ganaderos.<\/p>\n<p>Avance significativo en el anillo vial que conecta Porvenir del Carmen con La Canela, proyectado para completarse a inicios de 2025.<\/p>\n<p><strong>Fortalecimiento del Patrimonio Tur\u00edstico:<\/strong><\/p>\n<p>Restauraci\u00f3n del puente peatonal en el sitio arqueol\u00f3gico Santa Ana, complementado con una escultura de cacao que se ha convertido en un \u00edcono tur\u00edstico.<\/p>\n<p><strong>Reconocimientos y Proyecciones:<\/strong><\/p>\n<p>Durante su discurso, Re\u00e1tegui resalt\u00f3 el compromiso de los productores y artesanos locales, quienes contribuyen a la identidad de Palanda con sus innovaciones y emprendimientos. Asimismo, subray\u00f3 que la Prefectura continuar\u00e1 fortaleciendo el trabajo conjunto con los gobiernos locales para garantizar el desarrollo integral de la provincia.<\/p>\n<p>\u201cNos comprometemos a seguir trabajando de manera articulada para engrandecer a Palanda como el territorio del origen del cacao. Este esfuerzo no solo beneficia al cant\u00f3n, sino que engrandece a toda la provincia de Zamora Chinchipe,\u201d concluy\u00f3 la prefecta.<\/p>\n","protected":false},"excerpt":{"rendered":"<p>En el marco de los festejos de aniversario del cant\u00f3n Palanda, la prefecta de la provincia, Karla Re\u00e1tegui, destac\u00f3 los avances logrados gracias al trabajo coordinado con las autoridades cantonales y parroquiales. En su intervenci\u00f3n, enfatiz\u00f3 que la unidad entre instituciones ha permitido materializar resultados significativos para la comunidad, consolidando a Palanda como un referente cultural, productivo y tur\u00edstico. \u201cDesde la Prefectura nos sumamos a este homenaje a Palanda con trabajo y compromiso. En este a\u00f1o y medio de gesti\u00f3n hemos fortalecido la promoci\u00f3n de Palanda como el territorio del origen del cacao. Este es un potencial que, aunque estuvo dormido por mucho tiempo, hoy se posiciona gracias a un esfuerzo articulado,\u201d manifest\u00f3 la prefecta. Logros destacados en el marco de la gesti\u00f3n: Promoci\u00f3n del Cacao como Producto Identitario. Participaci\u00f3n hist\u00f3rica en el Sal\u00f3n del Chocolate en Par\u00eds, donde un chocolatero local represent\u00f3 a la provincia. Distribuci\u00f3n de r\u00e9plicas de la vasija arqueol\u00f3gica de Santa Ana, evidencia cient\u00edfica del origen del cacao, en m\u00e1s de 50 museos a nivel mundial. Incremento del Turismo Cultural: M\u00e1s de 1,000 visitas al sitio arqueol\u00f3gico Santa Ana durante 2024, generando una din\u00e1mica econ\u00f3mica positiva para el transporte, la hoteler\u00eda y la gastronom\u00eda local. Descentralizaci\u00f3n de la Unidad de Turismo, que ahora opera desde Palanda, fortaleciendo la atenci\u00f3n directa a las iniciativas locales. Desarrollo de fincas agrotur\u00edsticas que ofrecen hospedaje, alimentaci\u00f3n y experiencias inmersivas en la producci\u00f3n de cacao y caf\u00e9. Infraestructura y Conectividad: Construcci\u00f3n y mantenimiento de v\u00edas productivas, incluyendo la ruta Pajas Alto-La Misi\u00f3n y la v\u00eda Calima, que benefician a agricultores y ganaderos. Avance significativo en el anillo vial que conecta Porvenir del Carmen con La Canela, proyectado para completarse a inicios de 2025. Fortalecimiento del Patrimonio Tur\u00edstico: Restauraci\u00f3n del puente peatonal en el sitio arqueol\u00f3gico Santa Ana, complementado con una escultura de cacao que se ha convertido en un \u00edcono tur\u00edstico. Reconocimientos y Proyecciones: Durante su discurso, Re\u00e1tegui resalt\u00f3 el compromiso de los productores y artesanos locales, quienes contribuyen a la identidad de Palanda con sus innovaciones y emprendimientos. Asimismo, subray\u00f3 que la Prefectura continuar\u00e1 fortaleciendo el trabajo conjunto con los gobiernos locales para garantizar el desarrollo integral de la provincia. \u201cNos comprometemos a seguir trabajando de manera articulada para engrandecer a Palanda como el territorio del origen del cacao. Este esfuerzo no solo beneficia al cant\u00f3n, sino que engrandece a toda la provincia de Zamora Chinchipe,\u201d concluy\u00f3 la prefecta.<\/p>\n","protected":false},"author":1,"featured_media":20479,"comment_status":"open","ping_status":"open","sticky":false,"template":"","format":"standard","meta":{"footnotes":""},"categories":[243],"tags":[],"class_list":["post-20478","post","type-post","status-publish","format-standard","has-post-thumbnail","hentry","category-noticias-zamora"],"_links":{"self":[{"href":"https:\/\/www.elamazonico.com\/portal\/wp-json\/wp\/v2\/posts\/20478","targetHints":{"allow":["GET"]}}],"collection":[{"href":"https:\/\/www.elamazonico.com\/portal\/wp-json\/wp\/v2\/posts"}],"about":[{"href":"https:\/\/www.elamazonico.com\/portal\/wp-json\/wp\/v2\/types\/post"}],"author":[{"embeddable":true,"href":"https:\/\/www.elamazonico.com\/portal\/wp-json\/wp\/v2\/users\/1"}],"replies":[{"embeddable":true,"href":"https:\/\/www.elamazonico.com\/portal\/wp-json\/wp\/v2\/comments?post=20478"}],"version-history":[{"count":1,"href":"https:\/\/www.elamazonico.com\/portal\/wp-json\/wp\/v2\/posts\/20478\/revisions"}],"predecessor-version":[{"id":20480,"href":"https:\/\/www.elamazonico.com\/portal\/wp-json\/wp\/v2\/posts\/20478\/revisions\/20480"}],"wp:featuredmedia":[{"embeddable":true,"href":"https:\/\/www.elamazonico.com\/portal\/wp-json\/wp\/v2\/media\/20479"}],"wp:attachment":[{"href":"https:\/\/www.elamazonico.com\/portal\/wp-json\/wp\/v2\/media?parent=20478"}],"wp:term":[{"taxonomy":"category","embeddable":true,"href":"https:\/\/www.elamazonico.com\/portal\/wp-json\/wp\/v2\/categories?post=20478"},{"taxonomy":"post_tag","embeddable":true,"href":"https:\/\/www.elamazonico.com\/portal\/wp-json\/wp\/v2\/tags?post=20478"}],"curies":[{"name":"wp","href":"https:\/\/api.w.org\/{rel}","templated":true}]}}