{"id":20474,"date":"2024-12-04T07:02:30","date_gmt":"2024-12-04T12:02:30","guid":{"rendered":"https:\/\/www.elamazonico.com\/portal\/?p=20474"},"modified":"2024-12-04T07:05:15","modified_gmt":"2024-12-04T12:05:15","slug":"lo-que-se-sabe-del-secuestro-del-futbolista-pedro-pablo-perlaza-en-esmeraldas-policia-se-pronuncia","status":"publish","type":"post","link":"https:\/\/www.elamazonico.com\/portal\/lo-que-se-sabe-del-secuestro-del-futbolista-pedro-pablo-perlaza-en-esmeraldas-policia-se-pronuncia\/","title":{"rendered":"Lo que se sabe del secuestro del futbolista Pedro Pablo Perlaza en Esmeraldas; Polic\u00eda se pronuncia"},"content":{"rendered":"<p class=\"p_0\">El secuestro del futbolista ecuatoriano\u00a0<b>Pedro Pablo Perlaza<\/b>, ocurrido este lunes 2 de diciembre en\u00a0<b>Esmeraldas<\/b>, ha generado\u00a0<a href=\"https:\/\/www.vistazo.com\/actualidad\/nacional\/2024-3-12-snai-incidentes-presos-penitenciaria-litoral-heridas-DY8414720\" target=\"_blank\" rel=\"noopener noreferrer\">conmoci\u00f3n<\/a>\u00a0en el pa\u00eds. El deportista fue raptado en circunstancias que a\u00fan est\u00e1n siendo investigadas por la\u00a0<b>Polic\u00eda Nacional<\/b>, que ya ha emitido un pronunciamiento oficial sobre el caso.<\/p>\n<p class=\"p_2\">Seg\u00fan la\u00a0<b>denuncia<\/b>\u00a0de los familiares de Perlaza, quien jug\u00f3 hasta septiembre pasado en el Delf\u00edn, el rapto se produjo la noche del lunes en la zona conocida como 5 de Junio, del cant\u00f3n Tonsupa, en Esmeraldas.<\/p>\n<p class=\"p_3\">\u00abEl caso ya est\u00e1 en manos de la unidad\u00a0<b>antisecuestros<\/b>\u00a0de la Polic\u00eda, que recibi\u00f3 la llamada de la familia de Perlaza\u00bb, quienes han indicado que \u00abel jugador fue interceptado por un motorizado en las calles Malec\u00f3n y Manuela Ca\u00f1izares y subido por la fuerza a un veh\u00edculo\u00bb, seg\u00fan una versi\u00f3n publicada por la revista &#8216;Estadio&#8217; en su portal web.<\/p>\n<div>\n<div class=\"trv-player-container\">\n<div class=\"trv-wrapper\">\n<div id=\"br_video_player_bc8558a5b345e7126057537347c46c5a7a4d6079\" class=\"trvd_video_player trvdfloater trv-right\">\n<div class=\"media-player\">\n<div class=\"trv-video\">\n<div id=\"truvid_ima_container80790\" class=\"truvid_ima_container\">Cerca de las 17h00 de este martes, la instituci\u00f3n policial emiti\u00f3 un comunicado, mediante el cual se refiri\u00f3 a la \u00abpresunta <b>desaparici\u00f3n<\/b>\u00a0involuntaria de los ciudadanos Pedro P. y Juan M. en Esmeraldas\u00bb.<\/div>\n<\/div>\n<\/div>\n<\/div>\n<\/div>\n<\/div>\n<\/div>\n<p class=\"p_5\">Se inform\u00f3 que, tras la presentaci\u00f3n de la respectiva denuncia por parte de sus familiares, la Polic\u00eda inici\u00f3 de manera\u00a0<b>inmediata<\/b>\u00a0las labores investigativas y operativas alrededor de este hecho.<\/p>\n<p class=\"p_6\">El defensa derecho de 33 a\u00f1os ha jugado en clubes como Delf\u00edn, Liga de Quito, Independiente del Valle, Aucas y el Barcelona, entre otros equipos locales, y tuvo un paso ef\u00edmero por la\u00a0<b>selecci\u00f3n<\/b>\u00a0ecuatoriana en 2022.<\/p>\n<div id=\"Center2\" class=\"centervist\" data-google-query-id=\"CO62mMSIjooDFSf_lAkdQHQEHQ\">\n<div id=\"google_ads_iframe_\/21839199781\/Vistazo\/Vistazo_Center2_0__container__\"><\/div>\n<\/div>\n<p class=\"p_7\">&#8216;<b>La Liza<\/b>&#8216; Perlaza, como tambi\u00e9n es conocido el jugador, alcanz\u00f3 t\u00edtulos de la Liga Pro ecuatoriana con Delf\u00edn (2019), Liga de Quito (2021) y el Aucas (2022).<\/p>\n<p class=\"p_8\">Este hecho se sum\u00f3 a la oleada de secuestros, extorsiones y asesinatos que se denuncian a diario en Ecuador, que desde hace unos cuatro a\u00f1os sufre una arremetida de la violencia en calles y c\u00e1rceles.<\/p>\n<p class=\"p_9\">Desde inicios de 2024, el presidente\u00a0<b>Daniel Noboa<\/b>\u00a0elev\u00f3 la lucha contra el crimen organizado a la categor\u00eda de \u00abconflicto armado interno\u00bb, con lo que pas\u00f3 a catalogar a las bandas de delincuencia organizada como grupos terroristas.<\/p>\n<p class=\"p_10\">Tambi\u00e9n en este a\u00f1o ha emitido cerca de una decena de estados de excepci\u00f3n con acciones como la militarizaci\u00f3n de las c\u00e1rceles, controladas por estructuras criminales, para intentar poner freno a la violencia.<\/p>\n<p class=\"p_11\">Si bien el Gobierno ha reportado una disminuci\u00f3n del 17 por ciento en el n\u00famero de homicidios a nivel nacional, respecto a la explosi\u00f3n de asesinatos que se registr\u00f3 en 2023, las denuncias de extorsiones, secuestros y asesinatos se siguen presentando a diario en el pa\u00eds. Fuente: Vistazo<\/p>\n","protected":false},"excerpt":{"rendered":"<p>El secuestro del futbolista ecuatoriano\u00a0Pedro Pablo Perlaza, ocurrido este lunes 2 de diciembre en\u00a0Esmeraldas, ha generado\u00a0conmoci\u00f3n\u00a0en el pa\u00eds. El deportista fue raptado en circunstancias que a\u00fan est\u00e1n siendo investigadas por la\u00a0Polic\u00eda Nacional, que ya ha emitido un pronunciamiento oficial sobre el caso. Seg\u00fan la\u00a0denuncia\u00a0de los familiares de Perlaza, quien jug\u00f3 hasta septiembre pasado en el Delf\u00edn, el rapto se produjo la noche del lunes en la zona conocida como 5 de Junio, del cant\u00f3n Tonsupa, en Esmeraldas. \u00abEl caso ya est\u00e1 en manos de la unidad\u00a0antisecuestros\u00a0de la Polic\u00eda, que recibi\u00f3 la llamada de la familia de Perlaza\u00bb, quienes han indicado que \u00abel jugador fue interceptado por un motorizado en las calles Malec\u00f3n y Manuela Ca\u00f1izares y subido por la fuerza a un veh\u00edculo\u00bb, seg\u00fan una versi\u00f3n publicada por la revista &#8216;Estadio&#8217; en su portal web. Cerca de las 17h00 de este martes, la instituci\u00f3n policial emiti\u00f3 un comunicado, mediante el cual se refiri\u00f3 a la \u00abpresunta desaparici\u00f3n\u00a0involuntaria de los ciudadanos Pedro P. y Juan M. en Esmeraldas\u00bb. Se inform\u00f3 que, tras la presentaci\u00f3n de la respectiva denuncia por parte de sus familiares, la Polic\u00eda inici\u00f3 de manera\u00a0inmediata\u00a0las labores investigativas y operativas alrededor de este hecho. El defensa derecho de 33 a\u00f1os ha jugado en clubes como Delf\u00edn, Liga de Quito, Independiente del Valle, Aucas y el Barcelona, entre otros equipos locales, y tuvo un paso ef\u00edmero por la\u00a0selecci\u00f3n\u00a0ecuatoriana en 2022. &#8216;La Liza&#8216; Perlaza, como tambi\u00e9n es conocido el jugador, alcanz\u00f3 t\u00edtulos de la Liga Pro ecuatoriana con Delf\u00edn (2019), Liga de Quito (2021) y el Aucas (2022). Este hecho se sum\u00f3 a la oleada de secuestros, extorsiones y asesinatos que se denuncian a diario en Ecuador, que desde hace unos cuatro a\u00f1os sufre una arremetida de la violencia en calles y c\u00e1rceles. Desde inicios de 2024, el presidente\u00a0Daniel Noboa\u00a0elev\u00f3 la lucha contra el crimen organizado a la categor\u00eda de \u00abconflicto armado interno\u00bb, con lo que pas\u00f3 a catalogar a las bandas de delincuencia organizada como grupos terroristas. Tambi\u00e9n en este a\u00f1o ha emitido cerca de una decena de estados de excepci\u00f3n con acciones como la militarizaci\u00f3n de las c\u00e1rceles, controladas por estructuras criminales, para intentar poner freno a la violencia. Si bien el Gobierno ha reportado una disminuci\u00f3n del 17 por ciento en el n\u00famero de homicidios a nivel nacional, respecto a la explosi\u00f3n de asesinatos que se registr\u00f3 en 2023, las denuncias de extorsiones, secuestros y asesinatos se siguen presentando a diario en el pa\u00eds. Fuente: Vistazo<\/p>\n","protected":false},"author":1,"featured_media":20475,"comment_status":"open","ping_status":"open","sticky":false,"template":"","format":"standard","meta":{"footnotes":""},"categories":[6,268],"tags":[],"class_list":["post-20474","post","type-post","status-publish","format-standard","has-post-thumbnail","hentry","category-deportes","category-nacionales"],"_links":{"self":[{"href":"https:\/\/www.elamazonico.com\/portal\/wp-json\/wp\/v2\/posts\/20474","targetHints":{"allow":["GET"]}}],"collection":[{"href":"https:\/\/www.elamazonico.com\/portal\/wp-json\/wp\/v2\/posts"}],"about":[{"href":"https:\/\/www.elamazonico.com\/portal\/wp-json\/wp\/v2\/types\/post"}],"author":[{"embeddable":true,"href":"https:\/\/www.elamazonico.com\/portal\/wp-json\/wp\/v2\/users\/1"}],"replies":[{"embeddable":true,"href":"https:\/\/www.elamazonico.com\/portal\/wp-json\/wp\/v2\/comments?post=20474"}],"version-history":[{"count":2,"href":"https:\/\/www.elamazonico.com\/portal\/wp-json\/wp\/v2\/posts\/20474\/revisions"}],"predecessor-version":[{"id":20477,"href":"https:\/\/www.elamazonico.com\/portal\/wp-json\/wp\/v2\/posts\/20474\/revisions\/20477"}],"wp:featuredmedia":[{"embeddable":true,"href":"https:\/\/www.elamazonico.com\/portal\/wp-json\/wp\/v2\/media\/20475"}],"wp:attachment":[{"href":"https:\/\/www.elamazonico.com\/portal\/wp-json\/wp\/v2\/media?parent=20474"}],"wp:term":[{"taxonomy":"category","embeddable":true,"href":"https:\/\/www.elamazonico.com\/portal\/wp-json\/wp\/v2\/categories?post=20474"},{"taxonomy":"post_tag","embeddable":true,"href":"https:\/\/www.elamazonico.com\/portal\/wp-json\/wp\/v2\/tags?post=20474"}],"curies":[{"name":"wp","href":"https:\/\/api.w.org\/{rel}","templated":true}]}}