{"id":20468,"date":"2024-12-04T04:03:32","date_gmt":"2024-12-04T09:03:32","guid":{"rendered":"https:\/\/www.elamazonico.com\/portal\/?p=20468"},"modified":"2024-12-03T20:19:25","modified_gmt":"2024-12-04T01:19:25","slug":"acercamos-los-servicios-a-la-ciudadania-en-chicana","status":"publish","type":"post","link":"https:\/\/www.elamazonico.com\/portal\/acercamos-los-servicios-a-la-ciudadania-en-chicana\/","title":{"rendered":"Acercamos los Servicios a la Ciudadan\u00eda en Chica\u00f1a"},"content":{"rendered":"<p>El Ministerio de Inclusi\u00f3n Econ\u00f3mica y Social (MIES), en colaboraci\u00f3n con el Ministerio de Salud P\u00fablica (MSP), ha intensificado su compromiso con la atenci\u00f3n integral a la comunidad de la parroquia Chica\u00f1a. En el marco de las actividades desarrolladas en el Centro <strong>Creciendo con Nuestros Hijos (CNH)<\/strong>, se llevaron a cabo m\u00faltiples acciones destinadas a garantizar el bienestar de la poblaci\u00f3n.<\/p>\n<p><strong>Actividades ejecutadas<\/strong><br \/>\nDurante las jornadas, el personal especializado brind\u00f3 los siguientes servicios:<\/p>\n<ul>\n<li><strong>Atenci\u00f3n en Medicina General:<\/strong> Evaluaciones y seguimiento para garantizar la salud integral.<\/li>\n<li><strong>Atenci\u00f3n en Odontolog\u00eda:<\/strong> Revisi\u00f3n y tratamientos preventivos para el cuidado bucal.<\/li>\n<li><strong>Control de peso y talla:<\/strong> Monitoreo del crecimiento saludable de ni\u00f1os y ni\u00f1as.<\/li>\n<li><strong>Prevenci\u00f3n y control de anemia:<\/strong> Diagn\u00f3stico temprano y medidas de prevenci\u00f3n para combatir esta condici\u00f3n.<\/li>\n<li><strong>Campa\u00f1a de vacunaci\u00f3n contra la influenza:<\/strong> Refuerzo de la inmunizaci\u00f3n para prevenir enfermedades estacionales.<\/li>\n<\/ul>\n<p><strong>Impacto en la comunidad<\/strong><br \/>\nEstas iniciativas reflejan el compromiso de las instituciones con la mejora de la calidad de vida de los ciudadanos, facilitando el acceso a servicios esenciales y promoviendo una cultura de prevenci\u00f3n en salud.<\/p>\n<p><strong>Compromiso institucional<\/strong><br \/>\nEl trabajo conjunto del MIES y el MSP reafirma la importancia de la articulaci\u00f3n entre entidades p\u00fablicas para acercar servicios a las comunidades m\u00e1s necesitadas, promoviendo el desarrollo humano y el bienestar integral.<\/p>\n<p>Para m\u00e1s informaci\u00f3n sobre futuras actividades, la ciudadan\u00eda puede acercarse al Centro CNH en Chica\u00f1a o contactar a las oficinas locales del MIES y MSP.<\/p>\n<p><strong>Ministerio de Inclusi\u00f3n Econ\u00f3mica y Social y Ministerio de Salud P\u00fablica: Trabajando por un Ecuador m\u00e1s saludable y equitativo.<\/strong><\/p>\n","protected":false},"excerpt":{"rendered":"<p>El Ministerio de Inclusi\u00f3n Econ\u00f3mica y Social (MIES), en colaboraci\u00f3n con el Ministerio de Salud P\u00fablica (MSP), ha intensificado su compromiso con la atenci\u00f3n integral a la comunidad de la parroquia Chica\u00f1a. En el marco de las actividades desarrolladas en el Centro Creciendo con Nuestros Hijos (CNH), se llevaron a cabo m\u00faltiples acciones destinadas a garantizar el bienestar de la poblaci\u00f3n. Actividades ejecutadas Durante las jornadas, el personal especializado brind\u00f3 los siguientes servicios: Atenci\u00f3n en Medicina General: Evaluaciones y seguimiento para garantizar la salud integral. Atenci\u00f3n en Odontolog\u00eda: Revisi\u00f3n y tratamientos preventivos para el cuidado bucal. Control de peso y talla: Monitoreo del crecimiento saludable de ni\u00f1os y ni\u00f1as. Prevenci\u00f3n y control de anemia: Diagn\u00f3stico temprano y medidas de prevenci\u00f3n para combatir esta condici\u00f3n. Campa\u00f1a de vacunaci\u00f3n contra la influenza: Refuerzo de la inmunizaci\u00f3n para prevenir enfermedades estacionales. Impacto en la comunidad Estas iniciativas reflejan el compromiso de las instituciones con la mejora de la calidad de vida de los ciudadanos, facilitando el acceso a servicios esenciales y promoviendo una cultura de prevenci\u00f3n en salud. Compromiso institucional El trabajo conjunto del MIES y el MSP reafirma la importancia de la articulaci\u00f3n entre entidades p\u00fablicas para acercar servicios a las comunidades m\u00e1s necesitadas, promoviendo el desarrollo humano y el bienestar integral. Para m\u00e1s informaci\u00f3n sobre futuras actividades, la ciudadan\u00eda puede acercarse al Centro CNH en Chica\u00f1a o contactar a las oficinas locales del MIES y MSP. Ministerio de Inclusi\u00f3n Econ\u00f3mica y Social y Ministerio de Salud P\u00fablica: Trabajando por un Ecuador m\u00e1s saludable y equitativo.<\/p>\n","protected":false},"author":1,"featured_media":20469,"comment_status":"open","ping_status":"open","sticky":false,"template":"","format":"standard","meta":{"footnotes":""},"categories":[243],"tags":[],"class_list":["post-20468","post","type-post","status-publish","format-standard","has-post-thumbnail","hentry","category-noticias-zamora"],"_links":{"self":[{"href":"https:\/\/www.elamazonico.com\/portal\/wp-json\/wp\/v2\/posts\/20468","targetHints":{"allow":["GET"]}}],"collection":[{"href":"https:\/\/www.elamazonico.com\/portal\/wp-json\/wp\/v2\/posts"}],"about":[{"href":"https:\/\/www.elamazonico.com\/portal\/wp-json\/wp\/v2\/types\/post"}],"author":[{"embeddable":true,"href":"https:\/\/www.elamazonico.com\/portal\/wp-json\/wp\/v2\/users\/1"}],"replies":[{"embeddable":true,"href":"https:\/\/www.elamazonico.com\/portal\/wp-json\/wp\/v2\/comments?post=20468"}],"version-history":[{"count":1,"href":"https:\/\/www.elamazonico.com\/portal\/wp-json\/wp\/v2\/posts\/20468\/revisions"}],"predecessor-version":[{"id":20470,"href":"https:\/\/www.elamazonico.com\/portal\/wp-json\/wp\/v2\/posts\/20468\/revisions\/20470"}],"wp:featuredmedia":[{"embeddable":true,"href":"https:\/\/www.elamazonico.com\/portal\/wp-json\/wp\/v2\/media\/20469"}],"wp:attachment":[{"href":"https:\/\/www.elamazonico.com\/portal\/wp-json\/wp\/v2\/media?parent=20468"}],"wp:term":[{"taxonomy":"category","embeddable":true,"href":"https:\/\/www.elamazonico.com\/portal\/wp-json\/wp\/v2\/categories?post=20468"},{"taxonomy":"post_tag","embeddable":true,"href":"https:\/\/www.elamazonico.com\/portal\/wp-json\/wp\/v2\/tags?post=20468"}],"curies":[{"name":"wp","href":"https:\/\/api.w.org\/{rel}","templated":true}]}}