{"id":20451,"date":"2024-12-04T04:04:11","date_gmt":"2024-12-04T09:04:11","guid":{"rendered":"https:\/\/www.elamazonico.com\/portal\/?p=20451"},"modified":"2024-12-03T11:38:29","modified_gmt":"2024-12-03T16:38:29","slug":"la-unidad-educativa-la-inmaculada-celebra-88-anos-de-vida-institucional","status":"publish","type":"post","link":"https:\/\/www.elamazonico.com\/portal\/la-unidad-educativa-la-inmaculada-celebra-88-anos-de-vida-institucional\/","title":{"rendered":"La Unidad Educativa \u201cLa Inmaculada\u201d celebra 88 a\u00f1os de vida institucional"},"content":{"rendered":"<p>La Unidad Educativa \u201cLa Inmaculada\u201d, al servicio de la comunidad zamorana, inici\u00f3 este 2 de diciembre las festividades en honor a su patrona, la Virgen Inmaculada, y conmemoraci\u00f3n de sus 88 a\u00f1os de existencia. Este aniversario refleja la dedicaci\u00f3n de una instituci\u00f3n que ha formado a generaciones con valores, educaci\u00f3n y fe.<\/p>\n<p>La directora de la instituci\u00f3n, Beatriz Bonette, expres\u00f3 su agradecimiento a Dios por la protecci\u00f3n y gu\u00eda de la Virgen Inmaculada, invitando a toda la comunidad a participar en los actos programados:<\/p>\n<p>Lunes, 2 de diciembre: Inicio de las festividades con un preg\u00f3n desde las 17:00, acompa\u00f1ados por estudiantes, padres de familia y docentes. Posteriormente, se llevaron a cabo encuentros deportivos con la participaci\u00f3n de la escuela hermana \u00abAmazonas\u00bb. Las actividades incluyeron partidos de ni\u00f1os, ni\u00f1as y adultos, promoviendo la integraci\u00f3n y el esp\u00edritu deportivo.<br \/>\nMartes, 3 de diciembre: Festival de gimnasia r\u00edtmica y presentaciones coreogr\u00e1ficas desde las 08:00, con la participaci\u00f3n de todos los paralelos.<br \/>\nMi\u00e9rcoles, 4 de diciembre: Festival de dramatizaciones en honor a la Virgen Mar\u00eda, destacando la creatividad y habilidades art\u00edsticas de los estudiantes.<br \/>\nJueves, 5 de diciembre: Festival de poes\u00eda dedicado a la Virgen Inmaculada.<br \/>\nViernes, 6 de diciembre: Clausura de las festividades con una santa eucarist\u00eda y una sesi\u00f3n solemne en homenaje al 88\u00b0 aniversario de la instituci\u00f3n.<br \/>\nV\u00edctor Hugo Palacios, subdirector de la Unidad Educativa, resalt\u00f3 la importancia de la comunidad educativa, conformada por padres de familia, estudiantes y docentes. Con 798 estudiantes matriculados desde educaci\u00f3n inicial hasta s\u00e9ptimo grado, la instituci\u00f3n se enorgullece de ofrecer formaci\u00f3n integral en sus tres paralelos por nivel.<\/p>\n<p>Adem\u00e1s, la historia de \u00abLa Inmaculada\u00bb est\u00e1 marcada por el paso de distinguidos exalumnos y docentes que han contribuido al desarrollo de Zamora Chinchipe. En este aniversario, se invita a la comunidad, exalumnos y autoridades a sumarse a las actividades y a celebrar las habilidades art\u00edsticas, deportivas y culturales desarrolladas por los estudiantes.<\/p>\n","protected":false},"excerpt":{"rendered":"<p>La Unidad Educativa \u201cLa Inmaculada\u201d, al servicio de la comunidad zamorana, inici\u00f3 este 2 de diciembre las festividades en honor a su patrona, la Virgen Inmaculada, y conmemoraci\u00f3n de sus 88 a\u00f1os de existencia. Este aniversario refleja la dedicaci\u00f3n de una instituci\u00f3n que ha formado a generaciones con valores, educaci\u00f3n y fe. La directora de la instituci\u00f3n, Beatriz Bonette, expres\u00f3 su agradecimiento a Dios por la protecci\u00f3n y gu\u00eda de la Virgen Inmaculada, invitando a toda la comunidad a participar en los actos programados: Lunes, 2 de diciembre: Inicio de las festividades con un preg\u00f3n desde las 17:00, acompa\u00f1ados por estudiantes, padres de familia y docentes. Posteriormente, se llevaron a cabo encuentros deportivos con la participaci\u00f3n de la escuela hermana \u00abAmazonas\u00bb. Las actividades incluyeron partidos de ni\u00f1os, ni\u00f1as y adultos, promoviendo la integraci\u00f3n y el esp\u00edritu deportivo. Martes, 3 de diciembre: Festival de gimnasia r\u00edtmica y presentaciones coreogr\u00e1ficas desde las 08:00, con la participaci\u00f3n de todos los paralelos. Mi\u00e9rcoles, 4 de diciembre: Festival de dramatizaciones en honor a la Virgen Mar\u00eda, destacando la creatividad y habilidades art\u00edsticas de los estudiantes. Jueves, 5 de diciembre: Festival de poes\u00eda dedicado a la Virgen Inmaculada. Viernes, 6 de diciembre: Clausura de las festividades con una santa eucarist\u00eda y una sesi\u00f3n solemne en homenaje al 88\u00b0 aniversario de la instituci\u00f3n. V\u00edctor Hugo Palacios, subdirector de la Unidad Educativa, resalt\u00f3 la importancia de la comunidad educativa, conformada por padres de familia, estudiantes y docentes. Con 798 estudiantes matriculados desde educaci\u00f3n inicial hasta s\u00e9ptimo grado, la instituci\u00f3n se enorgullece de ofrecer formaci\u00f3n integral en sus tres paralelos por nivel. Adem\u00e1s, la historia de \u00abLa Inmaculada\u00bb est\u00e1 marcada por el paso de distinguidos exalumnos y docentes que han contribuido al desarrollo de Zamora Chinchipe. En este aniversario, se invita a la comunidad, exalumnos y autoridades a sumarse a las actividades y a celebrar las habilidades art\u00edsticas, deportivas y culturales desarrolladas por los estudiantes.<\/p>\n","protected":false},"author":1,"featured_media":20452,"comment_status":"open","ping_status":"open","sticky":false,"template":"","format":"standard","meta":{"footnotes":""},"categories":[243],"tags":[],"class_list":["post-20451","post","type-post","status-publish","format-standard","has-post-thumbnail","hentry","category-noticias-zamora"],"_links":{"self":[{"href":"https:\/\/www.elamazonico.com\/portal\/wp-json\/wp\/v2\/posts\/20451","targetHints":{"allow":["GET"]}}],"collection":[{"href":"https:\/\/www.elamazonico.com\/portal\/wp-json\/wp\/v2\/posts"}],"about":[{"href":"https:\/\/www.elamazonico.com\/portal\/wp-json\/wp\/v2\/types\/post"}],"author":[{"embeddable":true,"href":"https:\/\/www.elamazonico.com\/portal\/wp-json\/wp\/v2\/users\/1"}],"replies":[{"embeddable":true,"href":"https:\/\/www.elamazonico.com\/portal\/wp-json\/wp\/v2\/comments?post=20451"}],"version-history":[{"count":1,"href":"https:\/\/www.elamazonico.com\/portal\/wp-json\/wp\/v2\/posts\/20451\/revisions"}],"predecessor-version":[{"id":20453,"href":"https:\/\/www.elamazonico.com\/portal\/wp-json\/wp\/v2\/posts\/20451\/revisions\/20453"}],"wp:featuredmedia":[{"embeddable":true,"href":"https:\/\/www.elamazonico.com\/portal\/wp-json\/wp\/v2\/media\/20452"}],"wp:attachment":[{"href":"https:\/\/www.elamazonico.com\/portal\/wp-json\/wp\/v2\/media?parent=20451"}],"wp:term":[{"taxonomy":"category","embeddable":true,"href":"https:\/\/www.elamazonico.com\/portal\/wp-json\/wp\/v2\/categories?post=20451"},{"taxonomy":"post_tag","embeddable":true,"href":"https:\/\/www.elamazonico.com\/portal\/wp-json\/wp\/v2\/tags?post=20451"}],"curies":[{"name":"wp","href":"https:\/\/api.w.org\/{rel}","templated":true}]}}