{"id":20427,"date":"2024-12-03T04:02:51","date_gmt":"2024-12-03T09:02:51","guid":{"rendered":"https:\/\/www.elamazonico.com\/portal\/?p=20427"},"modified":"2024-12-03T08:25:39","modified_gmt":"2024-12-03T13:25:39","slug":"palanda-resalta-su-identidad-y-compromiso-en-su-aniversario-de-cantonizacion","status":"publish","type":"post","link":"https:\/\/www.elamazonico.com\/portal\/palanda-resalta-su-identidad-y-compromiso-en-su-aniversario-de-cantonizacion\/","title":{"rendered":"Palanda resalta su identidad y compromiso en su aniversario de cantonizaci\u00f3n"},"content":{"rendered":"<h3><strong>Celebraci\u00f3n de los 27 A\u00f1os de Cantonizaci\u00f3n de Palanda<\/strong><\/h3>\n<p>El cant\u00f3n Palanda celebr\u00f3 con entusiasmo sus 27 a\u00f1os de vida pol\u00edtica, consolid\u00e1ndose como un referente cultural y social en este sector del pa\u00eds. El pasado viernes 29 de noviembre de 2024, el tradicional preg\u00f3n marc\u00f3 el inicio de las festividades, recorriendo las principales calles de la cabecera cantonal. Este evento vibrante cont\u00f3 con la activa participaci\u00f3n de establecimientos educativos, instituciones p\u00fablicas y privadas, autoridades locales y las candidatas a Reina del Cant\u00f3n.<\/p>\n<p>El desfile, cargado de expresiones culturales como danzas, comparsas y carros aleg\u00f3ricos, destac\u00f3 la riqueza cultural del cant\u00f3n y su reconocimiento como la \u00abCuna del Origen del Cacao\u00bb. Se premiaron los mejores carros aleg\u00f3ricos en una emotiva ceremonia, con los siguientes resultados:<\/p>\n<ul>\n<li><strong>Primer lugar:<\/strong> San Francisco del Vergel.<\/li>\n<li><strong>Segundo lugar:<\/strong> Valladolid.<\/li>\n<li><strong>Tercer lugar:<\/strong> Palanda.<\/li>\n<\/ul>\n<p>El domingo 1 de diciembre, la feria agropecuaria brind\u00f3 un espacio para fortalecer la econom\u00eda local, destacando la producci\u00f3n agr\u00edcola. Finalmente, el lunes 2 de diciembre, el desfile c\u00edvico y la sesi\u00f3n solemne reflejaron el compromiso ciudadano con el progreso del cant\u00f3n.<\/p>\n<p>Durante su discurso, el alcalde de Palanda destac\u00f3 el esfuerzo de sus habitantes en construir un futuro prometedor. Adem\u00e1s, reafirm\u00f3 su compromiso de gestionar recursos para ejecutar obras que impulsen el desarrollo en todos los sectores del cant\u00f3n.<\/p>\n<p>Estas festividades no solo enaltecen la identidad cultural de Palanda, sino que tambi\u00e9n fomentan la integraci\u00f3n social y fortalecen los valores de cooperaci\u00f3n y solidaridad, fundamentales para el desarrollo sostenible de la comunidad.<\/p>\n<p><strong>\u00a1Felices 27 a\u00f1os, Palanda!<\/strong><\/p>\n","protected":false},"excerpt":{"rendered":"<p>Celebraci\u00f3n de los 27 A\u00f1os de Cantonizaci\u00f3n de Palanda El cant\u00f3n Palanda celebr\u00f3 con entusiasmo sus 27 a\u00f1os de vida pol\u00edtica, consolid\u00e1ndose como un referente cultural y social en este sector del pa\u00eds. El pasado viernes 29 de noviembre de 2024, el tradicional preg\u00f3n marc\u00f3 el inicio de las festividades, recorriendo las principales calles de la cabecera cantonal. Este evento vibrante cont\u00f3 con la activa participaci\u00f3n de establecimientos educativos, instituciones p\u00fablicas y privadas, autoridades locales y las candidatas a Reina del Cant\u00f3n. El desfile, cargado de expresiones culturales como danzas, comparsas y carros aleg\u00f3ricos, destac\u00f3 la riqueza cultural del cant\u00f3n y su reconocimiento como la \u00abCuna del Origen del Cacao\u00bb. Se premiaron los mejores carros aleg\u00f3ricos en una emotiva ceremonia, con los siguientes resultados: Primer lugar: San Francisco del Vergel. Segundo lugar: Valladolid. Tercer lugar: Palanda. El domingo 1 de diciembre, la feria agropecuaria brind\u00f3 un espacio para fortalecer la econom\u00eda local, destacando la producci\u00f3n agr\u00edcola. Finalmente, el lunes 2 de diciembre, el desfile c\u00edvico y la sesi\u00f3n solemne reflejaron el compromiso ciudadano con el progreso del cant\u00f3n. Durante su discurso, el alcalde de Palanda destac\u00f3 el esfuerzo de sus habitantes en construir un futuro prometedor. Adem\u00e1s, reafirm\u00f3 su compromiso de gestionar recursos para ejecutar obras que impulsen el desarrollo en todos los sectores del cant\u00f3n. Estas festividades no solo enaltecen la identidad cultural de Palanda, sino que tambi\u00e9n fomentan la integraci\u00f3n social y fortalecen los valores de cooperaci\u00f3n y solidaridad, fundamentales para el desarrollo sostenible de la comunidad. \u00a1Felices 27 a\u00f1os, Palanda!<\/p>\n","protected":false},"author":1,"featured_media":20428,"comment_status":"open","ping_status":"open","sticky":false,"template":"","format":"standard","meta":{"footnotes":""},"categories":[243],"tags":[],"class_list":["post-20427","post","type-post","status-publish","format-standard","has-post-thumbnail","hentry","category-noticias-zamora"],"_links":{"self":[{"href":"https:\/\/www.elamazonico.com\/portal\/wp-json\/wp\/v2\/posts\/20427","targetHints":{"allow":["GET"]}}],"collection":[{"href":"https:\/\/www.elamazonico.com\/portal\/wp-json\/wp\/v2\/posts"}],"about":[{"href":"https:\/\/www.elamazonico.com\/portal\/wp-json\/wp\/v2\/types\/post"}],"author":[{"embeddable":true,"href":"https:\/\/www.elamazonico.com\/portal\/wp-json\/wp\/v2\/users\/1"}],"replies":[{"embeddable":true,"href":"https:\/\/www.elamazonico.com\/portal\/wp-json\/wp\/v2\/comments?post=20427"}],"version-history":[{"count":3,"href":"https:\/\/www.elamazonico.com\/portal\/wp-json\/wp\/v2\/posts\/20427\/revisions"}],"predecessor-version":[{"id":20438,"href":"https:\/\/www.elamazonico.com\/portal\/wp-json\/wp\/v2\/posts\/20427\/revisions\/20438"}],"wp:featuredmedia":[{"embeddable":true,"href":"https:\/\/www.elamazonico.com\/portal\/wp-json\/wp\/v2\/media\/20428"}],"wp:attachment":[{"href":"https:\/\/www.elamazonico.com\/portal\/wp-json\/wp\/v2\/media?parent=20427"}],"wp:term":[{"taxonomy":"category","embeddable":true,"href":"https:\/\/www.elamazonico.com\/portal\/wp-json\/wp\/v2\/categories?post=20427"},{"taxonomy":"post_tag","embeddable":true,"href":"https:\/\/www.elamazonico.com\/portal\/wp-json\/wp\/v2\/tags?post=20427"}],"curies":[{"name":"wp","href":"https:\/\/api.w.org\/{rel}","templated":true}]}}