{"id":20424,"date":"2024-12-03T04:00:02","date_gmt":"2024-12-03T09:00:02","guid":{"rendered":"https:\/\/www.elamazonico.com\/portal\/?p=20424"},"modified":"2024-12-02T19:11:47","modified_gmt":"2024-12-03T00:11:47","slug":"barrio-las-chontas-eligio-nueva-directiva-y-reafirma-su-compromiso-con-el-desarrollo-local","status":"publish","type":"post","link":"https:\/\/www.elamazonico.com\/portal\/barrio-las-chontas-eligio-nueva-directiva-y-reafirma-su-compromiso-con-el-desarrollo-local\/","title":{"rendered":"Barrio Las Chontas Eligi\u00f3 Nueva Directiva y Reafirma su Compromiso con el Desarrollo Local"},"content":{"rendered":"<p>El barrio Las Chontas eligi\u00f3 a su nueva directiva para el per\u00edodo 2024, en un acto que reafirma la unidad y el compromiso de su comunidad. La directiva qued\u00f3 conformada de la siguiente manera: Presidente: Tito Cruz, Vicepresidenta: Ruth Ancuasha, Secretaria: Sandra Villalta, Tesorera: Jenny Zamare\u00f1o.<br \/>\nEn su intervenci\u00f3n, el presidente electo, Tito Cruz, expres\u00f3 su agradecimiento a los habitantes por la confianza depositada en su liderazgo y destac\u00f3 los retos y oportunidades que enfrenta la comunidad.<\/p>\n<p>\u201cLa confianza de la sociedad es un compromiso que debemos devolver con trabajo, sacrificio y amor para sacar adelante nuestro barrio y, especialmente, nuestro festival, que es nuestra insignia y lo que nos caracteriza como comunidad\u201d, afirm\u00f3 Cruz.<\/p>\n<p><strong>Fortalecimiento del Festival Las Chontas<\/strong><br \/>\nEl Festival Las Chontas, un evento cultural que naci\u00f3 del esfuerzo conjunto de los habitantes, se ha convertido en una tradici\u00f3n que resalta la riqueza cultural y ancestral del barrio. Seg\u00fan Tito Cruz, este festival no solo rinde homenaje a la chonta, un producto de gran valor para las culturas locales, sino que tambi\u00e9n busca unir diferentes tradiciones y promover la identidad del barrio.<\/p>\n<p>El festival, que se desarrolla entre abril y junio, depende de la disponibilidad natural de frutas ex\u00f3ticas como el i\u00f1aco, la uva del monte y la chonta, lo que le da un car\u00e1cter aut\u00e9ntico y \u00fanico.<\/p>\n<p>\u201cEl festival naci\u00f3 de la idea de los moradores, inspirados en las riquezas ancestrales de nuestro entorno. Es un espacio que mezcla culturas y fomenta la unidad\u201d, explic\u00f3 el presidente.<\/p>\n<p><strong>Proyectos y Desaf\u00edos para el Nuevo Periodo<\/strong><br \/>\nLa nueva directiva tiene como prioridad gestionar mejoras en la infraestructura del barrio, incluyendo la ampliaci\u00f3n y asfaltado de la v\u00eda de acceso, una necesidad urgente para facilitar la participaci\u00f3n en el festival y otras actividades. Adem\u00e1s, se plantea la construcci\u00f3n de una cubierta en el \u00e1rea donde se realiza el evento.<\/p>\n<p>Cruz hizo un llamado a las autoridades locales y provinciales para que apoyen estas iniciativas. Subray\u00f3 que se han presentado proyectos y solicitudes, y conf\u00eda en que se les dar\u00e1 la importancia que merecen.<\/p>\n<p>\u201cEl desarrollo debe comenzar de abajo hacia arriba. Necesitamos v\u00edas de calidad para atraer oportunidades y seguir creciendo como comunidad\u201d, a\u00f1adi\u00f3.<\/p>\n<p><strong>Compromiso con el Futuro del Barrio<\/strong><br \/>\nLa directiva reafirma su disposici\u00f3n de trabajar junto a las autoridades y realizar cr\u00edticas constructivas cuando sea necesario, con el objetivo de lograr un desarrollo sostenible. Tito Cruz enfatiz\u00f3 que el barrio Las Chontas es un lugar con gran potencial y exhort\u00f3 a las autoridades a cumplir con los compromisos asumidos para el beneficio de la comunidad.<\/p>\n<p>Barrio Las Chontas, un ejemplo de trabajo comunitario, tradici\u00f3n y visi\u00f3n hacia el desarrollo integral.<\/p>\n","protected":false},"excerpt":{"rendered":"<p>El barrio Las Chontas eligi\u00f3 a su nueva directiva para el per\u00edodo 2024, en un acto que reafirma la unidad y el compromiso de su comunidad. La directiva qued\u00f3 conformada de la siguiente manera: Presidente: Tito Cruz, Vicepresidenta: Ruth Ancuasha, Secretaria: Sandra Villalta, Tesorera: Jenny Zamare\u00f1o. En su intervenci\u00f3n, el presidente electo, Tito Cruz, expres\u00f3 su agradecimiento a los habitantes por la confianza depositada en su liderazgo y destac\u00f3 los retos y oportunidades que enfrenta la comunidad. \u201cLa confianza de la sociedad es un compromiso que debemos devolver con trabajo, sacrificio y amor para sacar adelante nuestro barrio y, especialmente, nuestro festival, que es nuestra insignia y lo que nos caracteriza como comunidad\u201d, afirm\u00f3 Cruz. Fortalecimiento del Festival Las Chontas El Festival Las Chontas, un evento cultural que naci\u00f3 del esfuerzo conjunto de los habitantes, se ha convertido en una tradici\u00f3n que resalta la riqueza cultural y ancestral del barrio. Seg\u00fan Tito Cruz, este festival no solo rinde homenaje a la chonta, un producto de gran valor para las culturas locales, sino que tambi\u00e9n busca unir diferentes tradiciones y promover la identidad del barrio. El festival, que se desarrolla entre abril y junio, depende de la disponibilidad natural de frutas ex\u00f3ticas como el i\u00f1aco, la uva del monte y la chonta, lo que le da un car\u00e1cter aut\u00e9ntico y \u00fanico. \u201cEl festival naci\u00f3 de la idea de los moradores, inspirados en las riquezas ancestrales de nuestro entorno. Es un espacio que mezcla culturas y fomenta la unidad\u201d, explic\u00f3 el presidente. Proyectos y Desaf\u00edos para el Nuevo Periodo La nueva directiva tiene como prioridad gestionar mejoras en la infraestructura del barrio, incluyendo la ampliaci\u00f3n y asfaltado de la v\u00eda de acceso, una necesidad urgente para facilitar la participaci\u00f3n en el festival y otras actividades. Adem\u00e1s, se plantea la construcci\u00f3n de una cubierta en el \u00e1rea donde se realiza el evento. Cruz hizo un llamado a las autoridades locales y provinciales para que apoyen estas iniciativas. Subray\u00f3 que se han presentado proyectos y solicitudes, y conf\u00eda en que se les dar\u00e1 la importancia que merecen. \u201cEl desarrollo debe comenzar de abajo hacia arriba. Necesitamos v\u00edas de calidad para atraer oportunidades y seguir creciendo como comunidad\u201d, a\u00f1adi\u00f3. Compromiso con el Futuro del Barrio La directiva reafirma su disposici\u00f3n de trabajar junto a las autoridades y realizar cr\u00edticas constructivas cuando sea necesario, con el objetivo de lograr un desarrollo sostenible. Tito Cruz enfatiz\u00f3 que el barrio Las Chontas es un lugar con gran potencial y exhort\u00f3 a las autoridades a cumplir con los compromisos asumidos para el beneficio de la comunidad. Barrio Las Chontas, un ejemplo de trabajo comunitario, tradici\u00f3n y visi\u00f3n hacia el desarrollo integral.<\/p>\n","protected":false},"author":1,"featured_media":20425,"comment_status":"open","ping_status":"open","sticky":false,"template":"","format":"standard","meta":{"footnotes":""},"categories":[243],"tags":[],"class_list":["post-20424","post","type-post","status-publish","format-standard","has-post-thumbnail","hentry","category-noticias-zamora"],"_links":{"self":[{"href":"https:\/\/www.elamazonico.com\/portal\/wp-json\/wp\/v2\/posts\/20424","targetHints":{"allow":["GET"]}}],"collection":[{"href":"https:\/\/www.elamazonico.com\/portal\/wp-json\/wp\/v2\/posts"}],"about":[{"href":"https:\/\/www.elamazonico.com\/portal\/wp-json\/wp\/v2\/types\/post"}],"author":[{"embeddable":true,"href":"https:\/\/www.elamazonico.com\/portal\/wp-json\/wp\/v2\/users\/1"}],"replies":[{"embeddable":true,"href":"https:\/\/www.elamazonico.com\/portal\/wp-json\/wp\/v2\/comments?post=20424"}],"version-history":[{"count":1,"href":"https:\/\/www.elamazonico.com\/portal\/wp-json\/wp\/v2\/posts\/20424\/revisions"}],"predecessor-version":[{"id":20426,"href":"https:\/\/www.elamazonico.com\/portal\/wp-json\/wp\/v2\/posts\/20424\/revisions\/20426"}],"wp:featuredmedia":[{"embeddable":true,"href":"https:\/\/www.elamazonico.com\/portal\/wp-json\/wp\/v2\/media\/20425"}],"wp:attachment":[{"href":"https:\/\/www.elamazonico.com\/portal\/wp-json\/wp\/v2\/media?parent=20424"}],"wp:term":[{"taxonomy":"category","embeddable":true,"href":"https:\/\/www.elamazonico.com\/portal\/wp-json\/wp\/v2\/categories?post=20424"},{"taxonomy":"post_tag","embeddable":true,"href":"https:\/\/www.elamazonico.com\/portal\/wp-json\/wp\/v2\/tags?post=20424"}],"curies":[{"name":"wp","href":"https:\/\/api.w.org\/{rel}","templated":true}]}}