{"id":20394,"date":"2024-12-02T04:00:12","date_gmt":"2024-12-02T09:00:12","guid":{"rendered":"https:\/\/www.elamazonico.com\/portal\/?p=20394"},"modified":"2024-11-30T09:44:53","modified_gmt":"2024-11-30T14:44:53","slug":"estudiantes-de-la-u-e-primero-de-mayo-obtienen-el-segundo-lugar-en-feria-de-ciencia-y-tecnologia","status":"publish","type":"post","link":"https:\/\/www.elamazonico.com\/portal\/estudiantes-de-la-u-e-primero-de-mayo-obtienen-el-segundo-lugar-en-feria-de-ciencia-y-tecnologia\/","title":{"rendered":"Estudiantes de la U.E Primero de Mayo obtienen el segundo lugar en Feria de Ciencia y Tecnolog\u00eda"},"content":{"rendered":"<p>El pasado viernes 29 de noviembre de 2024, la Unidad Educativa Primero de Mayo celebr\u00f3 un importante logro acad\u00e9mico y cient\u00edfico. Un equipo conformado por las estudiantes <strong>Fernanda Chamba<\/strong> y <strong>Silvana Arizaga<\/strong>, del \u00e1rea T\u00e9cnica en Producci\u00f3n Agropecuaria, liderado por su docente, el Mag\u00edster <strong>Edgar Jim\u00e9nez<\/strong>, obtuvo el <strong>segundo lugar<\/strong> en la <strong>III Feria de Ciencia y Tecnolog\u00eda<\/strong>, realizada en la ciudad de Santa Rosa.<\/p>\n<p>Este reconocimiento evidencia el esfuerzo, la creatividad y la dedicaci\u00f3n de las estudiantes y su docente, quienes representaron con excelencia a la instituci\u00f3n, al cant\u00f3n de Yantzaza y a la provincia en un evento de gran relevancia cient\u00edfica.<\/p>\n<p>La comunidad educativa de la Unidad Educativa Primero de Mayo, junto con los docentes, padres de familia y ciudadan\u00eda en general, extiende sus felicitaciones al equipo por este destacado logro que resalta el potencial acad\u00e9mico y t\u00e9cnico de la juventud yantzacense.<\/p>\n<p>El logro de Fernanda Chamba y Silvana Arizaga es un ejemplo de compromiso y superaci\u00f3n, y reafirma el rol de la educaci\u00f3n t\u00e9cnica en el desarrollo local. Este reconocimiento es un <strong>orgullo para toda la comunidad educativa<\/strong> y una motivaci\u00f3n para continuar fomentando la excelencia en la formaci\u00f3n estudiantil.<\/p>\n","protected":false},"excerpt":{"rendered":"<p>El pasado viernes 29 de noviembre de 2024, la Unidad Educativa Primero de Mayo celebr\u00f3 un importante logro acad\u00e9mico y cient\u00edfico. Un equipo conformado por las estudiantes Fernanda Chamba y Silvana Arizaga, del \u00e1rea T\u00e9cnica en Producci\u00f3n Agropecuaria, liderado por su docente, el Mag\u00edster Edgar Jim\u00e9nez, obtuvo el segundo lugar en la III Feria de Ciencia y Tecnolog\u00eda, realizada en la ciudad de Santa Rosa. Este reconocimiento evidencia el esfuerzo, la creatividad y la dedicaci\u00f3n de las estudiantes y su docente, quienes representaron con excelencia a la instituci\u00f3n, al cant\u00f3n de Yantzaza y a la provincia en un evento de gran relevancia cient\u00edfica. La comunidad educativa de la Unidad Educativa Primero de Mayo, junto con los docentes, padres de familia y ciudadan\u00eda en general, extiende sus felicitaciones al equipo por este destacado logro que resalta el potencial acad\u00e9mico y t\u00e9cnico de la juventud yantzacense. El logro de Fernanda Chamba y Silvana Arizaga es un ejemplo de compromiso y superaci\u00f3n, y reafirma el rol de la educaci\u00f3n t\u00e9cnica en el desarrollo local. Este reconocimiento es un orgullo para toda la comunidad educativa y una motivaci\u00f3n para continuar fomentando la excelencia en la formaci\u00f3n estudiantil.<\/p>\n","protected":false},"author":1,"featured_media":20395,"comment_status":"open","ping_status":"open","sticky":false,"template":"","format":"standard","meta":{"footnotes":""},"categories":[243],"tags":[],"class_list":["post-20394","post","type-post","status-publish","format-standard","has-post-thumbnail","hentry","category-noticias-zamora"],"_links":{"self":[{"href":"https:\/\/www.elamazonico.com\/portal\/wp-json\/wp\/v2\/posts\/20394","targetHints":{"allow":["GET"]}}],"collection":[{"href":"https:\/\/www.elamazonico.com\/portal\/wp-json\/wp\/v2\/posts"}],"about":[{"href":"https:\/\/www.elamazonico.com\/portal\/wp-json\/wp\/v2\/types\/post"}],"author":[{"embeddable":true,"href":"https:\/\/www.elamazonico.com\/portal\/wp-json\/wp\/v2\/users\/1"}],"replies":[{"embeddable":true,"href":"https:\/\/www.elamazonico.com\/portal\/wp-json\/wp\/v2\/comments?post=20394"}],"version-history":[{"count":1,"href":"https:\/\/www.elamazonico.com\/portal\/wp-json\/wp\/v2\/posts\/20394\/revisions"}],"predecessor-version":[{"id":20396,"href":"https:\/\/www.elamazonico.com\/portal\/wp-json\/wp\/v2\/posts\/20394\/revisions\/20396"}],"wp:featuredmedia":[{"embeddable":true,"href":"https:\/\/www.elamazonico.com\/portal\/wp-json\/wp\/v2\/media\/20395"}],"wp:attachment":[{"href":"https:\/\/www.elamazonico.com\/portal\/wp-json\/wp\/v2\/media?parent=20394"}],"wp:term":[{"taxonomy":"category","embeddable":true,"href":"https:\/\/www.elamazonico.com\/portal\/wp-json\/wp\/v2\/categories?post=20394"},{"taxonomy":"post_tag","embeddable":true,"href":"https:\/\/www.elamazonico.com\/portal\/wp-json\/wp\/v2\/tags?post=20394"}],"curies":[{"name":"wp","href":"https:\/\/api.w.org\/{rel}","templated":true}]}}