{"id":20314,"date":"2024-11-26T10:05:56","date_gmt":"2024-11-26T15:05:56","guid":{"rendered":"https:\/\/www.elamazonico.com\/portal\/?p=20314"},"modified":"2024-11-26T10:05:56","modified_gmt":"2024-11-26T15:05:56","slug":"prefectura-es-parte-activa-en-la-semana-de-erradicacion-de-la-violencia-contra-la-mujer","status":"publish","type":"post","link":"https:\/\/www.elamazonico.com\/portal\/prefectura-es-parte-activa-en-la-semana-de-erradicacion-de-la-violencia-contra-la-mujer\/","title":{"rendered":"Prefectura es parte activa en la semana de erradicaci\u00f3n de la violencia contra la mujer"},"content":{"rendered":"<p><span lang=\"ES\">El 25 de noviembre, se conmemora el\u00a0<b>\u00abD\u00eda Internacional para la Eliminaci\u00f3n de la Violencia contra la Mujer\u00bb<\/b>, fecha que invita a una profunda reflexi\u00f3n colectiva. Su principal eje es fomentar la acci\u00f3n conjunta entre el Estado y la sociedad para erradicar las vulnerabilidades a los derechos de las mujeres, promoviendo un compromiso activo en la construcci\u00f3n de una sociedad m\u00e1s justa y equitativa.<\/span><\/p>\n<p><span lang=\"ES\">En ese sentido, la prefectura de Zamora Chinchipe, la Defensor\u00eda del Pueblo, como Instituci\u00f3n Nacional de Derechos Humanos, entre otras entidades del estado y organizaciones de la sociedad se adhiere a esta campa\u00f1a por el cambio con diferentes actividades, promoviendo mensajes alusivos a la protecci\u00f3n de derechos de las mujeres y a la no violencia de g\u00e9nero.<\/span><\/p>\n<p><span lang=\"ES\">En el sal\u00f3n de la provincia, V\u00edctor Manuel Rodr\u00edguez Pe\u00f1arreta, se desarroll\u00f3 el concurso de obras de teatro con la tem\u00e1tica<b>: \u00abPor una vida libre de violencia\u00bb<\/b>. Donde participaron ni\u00f1as y ni\u00f1os de las Unidades Educativas del cant\u00f3n Zamora: U.E. R\u00edo Zamora (Cumbaratza); U.E. V\u00edctor Manuel Pe\u00f1aherrera (San Carlos de las Minas); Escuela de E.B. Bracamoros (Tunantza); U.E.F. La Inmaculada; Escuela Eloy Alfaro; y U.E. 12 de febrero (Zamora).<\/span><\/p>\n<p><span lang=\"ES\">La Prefectura de Zamora Chinchipe entreg\u00f3 incentivos econ\u00f3micos a las unidades educativas que alcancen los tres primeros lugares: La U.E. R\u00edo Zamora, con la obra\u00a0<b>\u201cUna vida libre y segura\u201d<\/b>\u00a0obtuvo el primer lugar\u00a0<b>USD 400,00<\/b>; La Inmaculada, presente con la obra\u00a0<b>\u201cNo m\u00e1s violencia, todos somos libres\u201d<\/b>\u00a0obtuvo el segundo lugar\u00a0<b>USD 300,00<\/b>\u00a0y la Escuela de Unidad B\u00e1sica Bracamoros con la obra\u00a0<b>\u201cLibres y fuertes por una vida sin violencia\u201d<\/b>\u00a0obtuvo el tercer lugar\u00a0<b>USD 200,00<\/b>. Adem\u00e1s, se concedi\u00f3\u00a0<b>USD 50,00<\/b>\u00a0a las unidades educativas por su participaci\u00f3n.<\/span><\/p>\n<p><span lang=\"ES\">Durante el desarrollo del concurso, Mar\u00eda Del Carmen G\u00e1lvez resalt\u00f3,\u00a0<b>\u201cla educaci\u00f3n es la vacuna contra la violencia. Es por eso, que decimos NO contra la violencia, expres\u00e1ndolo con arte, m\u00fasica para ir sembrando valores desde la ni\u00f1ez\u201d.<\/b><\/span><\/p>\n<p><span lang=\"ES\">Por su parte, la prefecta Karla Re\u00e1tegui destac\u00f3 la importancia de sumarse a este activismo de las organizaciones sociales que nace de mujeres empoderadas,\u00a0<b>\u201cestamos trabajando en proyectos que garanticen la atenci\u00f3n de quienes m\u00e1s lo necesitan. El pr\u00f3ximo a\u00f1o, la prefectura contar\u00e1 con un centro violeta donde habr\u00e1 apoyo legal y psicol\u00f3gico para la atenci\u00f3n de v\u00edctimas de violencia\u201d,\u00a0<\/b>explic\u00f3.<\/span><\/p>\n<p><span lang=\"ES\">Es as\u00ed como, el GAD Provincial de Zamora Chinchipe impulsa espacios que contribuyan a su protecci\u00f3n al trato igualitario entre mujeres y hombres.<\/span><\/p>\n","protected":false},"excerpt":{"rendered":"<p>El 25 de noviembre, se conmemora el\u00a0\u00abD\u00eda Internacional para la Eliminaci\u00f3n de la Violencia contra la Mujer\u00bb, fecha que invita a una profunda reflexi\u00f3n colectiva. Su principal eje es fomentar la acci\u00f3n conjunta entre el Estado y la sociedad para erradicar las vulnerabilidades a los derechos de las mujeres, promoviendo un compromiso activo en la construcci\u00f3n de una sociedad m\u00e1s justa y equitativa. En ese sentido, la prefectura de Zamora Chinchipe, la Defensor\u00eda del Pueblo, como Instituci\u00f3n Nacional de Derechos Humanos, entre otras entidades del estado y organizaciones de la sociedad se adhiere a esta campa\u00f1a por el cambio con diferentes actividades, promoviendo mensajes alusivos a la protecci\u00f3n de derechos de las mujeres y a la no violencia de g\u00e9nero. En el sal\u00f3n de la provincia, V\u00edctor Manuel Rodr\u00edguez Pe\u00f1arreta, se desarroll\u00f3 el concurso de obras de teatro con la tem\u00e1tica: \u00abPor una vida libre de violencia\u00bb. Donde participaron ni\u00f1as y ni\u00f1os de las Unidades Educativas del cant\u00f3n Zamora: U.E. R\u00edo Zamora (Cumbaratza); U.E. V\u00edctor Manuel Pe\u00f1aherrera (San Carlos de las Minas); Escuela de E.B. Bracamoros (Tunantza); U.E.F. La Inmaculada; Escuela Eloy Alfaro; y U.E. 12 de febrero (Zamora). La Prefectura de Zamora Chinchipe entreg\u00f3 incentivos econ\u00f3micos a las unidades educativas que alcancen los tres primeros lugares: La U.E. R\u00edo Zamora, con la obra\u00a0\u201cUna vida libre y segura\u201d\u00a0obtuvo el primer lugar\u00a0USD 400,00; La Inmaculada, presente con la obra\u00a0\u201cNo m\u00e1s violencia, todos somos libres\u201d\u00a0obtuvo el segundo lugar\u00a0USD 300,00\u00a0y la Escuela de Unidad B\u00e1sica Bracamoros con la obra\u00a0\u201cLibres y fuertes por una vida sin violencia\u201d\u00a0obtuvo el tercer lugar\u00a0USD 200,00. Adem\u00e1s, se concedi\u00f3\u00a0USD 50,00\u00a0a las unidades educativas por su participaci\u00f3n. Durante el desarrollo del concurso, Mar\u00eda Del Carmen G\u00e1lvez resalt\u00f3,\u00a0\u201cla educaci\u00f3n es la vacuna contra la violencia. Es por eso, que decimos NO contra la violencia, expres\u00e1ndolo con arte, m\u00fasica para ir sembrando valores desde la ni\u00f1ez\u201d. Por su parte, la prefecta Karla Re\u00e1tegui destac\u00f3 la importancia de sumarse a este activismo de las organizaciones sociales que nace de mujeres empoderadas,\u00a0\u201cestamos trabajando en proyectos que garanticen la atenci\u00f3n de quienes m\u00e1s lo necesitan. El pr\u00f3ximo a\u00f1o, la prefectura contar\u00e1 con un centro violeta donde habr\u00e1 apoyo legal y psicol\u00f3gico para la atenci\u00f3n de v\u00edctimas de violencia\u201d,\u00a0explic\u00f3. Es as\u00ed como, el GAD Provincial de Zamora Chinchipe impulsa espacios que contribuyan a su protecci\u00f3n al trato igualitario entre mujeres y hombres.<\/p>\n","protected":false},"author":1,"featured_media":20315,"comment_status":"open","ping_status":"open","sticky":false,"template":"","format":"standard","meta":{"footnotes":""},"categories":[243],"tags":[],"class_list":["post-20314","post","type-post","status-publish","format-standard","has-post-thumbnail","hentry","category-noticias-zamora"],"_links":{"self":[{"href":"https:\/\/www.elamazonico.com\/portal\/wp-json\/wp\/v2\/posts\/20314","targetHints":{"allow":["GET"]}}],"collection":[{"href":"https:\/\/www.elamazonico.com\/portal\/wp-json\/wp\/v2\/posts"}],"about":[{"href":"https:\/\/www.elamazonico.com\/portal\/wp-json\/wp\/v2\/types\/post"}],"author":[{"embeddable":true,"href":"https:\/\/www.elamazonico.com\/portal\/wp-json\/wp\/v2\/users\/1"}],"replies":[{"embeddable":true,"href":"https:\/\/www.elamazonico.com\/portal\/wp-json\/wp\/v2\/comments?post=20314"}],"version-history":[{"count":1,"href":"https:\/\/www.elamazonico.com\/portal\/wp-json\/wp\/v2\/posts\/20314\/revisions"}],"predecessor-version":[{"id":20316,"href":"https:\/\/www.elamazonico.com\/portal\/wp-json\/wp\/v2\/posts\/20314\/revisions\/20316"}],"wp:featuredmedia":[{"embeddable":true,"href":"https:\/\/www.elamazonico.com\/portal\/wp-json\/wp\/v2\/media\/20315"}],"wp:attachment":[{"href":"https:\/\/www.elamazonico.com\/portal\/wp-json\/wp\/v2\/media?parent=20314"}],"wp:term":[{"taxonomy":"category","embeddable":true,"href":"https:\/\/www.elamazonico.com\/portal\/wp-json\/wp\/v2\/categories?post=20314"},{"taxonomy":"post_tag","embeddable":true,"href":"https:\/\/www.elamazonico.com\/portal\/wp-json\/wp\/v2\/tags?post=20314"}],"curies":[{"name":"wp","href":"https:\/\/api.w.org\/{rel}","templated":true}]}}