{"id":20308,"date":"2024-11-26T09:07:37","date_gmt":"2024-11-26T14:07:37","guid":{"rendered":"https:\/\/www.elamazonico.com\/portal\/?p=20308"},"modified":"2024-11-26T09:07:37","modified_gmt":"2024-11-26T14:07:37","slug":"yantzaza-le-dice-no-a-la-violencia-contra-la-mujer-2","status":"publish","type":"post","link":"https:\/\/www.elamazonico.com\/portal\/yantzaza-le-dice-no-a-la-violencia-contra-la-mujer-2\/","title":{"rendered":"Yantzaza le dice no a la Violencia Contra la Mujer"},"content":{"rendered":"<p>En conmemoraci\u00f3n del D\u00eda Internacional de la Eliminaci\u00f3n de la Violencia Contra la Mujer, Yantzaza se moviliz\u00f3 con una marcha que reuni\u00f3 a las principales autoridades del cant\u00f3n, estudiantes, instituciones p\u00fablicas y gremios comprometidos con la defensa de los derechos de las mujeres, para levantar la voz y crear conciencia sobre la importancia de erradicar todas las formas de violencia de g\u00e9nero.<\/p>\n<p>Esta movilizaci\u00f3n comenz\u00f3 en los exteriores del Colegio Primero de Mayo y recorri\u00f3 las principales calles de la ciudad, culminando en el Parque Central, lugar donde las diferentes instituciones se hicieron presente con stands informativos para la ciudadan\u00eda; adem\u00e1s, se compartieron testimonios y mensajes alusivos a la fecha.<\/p>\n<p>Mar\u00eda Lalangui, alcaldesa de Yantzaza, expres\u00f3 su apoyo incondicional a esta causa \u201cHoy nos unimos para levantar nuestras voces en contra de la violencia que sufren tantas mujeres en nuestro pa\u00eds y en el mundo. Es fundamental que no solo hablemos de este problema, sino que tambi\u00e9n tomemos medidas efectivas para garantizar un entorno seguro y justo para todos\u201d.<\/p>\n<p>Este evento es un espacio de reivindicaci\u00f3n que sirve como plataforma para informar a la poblaci\u00f3n sobre lo recursos disponibles para las v\u00edctimas de violencia, incluyendo l\u00edneas de ayuda y servicios de apoyo de las diferentes instituciones.<\/p>\n<p>Si eres v\u00edctima de abusos puedes contactarte al n\u00famero 0978995784 de la Junta Cantonal de Protecci\u00f3n de Derechos del GAD Yantzaza.<\/p>\n","protected":false},"excerpt":{"rendered":"<p>En conmemoraci\u00f3n del D\u00eda Internacional de la Eliminaci\u00f3n de la Violencia Contra la Mujer, Yantzaza se moviliz\u00f3 con una marcha que reuni\u00f3 a las principales autoridades del cant\u00f3n, estudiantes, instituciones p\u00fablicas y gremios comprometidos con la defensa de los derechos de las mujeres, para levantar la voz y crear conciencia sobre la importancia de erradicar todas las formas de violencia de g\u00e9nero. Esta movilizaci\u00f3n comenz\u00f3 en los exteriores del Colegio Primero de Mayo y recorri\u00f3 las principales calles de la ciudad, culminando en el Parque Central, lugar donde las diferentes instituciones se hicieron presente con stands informativos para la ciudadan\u00eda; adem\u00e1s, se compartieron testimonios y mensajes alusivos a la fecha. Mar\u00eda Lalangui, alcaldesa de Yantzaza, expres\u00f3 su apoyo incondicional a esta causa \u201cHoy nos unimos para levantar nuestras voces en contra de la violencia que sufren tantas mujeres en nuestro pa\u00eds y en el mundo. Es fundamental que no solo hablemos de este problema, sino que tambi\u00e9n tomemos medidas efectivas para garantizar un entorno seguro y justo para todos\u201d. Este evento es un espacio de reivindicaci\u00f3n que sirve como plataforma para informar a la poblaci\u00f3n sobre lo recursos disponibles para las v\u00edctimas de violencia, incluyendo l\u00edneas de ayuda y servicios de apoyo de las diferentes instituciones. Si eres v\u00edctima de abusos puedes contactarte al n\u00famero 0978995784 de la Junta Cantonal de Protecci\u00f3n de Derechos del GAD Yantzaza.<\/p>\n","protected":false},"author":1,"featured_media":20309,"comment_status":"open","ping_status":"open","sticky":false,"template":"","format":"standard","meta":{"footnotes":""},"categories":[243],"tags":[],"class_list":["post-20308","post","type-post","status-publish","format-standard","has-post-thumbnail","hentry","category-noticias-zamora"],"_links":{"self":[{"href":"https:\/\/www.elamazonico.com\/portal\/wp-json\/wp\/v2\/posts\/20308","targetHints":{"allow":["GET"]}}],"collection":[{"href":"https:\/\/www.elamazonico.com\/portal\/wp-json\/wp\/v2\/posts"}],"about":[{"href":"https:\/\/www.elamazonico.com\/portal\/wp-json\/wp\/v2\/types\/post"}],"author":[{"embeddable":true,"href":"https:\/\/www.elamazonico.com\/portal\/wp-json\/wp\/v2\/users\/1"}],"replies":[{"embeddable":true,"href":"https:\/\/www.elamazonico.com\/portal\/wp-json\/wp\/v2\/comments?post=20308"}],"version-history":[{"count":1,"href":"https:\/\/www.elamazonico.com\/portal\/wp-json\/wp\/v2\/posts\/20308\/revisions"}],"predecessor-version":[{"id":20310,"href":"https:\/\/www.elamazonico.com\/portal\/wp-json\/wp\/v2\/posts\/20308\/revisions\/20310"}],"wp:featuredmedia":[{"embeddable":true,"href":"https:\/\/www.elamazonico.com\/portal\/wp-json\/wp\/v2\/media\/20309"}],"wp:attachment":[{"href":"https:\/\/www.elamazonico.com\/portal\/wp-json\/wp\/v2\/media?parent=20308"}],"wp:term":[{"taxonomy":"category","embeddable":true,"href":"https:\/\/www.elamazonico.com\/portal\/wp-json\/wp\/v2\/categories?post=20308"},{"taxonomy":"post_tag","embeddable":true,"href":"https:\/\/www.elamazonico.com\/portal\/wp-json\/wp\/v2\/tags?post=20308"}],"curies":[{"name":"wp","href":"https:\/\/api.w.org\/{rel}","templated":true}]}}