{"id":20295,"date":"2024-11-26T04:01:03","date_gmt":"2024-11-26T09:01:03","guid":{"rendered":"https:\/\/www.elamazonico.com\/portal\/?p=20295"},"modified":"2024-11-26T06:15:30","modified_gmt":"2024-11-26T11:15:30","slug":"el-consejo-cantonal-de-proteccion-de-derechos-de-yantzaza-refuerza-su-compromiso-con-la-igualdad-y-la-no-violencia","status":"publish","type":"post","link":"https:\/\/www.elamazonico.com\/portal\/el-consejo-cantonal-de-proteccion-de-derechos-de-yantzaza-refuerza-su-compromiso-con-la-igualdad-y-la-no-violencia\/","title":{"rendered":"El Consejo Cantonal de Protecci\u00f3n de Derechos de Yantzaza refuerza su compromiso con la igualdad y la no violencia"},"content":{"rendered":"<p>Yantzaza.- El Consejo Cantonal de Protecci\u00f3n de Derechos (CCPD) de Yantzaza, organismo fundamental para la formulaci\u00f3n, implementaci\u00f3n y promoci\u00f3n de pol\u00edticas p\u00fablicas orientadas a los grupos m\u00e1s vulnerables del cant\u00f3n, lider\u00f3 la conmemoraci\u00f3n del D\u00eda Internacional de la Eliminaci\u00f3n de la Violencia contra la Mujer, destacando su firme compromiso con la protecci\u00f3n de derechos y la erradicaci\u00f3n de la violencia de g\u00e9nero.<\/p>\n<p>En cumplimiento de su misi\u00f3n de garantizar los derechos humanos en armon\u00eda con las pol\u00edticas municipales y los instrumentos internacionales, el CCPD organiz\u00f3 una jornada de actividades orientadas a sensibilizar y concienciar a la ciudadan\u00eda. Entre estas actividades, se inaugur\u00f3 un mural conmemorativo como s\u00edmbolo del compromiso colectivo hacia un futuro libre de violencia. Asimismo, se realiz\u00f3 la caminata \u00abConstruyamos un Yantzaza sin violencia\u00bb, que reuni\u00f3 a representantes de diversas instituciones, organizaciones comunitarias y ciudadan\u00eda en general en un llamado conjunto a la igualdad y el respeto.<\/p>\n<p>La jornada incluy\u00f3 adem\u00e1s actividades complementarias enfocadas en fomentar la reflexi\u00f3n y la acci\u00f3n comunitaria en pro de la no violencia, fortaleciendo el tejido social y promoviendo valores de convivencia pac\u00edfica y equidad.<\/p>\n<p>El Consejo Cantonal de Protecci\u00f3n de Derechos reafirma su compromiso de trabajar incansablemente en la construcci\u00f3n de un Yantzaza inclusivo y seguro, consolidando su rol como garante de los derechos de las personas en situaci\u00f3n de vulnerabilidad y como promotor de una cultura de respeto y justicia para todos.<\/p>\n","protected":false},"excerpt":{"rendered":"<p>Yantzaza.- El Consejo Cantonal de Protecci\u00f3n de Derechos (CCPD) de Yantzaza, organismo fundamental para la formulaci\u00f3n, implementaci\u00f3n y promoci\u00f3n de pol\u00edticas p\u00fablicas orientadas a los grupos m\u00e1s vulnerables del cant\u00f3n, lider\u00f3 la conmemoraci\u00f3n del D\u00eda Internacional de la Eliminaci\u00f3n de la Violencia contra la Mujer, destacando su firme compromiso con la protecci\u00f3n de derechos y la erradicaci\u00f3n de la violencia de g\u00e9nero. En cumplimiento de su misi\u00f3n de garantizar los derechos humanos en armon\u00eda con las pol\u00edticas municipales y los instrumentos internacionales, el CCPD organiz\u00f3 una jornada de actividades orientadas a sensibilizar y concienciar a la ciudadan\u00eda. Entre estas actividades, se inaugur\u00f3 un mural conmemorativo como s\u00edmbolo del compromiso colectivo hacia un futuro libre de violencia. Asimismo, se realiz\u00f3 la caminata \u00abConstruyamos un Yantzaza sin violencia\u00bb, que reuni\u00f3 a representantes de diversas instituciones, organizaciones comunitarias y ciudadan\u00eda en general en un llamado conjunto a la igualdad y el respeto. La jornada incluy\u00f3 adem\u00e1s actividades complementarias enfocadas en fomentar la reflexi\u00f3n y la acci\u00f3n comunitaria en pro de la no violencia, fortaleciendo el tejido social y promoviendo valores de convivencia pac\u00edfica y equidad. El Consejo Cantonal de Protecci\u00f3n de Derechos reafirma su compromiso de trabajar incansablemente en la construcci\u00f3n de un Yantzaza inclusivo y seguro, consolidando su rol como garante de los derechos de las personas en situaci\u00f3n de vulnerabilidad y como promotor de una cultura de respeto y justicia para todos.<\/p>\n","protected":false},"author":1,"featured_media":20296,"comment_status":"open","ping_status":"open","sticky":false,"template":"","format":"standard","meta":{"footnotes":""},"categories":[243],"tags":[],"class_list":["post-20295","post","type-post","status-publish","format-standard","has-post-thumbnail","hentry","category-noticias-zamora"],"_links":{"self":[{"href":"https:\/\/www.elamazonico.com\/portal\/wp-json\/wp\/v2\/posts\/20295","targetHints":{"allow":["GET"]}}],"collection":[{"href":"https:\/\/www.elamazonico.com\/portal\/wp-json\/wp\/v2\/posts"}],"about":[{"href":"https:\/\/www.elamazonico.com\/portal\/wp-json\/wp\/v2\/types\/post"}],"author":[{"embeddable":true,"href":"https:\/\/www.elamazonico.com\/portal\/wp-json\/wp\/v2\/users\/1"}],"replies":[{"embeddable":true,"href":"https:\/\/www.elamazonico.com\/portal\/wp-json\/wp\/v2\/comments?post=20295"}],"version-history":[{"count":1,"href":"https:\/\/www.elamazonico.com\/portal\/wp-json\/wp\/v2\/posts\/20295\/revisions"}],"predecessor-version":[{"id":20297,"href":"https:\/\/www.elamazonico.com\/portal\/wp-json\/wp\/v2\/posts\/20295\/revisions\/20297"}],"wp:featuredmedia":[{"embeddable":true,"href":"https:\/\/www.elamazonico.com\/portal\/wp-json\/wp\/v2\/media\/20296"}],"wp:attachment":[{"href":"https:\/\/www.elamazonico.com\/portal\/wp-json\/wp\/v2\/media?parent=20295"}],"wp:term":[{"taxonomy":"category","embeddable":true,"href":"https:\/\/www.elamazonico.com\/portal\/wp-json\/wp\/v2\/categories?post=20295"},{"taxonomy":"post_tag","embeddable":true,"href":"https:\/\/www.elamazonico.com\/portal\/wp-json\/wp\/v2\/tags?post=20295"}],"curies":[{"name":"wp","href":"https:\/\/api.w.org\/{rel}","templated":true}]}}